{"id":44582,"date":"2024-11-06T23:15:54","date_gmt":"2024-11-06T23:15:54","guid":{"rendered":"https:\/\/armstrongyregion.com.ar\/diario\/?p=44582"},"modified":"2024-11-06T23:15:56","modified_gmt":"2024-11-06T23:15:56","slug":"el-concejo-deliberante-de-armstrong-homenajeo-a-las-tres-mujeres-que-por-primera-vez-formaran-parte-del-cuerpo-de-bomberos-voluntarios","status":"publish","type":"post","link":"https:\/\/armstrongyregion.com.ar\/diario\/el-concejo-deliberante-de-armstrong-homenajeo-a-las-tres-mujeres-que-por-primera-vez-formaran-parte-del-cuerpo-de-bomberos-voluntarios\/","title":{"rendered":"El Concejo Deliberante de Armstrong homenajeo a las tres mujeres que por primera vez formar\u00e1n parte del Cuerpo de Bomberos Voluntarios."},"content":{"rendered":"\n<figure class=\"wp-block-image size-full\"><a href=\"http:\/\/armstrongyregion.com.ar\/diario\/wp-content\/uploads\/2024\/11\/Bomberas-Concejo-.jpg\"><img loading=\"lazy\" decoding=\"async\" width=\"800\" height=\"600\" src=\"http:\/\/armstrongyregion.com.ar\/diario\/wp-content\/uploads\/2024\/11\/Bomberas-Concejo-.jpg\" alt=\"\" class=\"wp-image-44583\" srcset=\"https:\/\/armstrongyregion.com.ar\/diario\/wp-content\/uploads\/2024\/11\/Bomberas-Concejo-.jpg 800w, https:\/\/armstrongyregion.com.ar\/diario\/wp-content\/uploads\/2024\/11\/Bomberas-Concejo--300x225.jpg 300w, https:\/\/armstrongyregion.com.ar\/diario\/wp-content\/uploads\/2024\/11\/Bomberas-Concejo--768x576.jpg 768w\" sizes=\"auto, (max-width: 800px) 100vw, 800px\" \/><\/a><\/figure>\n\n\n\n<p>En la noche del martes 5 de noviembre, el concejo deliberante de nuestra ciudad brind\u00f3 un reconocimiento en el recinto a las tres bomberas voluntarias que por primera vez en 50 a\u00f1os integrar\u00e1n el cuerpo activo. Ellas son: \u00a0Bel\u00e9n Vinevicius, Camila Santoni y Milagros Tiberi.<\/p>\n\n\n\n<p>La autora de la minuta de comunicaci\u00f3n fue la concejal Luz Marina Fischer, quien en di\u00e1logo con los medios locales expresaba: \u00abHoy se aprob\u00f3 mi proyecto de declaraci\u00f3n y todos los Concejales reconocimos a las 3 j\u00f3venes mujeres que finalizaron el ciclo lectivo de aspirantes a Bomberas y desde el 1\u00b0 de enero del 2025, formar\u00e1n parte del cuerpo activo del cuartel de Bomberos Voluntarios de Armstrong. Hecho hist\u00f3rico, que como mujer y armstronense me enorgullece enormemente, ya que en los 50 a\u00f1os que tiene la instituci\u00f3n, los bomberos siempre fueron varones\u00bb.<\/p>\n\n\n\n<p>Luego a\u00f1adi\u00f3: \u00abHoy se abre un nuevo cap\u00edtulo, y se abre un nuevo camino para todas aquellas mujeres que sienten que tambi\u00e9n pueden hacerlo. Mis felicitaciones para las chicas y les agradezco por venir y compartir con nosotros su experiencia en este nuevo y gran desaf\u00edo\u00bb. <\/p>\n\n\n\n<p><\/p>\n","protected":false},"excerpt":{"rendered":"<p>El Concejo Deliberante de Armstrong homenajeo a las tres mujeres que por primera vez formar\u00e1n parte del Cuerpo de Bomberos Voluntarios.<\/p>\n","protected":false},"author":1,"featured_media":44583,"comment_status":"open","ping_status":"open","sticky":false,"template":"","format":"image","meta":{"_jetpack_memberships_contains_paid_content":false,"footnotes":"","jetpack_publicize_message":"","jetpack_publicize_feature_enabled":true,"jetpack_social_post_already_shared":true,"jetpack_social_options":{"image_generator_settings":{"template":"highway","default_image_id":0,"enabled":false},"version":2}},"categories":[6,8,1,2819,2,7,3],"tags":[20,352,9934,5030,8777,9146,8645,353],"class_list":["post-44582","post","type-post","status-publish","format-image","has-post-thumbnail","hentry","category-cultura-entretenimiento","category-deliberando","category-diario-armstrong","category-el-pais","category-locales","category-politica","category-region","tag-armstrong","tag-bomberos","tag-concejo-deliberante","tag-diario-armstrong","tag-lic-graciela-de-la-casa","tag-mujeres-2","tag-tres-2","tag-voluntarios","post_format-post-format-image"],"jetpack_publicize_connections":[],"jetpack_featured_media_url":"https:\/\/armstrongyregion.com.ar\/diario\/wp-content\/uploads\/2024\/11\/Bomberas-Concejo-.jpg","jetpack_shortlink":"https:\/\/wp.me\/p62QDO-bB4","jetpack_sharing_enabled":true,"amp_enabled":true,"_links":{"self":[{"href":"https:\/\/armstrongyregion.com.ar\/diario\/wp-json\/wp\/v2\/posts\/44582","targetHints":{"allow":["GET"]}}],"collection":[{"href":"https:\/\/armstrongyregion.com.ar\/diario\/wp-json\/wp\/v2\/posts"}],"about":[{"href":"https:\/\/armstrongyregion.com.ar\/diario\/wp-json\/wp\/v2\/types\/post"}],"author":[{"embeddable":true,"href":"https:\/\/armstrongyregion.com.ar\/diario\/wp-json\/wp\/v2\/users\/1"}],"replies":[{"embeddable":true,"href":"https:\/\/armstrongyregion.com.ar\/diario\/wp-json\/wp\/v2\/comments?post=44582"}],"version-history":[{"count":1,"href":"https:\/\/armstrongyregion.com.ar\/diario\/wp-json\/wp\/v2\/posts\/44582\/revisions"}],"predecessor-version":[{"id":44585,"href":"https:\/\/armstrongyregion.com.ar\/diario\/wp-json\/wp\/v2\/posts\/44582\/revisions\/44585"}],"wp:featuredmedia":[{"embeddable":true,"href":"https:\/\/armstrongyregion.com.ar\/diario\/wp-json\/wp\/v2\/media\/44583"}],"wp:attachment":[{"href":"https:\/\/armstrongyregion.com.ar\/diario\/wp-json\/wp\/v2\/media?parent=44582"}],"wp:term":[{"taxonomy":"category","embeddable":true,"href":"https:\/\/armstrongyregion.com.ar\/diario\/wp-json\/wp\/v2\/categories?post=44582"},{"taxonomy":"post_tag","embeddable":true,"href":"https:\/\/armstrongyregion.com.ar\/diario\/wp-json\/wp\/v2\/tags?post=44582"}],"curies":[{"name":"wp","href":"https:\/\/api.w.org\/{rel}","templated":true}]}}