{"id":44579,"date":"2024-11-06T19:26:36","date_gmt":"2024-11-06T19:26:36","guid":{"rendered":"https:\/\/armstrongyregion.com.ar\/diario\/?p=44579"},"modified":"2024-11-06T19:26:38","modified_gmt":"2024-11-06T19:26:38","slug":"inscripciones-abiertas-en-el-conservatorio-municipal-de-musica-2025","status":"publish","type":"post","link":"https:\/\/armstrongyregion.com.ar\/diario\/inscripciones-abiertas-en-el-conservatorio-municipal-de-musica-2025\/","title":{"rendered":"Inscripciones abiertas en el Conservatorio Municipal de M\u00fasica 2025."},"content":{"rendered":"\n<figure class=\"wp-block-image size-full\"><a href=\"http:\/\/armstrongyregion.com.ar\/diario\/wp-content\/uploads\/2024\/11\/INSCRIPCIONES-CONSERVATORIO-6-11-24-.jpg\"><img loading=\"lazy\" decoding=\"async\" width=\"640\" height=\"640\" src=\"http:\/\/armstrongyregion.com.ar\/diario\/wp-content\/uploads\/2024\/11\/INSCRIPCIONES-CONSERVATORIO-6-11-24-.jpg\" alt=\"\" class=\"wp-image-44580\" srcset=\"https:\/\/armstrongyregion.com.ar\/diario\/wp-content\/uploads\/2024\/11\/INSCRIPCIONES-CONSERVATORIO-6-11-24-.jpg 640w, https:\/\/armstrongyregion.com.ar\/diario\/wp-content\/uploads\/2024\/11\/INSCRIPCIONES-CONSERVATORIO-6-11-24--300x300.jpg 300w, https:\/\/armstrongyregion.com.ar\/diario\/wp-content\/uploads\/2024\/11\/INSCRIPCIONES-CONSERVATORIO-6-11-24--150x150.jpg 150w\" sizes=\"auto, (max-width: 640px) 100vw, 640px\" \/><\/a><\/figure>\n\n\n\n<p>El Conservatorio Municipal de M\u00fasica invita a ni\u00f1os, j\u00f3venes y adultos a formar parte del mismo,<br>para conocer y aprender m\u00fasica disfrutando, en sus cinco elencos estables y una propuesta<br>acad\u00e9mica muy variada, para el ciclo 2025.<br>Podr\u00e1n sumarse a las c\u00e1tedras de: Acorde\u00f3n, Piano, Bater\u00eda y Percusi\u00f3n, Guitarra Cl\u00e1sica, Bajo y<br>Guitarra El\u00e9ctrica, Viol\u00edn, Violonchelo, Clarinete, Flauta Traversa, Saxof\u00f3n, Trompeta, Tromb\u00f3n,<br>Taller de Iniciaci\u00f3n musical (desde los 4 a\u00f1os de edad) y Taller Vocal (para los integrantes del Coro<br>de Adultos)<br>Asimismo, est\u00e1n abiertas las inscripciones para integrar los elencos estables: Banda Infanto Juvenil,<br>Coro de Ni\u00f1os, Coro de Adultos, Ensamble de Vientos y Ensamble Folcl\u00f3rico.<br>Este proyecto educativo cultural se inici\u00f3 en el a\u00f1o 2013, y crece constantemente en cuanto a las<br>propuestas que ofrece y cantidad de personas que se acercan y se suman.<br>Para informes e inscripci\u00f3n dirigirse a la Secretar\u00eda del Conservatorio, por WhatsApp al 3471-579905<br>\u00f3 por email escribir a conservatorio.armstrong@gmail.com, desde el 11 al 30 de noviembre de 2024.<\/p>\n","protected":false},"excerpt":{"rendered":"<p>El Conservatorio Municipal de M\u00fasica invita a ni\u00f1os, j\u00f3venes y adultos a formar parte del mismo,para conocer y aprender m\u00fasica disfrutando, en sus cinco elencos estables y una propuestaacad\u00e9mica muy variada, para el ciclo 2025.Podr\u00e1n sumarse a las c\u00e1tedras de: Acorde\u00f3n, Piano, Bater\u00eda y Percusi\u00f3n, Guitarra Cl\u00e1sica, Bajo yGuitarra El\u00e9ctrica, Viol\u00edn, Violonchelo, Clarinete, Flauta Traversa, <a href=\"https:\/\/armstrongyregion.com.ar\/diario\/inscripciones-abiertas-en-el-conservatorio-municipal-de-musica-2025\/\" title=\"Read more\" >&#8230;<\/a><\/p>\n","protected":false},"author":1,"featured_media":44580,"comment_status":"open","ping_status":"open","sticky":false,"template":"","format":"image","meta":{"_jetpack_memberships_contains_paid_content":false,"footnotes":"","jetpack_publicize_message":"","jetpack_publicize_feature_enabled":true,"jetpack_social_post_already_shared":true,"jetpack_social_options":{"image_generator_settings":{"template":"highway","default_image_id":0,"enabled":false},"version":2}},"categories":[8,1,2,7,3],"tags":[1515,3660,19,5030,2384,8777,8655,2500],"class_list":["post-44579","post","type-post","status-publish","format-image","has-post-thumbnail","hentry","category-deliberando","category-diario-armstrong","category-locales","category-politica","category-region","tag-abiertas","tag-conservatorio","tag-de","tag-diario-armstrong","tag-inscripciones","tag-lic-graciela-de-la-casa","tag-municipal-2","tag-musica","post_format-post-format-image"],"jetpack_publicize_connections":[],"jetpack_featured_media_url":"https:\/\/armstrongyregion.com.ar\/diario\/wp-content\/uploads\/2024\/11\/INSCRIPCIONES-CONSERVATORIO-6-11-24-.jpg","jetpack_shortlink":"https:\/\/wp.me\/p62QDO-bB1","jetpack_sharing_enabled":true,"amp_enabled":true,"_links":{"self":[{"href":"https:\/\/armstrongyregion.com.ar\/diario\/wp-json\/wp\/v2\/posts\/44579","targetHints":{"allow":["GET"]}}],"collection":[{"href":"https:\/\/armstrongyregion.com.ar\/diario\/wp-json\/wp\/v2\/posts"}],"about":[{"href":"https:\/\/armstrongyregion.com.ar\/diario\/wp-json\/wp\/v2\/types\/post"}],"author":[{"embeddable":true,"href":"https:\/\/armstrongyregion.com.ar\/diario\/wp-json\/wp\/v2\/users\/1"}],"replies":[{"embeddable":true,"href":"https:\/\/armstrongyregion.com.ar\/diario\/wp-json\/wp\/v2\/comments?post=44579"}],"version-history":[{"count":1,"href":"https:\/\/armstrongyregion.com.ar\/diario\/wp-json\/wp\/v2\/posts\/44579\/revisions"}],"predecessor-version":[{"id":44581,"href":"https:\/\/armstrongyregion.com.ar\/diario\/wp-json\/wp\/v2\/posts\/44579\/revisions\/44581"}],"wp:featuredmedia":[{"embeddable":true,"href":"https:\/\/armstrongyregion.com.ar\/diario\/wp-json\/wp\/v2\/media\/44580"}],"wp:attachment":[{"href":"https:\/\/armstrongyregion.com.ar\/diario\/wp-json\/wp\/v2\/media?parent=44579"}],"wp:term":[{"taxonomy":"category","embeddable":true,"href":"https:\/\/armstrongyregion.com.ar\/diario\/wp-json\/wp\/v2\/categories?post=44579"},{"taxonomy":"post_tag","embeddable":true,"href":"https:\/\/armstrongyregion.com.ar\/diario\/wp-json\/wp\/v2\/tags?post=44579"}],"curies":[{"name":"wp","href":"https:\/\/api.w.org\/{rel}","templated":true}]}}