{"id":44576,"date":"2024-11-06T19:23:56","date_gmt":"2024-11-06T19:23:56","guid":{"rendered":"https:\/\/armstrongyregion.com.ar\/diario\/?p=44576"},"modified":"2024-11-06T19:23:58","modified_gmt":"2024-11-06T19:23:58","slug":"convocatoria-para-artesanos-y-emprendedores","status":"publish","type":"post","link":"https:\/\/armstrongyregion.com.ar\/diario\/convocatoria-para-artesanos-y-emprendedores\/","title":{"rendered":"Convocatoria para artesanos y emprendedores."},"content":{"rendered":"\n<figure class=\"wp-block-image size-full\"><a href=\"http:\/\/armstrongyregion.com.ar\/diario\/wp-content\/uploads\/2024\/11\/FERIA-6-11-24-.jpg\"><img loading=\"lazy\" decoding=\"async\" width=\"640\" height=\"640\" src=\"http:\/\/armstrongyregion.com.ar\/diario\/wp-content\/uploads\/2024\/11\/FERIA-6-11-24-.jpg\" alt=\"\" class=\"wp-image-44577\" srcset=\"https:\/\/armstrongyregion.com.ar\/diario\/wp-content\/uploads\/2024\/11\/FERIA-6-11-24-.jpg 640w, https:\/\/armstrongyregion.com.ar\/diario\/wp-content\/uploads\/2024\/11\/FERIA-6-11-24--300x300.jpg 300w, https:\/\/armstrongyregion.com.ar\/diario\/wp-content\/uploads\/2024\/11\/FERIA-6-11-24--150x150.jpg 150w\" sizes=\"auto, (max-width: 640px) 100vw, 640px\" \/><\/a><\/figure>\n\n\n\n<p>La Municipalidad de Armstrong abri\u00f3 la convocatoria para artesanos y emprendedores de todo el<br>pa\u00eds que les interese participar de la fiesta Armstrong Tierra M\u00eda por el aniversario 142 de la ciudad,<br>que se celebrar\u00e1 en plaza San Mart\u00edn, los d\u00edas 14 y 15 de diciembre.<br>Quienes se sumen, estar\u00e1n junto a los integrantes de la feria Sabores y Colores Locales mostrando<br>todos sus productos elaborados artesanalmente, en los diferentes rubros como costura, pintura,<br>sublimaci\u00f3n, artesan\u00edas en bijou, entre otros.<br>Es v\u00e1lido resaltar que por el reglamento vigente deben contar con gazebo propio de 3 x 3 mts., no se<br>permite la reventa ni productos de panificaci\u00f3n salados, y deben abonar un canon m\u00ednimo.<br>Informes e inscripci\u00f3n: whatsapp 341-3723014 \u00f3 por email a<br>feriasaboresycolores@armstrong.gov.ar, hasta el d\u00eda 8 de diciembre de 2024.<\/p>\n","protected":false},"excerpt":{"rendered":"<p>Convocatoria para artesanos y emprendedores.<\/p>\n","protected":false},"author":1,"featured_media":44577,"comment_status":"open","ping_status":"open","sticky":false,"template":"","format":"image","meta":{"_jetpack_memberships_contains_paid_content":false,"footnotes":"","jetpack_publicize_message":"","jetpack_publicize_feature_enabled":true,"jetpack_social_post_already_shared":true,"jetpack_social_options":{"image_generator_settings":{"template":"highway","default_image_id":0,"enabled":false},"version":2}},"categories":[8,1,2,7,3],"tags":[4081,451,5030,392,8777,81,13],"class_list":["post-44576","post","type-post","status-publish","format-image","has-post-thumbnail","hentry","category-deliberando","category-diario-armstrong","category-locales","category-politica","category-region","tag-artesanos","tag-convocatoria","tag-diario-armstrong","tag-emprendedores","tag-lic-graciela-de-la-casa","tag-para","tag-y","post_format-post-format-image"],"jetpack_publicize_connections":[],"jetpack_featured_media_url":"https:\/\/armstrongyregion.com.ar\/diario\/wp-content\/uploads\/2024\/11\/FERIA-6-11-24-.jpg","jetpack_shortlink":"https:\/\/wp.me\/p62QDO-bAY","jetpack_sharing_enabled":true,"amp_enabled":true,"_links":{"self":[{"href":"https:\/\/armstrongyregion.com.ar\/diario\/wp-json\/wp\/v2\/posts\/44576","targetHints":{"allow":["GET"]}}],"collection":[{"href":"https:\/\/armstrongyregion.com.ar\/diario\/wp-json\/wp\/v2\/posts"}],"about":[{"href":"https:\/\/armstrongyregion.com.ar\/diario\/wp-json\/wp\/v2\/types\/post"}],"author":[{"embeddable":true,"href":"https:\/\/armstrongyregion.com.ar\/diario\/wp-json\/wp\/v2\/users\/1"}],"replies":[{"embeddable":true,"href":"https:\/\/armstrongyregion.com.ar\/diario\/wp-json\/wp\/v2\/comments?post=44576"}],"version-history":[{"count":1,"href":"https:\/\/armstrongyregion.com.ar\/diario\/wp-json\/wp\/v2\/posts\/44576\/revisions"}],"predecessor-version":[{"id":44578,"href":"https:\/\/armstrongyregion.com.ar\/diario\/wp-json\/wp\/v2\/posts\/44576\/revisions\/44578"}],"wp:featuredmedia":[{"embeddable":true,"href":"https:\/\/armstrongyregion.com.ar\/diario\/wp-json\/wp\/v2\/media\/44577"}],"wp:attachment":[{"href":"https:\/\/armstrongyregion.com.ar\/diario\/wp-json\/wp\/v2\/media?parent=44576"}],"wp:term":[{"taxonomy":"category","embeddable":true,"href":"https:\/\/armstrongyregion.com.ar\/diario\/wp-json\/wp\/v2\/categories?post=44576"},{"taxonomy":"post_tag","embeddable":true,"href":"https:\/\/armstrongyregion.com.ar\/diario\/wp-json\/wp\/v2\/tags?post=44576"}],"curies":[{"name":"wp","href":"https:\/\/api.w.org\/{rel}","templated":true}]}}