{"id":44564,"date":"2024-11-05T01:25:36","date_gmt":"2024-11-05T01:25:36","guid":{"rendered":"https:\/\/armstrongyregion.com.ar\/diario\/?p=44564"},"modified":"2024-11-05T01:25:38","modified_gmt":"2024-11-05T01:25:38","slug":"pullaro-participo-de-la-fiesta-pyme-en-las-parejas-y-firmo-convenio-para-la-electrificacion-del-area-industrial","status":"publish","type":"post","link":"https:\/\/armstrongyregion.com.ar\/diario\/pullaro-participo-de-la-fiesta-pyme-en-las-parejas-y-firmo-convenio-para-la-electrificacion-del-area-industrial\/","title":{"rendered":"Pullaro particip\u00f3 de la Fiesta Pyme en Las Parejas y firm\u00f3 convenio para la electrificaci\u00f3n del \u00c1rea Industrial."},"content":{"rendered":"\n<figure class=\"wp-block-image size-large\"><a href=\"http:\/\/armstrongyregion.com.ar\/diario\/wp-content\/uploads\/2024\/11\/PYME-1-.jpeg\"><img loading=\"lazy\" decoding=\"async\" width=\"1024\" height=\"768\" src=\"http:\/\/armstrongyregion.com.ar\/diario\/wp-content\/uploads\/2024\/11\/PYME-1--1024x768.jpeg\" alt=\"\" class=\"wp-image-44565\" srcset=\"https:\/\/armstrongyregion.com.ar\/diario\/wp-content\/uploads\/2024\/11\/PYME-1--1024x768.jpeg 1024w, https:\/\/armstrongyregion.com.ar\/diario\/wp-content\/uploads\/2024\/11\/PYME-1--300x225.jpeg 300w, https:\/\/armstrongyregion.com.ar\/diario\/wp-content\/uploads\/2024\/11\/PYME-1--768x576.jpeg 768w, https:\/\/armstrongyregion.com.ar\/diario\/wp-content\/uploads\/2024\/11\/PYME-1--1536x1152.jpeg 1536w, https:\/\/armstrongyregion.com.ar\/diario\/wp-content\/uploads\/2024\/11\/PYME-1-.jpeg 1600w\" sizes=\"auto, (max-width: 1024px) 100vw, 1024px\" \/><\/a><\/figure>\n\n\n\n<h2 class=\"wp-block-heading\">El gobernador acompa\u00f1\u00f3 a la comunidad en la 18\u00b0 edici\u00f3n del festejo, donde destac\u00f3 la importancia que tiene el sector industrial en el desarrollo productivo de la provincia.<\/h2>\n\n\n\n<figure class=\"wp-block-image size-large\"><a href=\"http:\/\/armstrongyregion.com.ar\/diario\/wp-content\/uploads\/2024\/11\/PULLARO-PYME-24.jpeg\"><img loading=\"lazy\" decoding=\"async\" width=\"1024\" height=\"768\" src=\"http:\/\/armstrongyregion.com.ar\/diario\/wp-content\/uploads\/2024\/11\/PULLARO-PYME-24-1024x768.jpeg\" alt=\"\" class=\"wp-image-44566\" srcset=\"https:\/\/armstrongyregion.com.ar\/diario\/wp-content\/uploads\/2024\/11\/PULLARO-PYME-24-1024x768.jpeg 1024w, https:\/\/armstrongyregion.com.ar\/diario\/wp-content\/uploads\/2024\/11\/PULLARO-PYME-24-300x225.jpeg 300w, https:\/\/armstrongyregion.com.ar\/diario\/wp-content\/uploads\/2024\/11\/PULLARO-PYME-24-768x576.jpeg 768w, https:\/\/armstrongyregion.com.ar\/diario\/wp-content\/uploads\/2024\/11\/PULLARO-PYME-24-1536x1152.jpeg 1536w, https:\/\/armstrongyregion.com.ar\/diario\/wp-content\/uploads\/2024\/11\/PULLARO-PYME-24.jpeg 1600w\" sizes=\"auto, (max-width: 1024px) 100vw, 1024px\" \/><\/a><\/figure>\n\n\n\n<p>El gobernador Maximiliano Pullaro particip\u00f3 de la 18\u00ba edici\u00f3n de la \u201cFiesta Nacional de la Pyme Agroindustrial 2024\u201d y Conmemoraci\u00f3n de los 50 a\u00f1os de creaci\u00f3n del \u00c1rea Industrial de la ciudad de Las Parejas, donde adem\u00e1s de compartir la celebraci\u00f3n junto a autoridades y vecinos, firm\u00f3 un importante convenio para continuar desarrollando la principal actividad productiva de la zona.<\/p>\n\n\n\n<p>El primer mandatario santafesino estuvo este domingo para saludar a la comunidad \u201cy decirle a la gente que siga apostando el trabajo, que siga apostando la industria, que as\u00ed la provincia de Santa Fe y la Rep\u00fablica Argentina van a salir adelante\u201d, indic\u00f3.<br>&nbsp;<br>Sostuvo que este tipo de festejos \u201ctiene que ver con rescatar a esos emprendedores, esas personas que nunca retroceden, que siempre se esfuerzan, que siempre invierten en la Argentina, que tienen un &#8216;pesito&#8217; que ganaron en el a\u00f1o y compran una maquinaria nueva o intentan agrandar su planta, ese es el sin\u00f3nimo de aqu\u00ed. As\u00ed que la gente celebrando lo que significa este valor que tiene que ver con la defensa del trabajo, es muy lindo de compartirlo\u201d.<br>&nbsp;<br>Asimismo, destac\u00f3 la importancia del acompa\u00f1amiento a los gobiernos locales: \u201cPara nosotros es muy importante tener unidad, trabajar juntos y entender que la \u00fanica manera de que Argentina pueda salir adelante, si todos ponemos buena voluntad y entendemos que tenemos que ponernos de espalda con espalda, cuidarnos y sacar adelante este hermoso pa\u00eds. Argentina tiene much\u00edsimas oportunidades, pero tenemos que trabajar mucho para que suceda\u201d.<br>&nbsp;<br>\u201cLa industria es lo que empuja el crecimiento econ\u00f3mico en este pa\u00eds junto al campo, y aqu\u00ed ustedes sintetizan todo, sintetizan campo y sintetizan industria, y estamos muy pero muy contentos de poder estar\u201d, salud\u00f3 el gobernador en Las Parejas.<\/p>\n\n\n\n<figure class=\"wp-block-image\"><img decoding=\"async\" src=\"https:\/\/ci3.googleusercontent.com\/meips\/ADKq_NZNIGTArQfEB6CPhX7doNKJyZEaIQ3ba1SAb49qZxx9xHmRMnyyR4Cd6hgxnUV_P-xI9xJaGAsOGLpkq75TkiDZTjwmYIbCEs-wxfcruZjfd8bvVMT59rIRpQW_9XvuH9X9BeiL2fRi9BXGC2Y=s0-d-e1-ft#https:\/\/www.santafe.gov.ar\/noticias\/recursos\/fotos\/2024\/11\/2024-11-04NID_281585O_2.jpeg\" alt=\"\"\/><\/figure>\n\n\n\n<p><strong>\u201cPerfil productivo muy amplio\u201d<\/strong><\/p>\n\n\n\n<p>El intendente de la ciudad, Horacio Compagnucci, valor\u00f3 la visita de las autoridades provinciales y manifest\u00f3 que \u201cestamos festejando lo que es la producci\u00f3n, lo que es el trabajo y es una provincia productiva y un gobierno que est\u00e1 demostrando que tiene un perfil productivo muy amplio, entonces realmente nos pone felices que hoy est\u00e9n compartiendo este momento con nosotros\u201d.&nbsp;<\/p>\n\n\n\n<p>Adem\u00e1s, destac\u00f3: \u201cencontramos muy buena recepci\u00f3n en el gobierno provincial, realmente en todas las \u00e1reas, siempre podemos tener un di\u00e1logo fluido, como tambi\u00e9n el gobierno provincial con nosotros, porque est\u00e1 permanentemente con actividades, programas, capacitaciones, presentaciones, estamos siempre invitados y eso es muy importante\u201d.&nbsp;<\/p>\n\n\n\n<p><strong>Convenio de colaboraci\u00f3n<\/strong><br>&nbsp;<br>Durante la visita, el gobernador Pullaro y el intendente Compagnucci firmaron un convenio de colaboraci\u00f3n para la realizaci\u00f3n de una obra de infraestructura el\u00e9ctrica para el \u00c1rea Industrial de Las Parejas.<\/p>\n\n\n\n<p>A trav\u00e9s del mismo, el gobierno provincial se har\u00e1 cargo del 40% del costo de la obra, mientras que la Municipalidad asume como obligaci\u00f3n de pago el 60% restante, pudiendo financiar una porcentaje con el aporte de empresas que se encuentran en el \u00e1rea industrial de la localidad.<\/p>\n\n\n\n<p>El convenio destaca \u201cla importancia de concretar las obras de infraestructura el\u00e9ctrica impulsadas por los industriales\u201d, y manifiesta \u201cla importancia de esta obra el\u00e9ctrica tomando en consideraci\u00f3n que actualmente su ciudad se caracteriza por contar con un promedio de 1 empresa industrial cada 90 habitantes, siendo la actividad industrial el 77% de la actividad econ\u00f3mica de su ciudad\u201d.&nbsp;<\/p>\n\n\n\n<p><strong>Presentes<\/strong><br>&nbsp;<br>Durante el festejo estuvieron presentes tambi\u00e9n el ministro de Desarrollo Productivo, Gustavo Puccini, junto a la secretaria de Energ\u00eda, Ver\u00f3nica Geese; el secretario de Desarrollo Industrial, Guillermo Beccani; y el director de Infraestructura y Fortalecimiento Industrial, Pablo Bonetto; el senador provincial por el departamento Belgrano, Pablo Verdecchia; concejales de la ciudad; &nbsp;el presidente del Centro Industrial Las Parejas, Juan Fernando Torresi; el presidente de la empresa Omb\u00fa, Orlando Castellani; el presidente de la empresa Apache y presidente de la Fundaci\u00f3n Pensar en Santa Fe, Carlos Castellani; entre otros.<\/p>\n","protected":false},"excerpt":{"rendered":"<p>Pullaro particip\u00f3 de la Fiesta Pyme en Las Parejas y firm\u00f3 convenio para la electrificaci\u00f3n del \u00c1rea Industrial.<\/p>\n","protected":false},"author":1,"featured_media":44565,"comment_status":"open","ping_status":"open","sticky":false,"template":"","format":"image","meta":{"_jetpack_memberships_contains_paid_content":false,"footnotes":"","jetpack_publicize_message":"","jetpack_publicize_feature_enabled":true,"jetpack_social_post_already_shared":true,"jetpack_social_options":{"image_generator_settings":{"template":"highway","default_image_id":0,"enabled":false},"version":2}},"categories":[8,1,2,7,3],"tags":[1081,11182,2376,2678,509,8777,992,2846],"class_list":["post-44564","post","type-post","status-publish","format-image","has-post-thumbnail","hentry","category-deliberando","category-diario-armstrong","category-locales","category-politica","category-region","tag-convenio","tag-fiesta-pyme","tag-firmo","tag-horacio-compagnucci","tag-las-parejas","tag-lic-graciela-de-la-casa","tag-participo","tag-pullaro","post_format-post-format-image"],"jetpack_publicize_connections":[],"jetpack_featured_media_url":"https:\/\/armstrongyregion.com.ar\/diario\/wp-content\/uploads\/2024\/11\/PYME-1-.jpeg","jetpack_shortlink":"https:\/\/wp.me\/p62QDO-bAM","jetpack_sharing_enabled":true,"amp_enabled":true,"_links":{"self":[{"href":"https:\/\/armstrongyregion.com.ar\/diario\/wp-json\/wp\/v2\/posts\/44564","targetHints":{"allow":["GET"]}}],"collection":[{"href":"https:\/\/armstrongyregion.com.ar\/diario\/wp-json\/wp\/v2\/posts"}],"about":[{"href":"https:\/\/armstrongyregion.com.ar\/diario\/wp-json\/wp\/v2\/types\/post"}],"author":[{"embeddable":true,"href":"https:\/\/armstrongyregion.com.ar\/diario\/wp-json\/wp\/v2\/users\/1"}],"replies":[{"embeddable":true,"href":"https:\/\/armstrongyregion.com.ar\/diario\/wp-json\/wp\/v2\/comments?post=44564"}],"version-history":[{"count":1,"href":"https:\/\/armstrongyregion.com.ar\/diario\/wp-json\/wp\/v2\/posts\/44564\/revisions"}],"predecessor-version":[{"id":44567,"href":"https:\/\/armstrongyregion.com.ar\/diario\/wp-json\/wp\/v2\/posts\/44564\/revisions\/44567"}],"wp:featuredmedia":[{"embeddable":true,"href":"https:\/\/armstrongyregion.com.ar\/diario\/wp-json\/wp\/v2\/media\/44565"}],"wp:attachment":[{"href":"https:\/\/armstrongyregion.com.ar\/diario\/wp-json\/wp\/v2\/media?parent=44564"}],"wp:term":[{"taxonomy":"category","embeddable":true,"href":"https:\/\/armstrongyregion.com.ar\/diario\/wp-json\/wp\/v2\/categories?post=44564"},{"taxonomy":"post_tag","embeddable":true,"href":"https:\/\/armstrongyregion.com.ar\/diario\/wp-json\/wp\/v2\/tags?post=44564"}],"curies":[{"name":"wp","href":"https:\/\/api.w.org\/{rel}","templated":true}]}}