{"id":44553,"date":"2024-11-04T13:49:57","date_gmt":"2024-11-04T13:49:57","guid":{"rendered":"https:\/\/armstrongyregion.com.ar\/diario\/?p=44553"},"modified":"2024-11-04T13:49:59","modified_gmt":"2024-11-04T13:49:59","slug":"la-federacion-santafesina-de-asociaciones-de-bomberos-voluntarios-se-suma-al-rescate-de-las-victimas-de-la-tragedia-ocurrida-dias-atras-en-villa-gesell","status":"publish","type":"post","link":"https:\/\/armstrongyregion.com.ar\/diario\/la-federacion-santafesina-de-asociaciones-de-bomberos-voluntarios-se-suma-al-rescate-de-las-victimas-de-la-tragedia-ocurrida-dias-atras-en-villa-gesell\/","title":{"rendered":"La Federaci\u00f3n Santafesina de Asociaciones de Bomberos Voluntarios se suma al rescate de las v\u00edctimas de la tragedia ocurrida d\u00edas atr\u00e1s en Villa Gesell."},"content":{"rendered":"\n<figure class=\"wp-block-image size-full\"><a href=\"http:\/\/armstrongyregion.com.ar\/diario\/wp-content\/uploads\/2024\/11\/bomberos-viajan-.jpg\"><img loading=\"lazy\" decoding=\"async\" width=\"640\" height=\"480\" src=\"http:\/\/armstrongyregion.com.ar\/diario\/wp-content\/uploads\/2024\/11\/bomberos-viajan-.jpg\" alt=\"\" class=\"wp-image-44554\" srcset=\"https:\/\/armstrongyregion.com.ar\/diario\/wp-content\/uploads\/2024\/11\/bomberos-viajan-.jpg 640w, https:\/\/armstrongyregion.com.ar\/diario\/wp-content\/uploads\/2024\/11\/bomberos-viajan--300x225.jpg 300w\" sizes=\"auto, (max-width: 640px) 100vw, 640px\" \/><\/a><\/figure>\n\n\n\n<p>Una delegaci\u00f3n compuesta por 47 integrantes de la brigada USAR Provincial , acompa\u00f1ada por el Presidente de la Comisi\u00f3n Directiva de nuestra instituci\u00f3n, Daniel Emmert; el jefe provincial de operaciones, Comandante Mayor Alejandro Brullo; parte hoy a las 8 desde la ciudad de Rosario rumbo a la Costa Atl\u00e1ntica para sumarse a la b\u00fasqueda de las personas desaparecidas tras el derrumbe del hotel Dubrovnik en Villa Gesell. Tras el rescate de 3 cuerpos entre los escombros, se sigue.buscando a 5 personas. M\u00e1s de 650 rescatadas trabajan a contra reloj y el lunes llegar\u00e1 el apoyo de los bomberos santafesinos. Desde nuestro cuartel los brigadistas convocados son: <\/p>\n\n\n\n<p>-Marchetti Bruno <\/p>\n\n\n\n<p>-Frutos Sergio<\/p>\n\n\n\n<p> -Valeri David <\/p>\n\n\n\n<p>-Ulloa sebastian<\/p>\n","protected":false},"excerpt":{"rendered":"<p>Una delegaci\u00f3n compuesta por 47 integrantes de la brigada USAR Provincial , acompa\u00f1ada por el Presidente de la Comisi\u00f3n Directiva de nuestra instituci\u00f3n, Daniel Emmert; el jefe provincial de operaciones, Comandante Mayor Alejandro Brullo; parte hoy a las 8 desde la ciudad de Rosario rumbo a la Costa Atl\u00e1ntica para sumarse a la b\u00fasqueda de <a href=\"https:\/\/armstrongyregion.com.ar\/diario\/la-federacion-santafesina-de-asociaciones-de-bomberos-voluntarios-se-suma-al-rescate-de-las-victimas-de-la-tragedia-ocurrida-dias-atras-en-villa-gesell\/\" title=\"Read more\" >&#8230;<\/a><\/p>\n","protected":false},"author":1,"featured_media":44554,"comment_status":"open","ping_status":"open","sticky":false,"template":"","format":"image","meta":{"_jetpack_memberships_contains_paid_content":false,"footnotes":"","jetpack_publicize_message":"","jetpack_publicize_feature_enabled":true,"jetpack_social_post_already_shared":true,"jetpack_social_options":{"image_generator_settings":{"template":"highway","default_image_id":0,"enabled":false},"version":2}},"categories":[8,1,2,7,3],"tags":[11181],"class_list":["post-44553","post","type-post","status-publish","format-image","has-post-thumbnail","hentry","category-deliberando","category-diario-armstrong","category-locales","category-politica","category-region","tag-federacion-santafesina","post_format-post-format-image"],"jetpack_publicize_connections":[],"jetpack_featured_media_url":"https:\/\/armstrongyregion.com.ar\/diario\/wp-content\/uploads\/2024\/11\/bomberos-viajan-.jpg","jetpack_shortlink":"https:\/\/wp.me\/p62QDO-bAB","jetpack_sharing_enabled":true,"amp_enabled":true,"_links":{"self":[{"href":"https:\/\/armstrongyregion.com.ar\/diario\/wp-json\/wp\/v2\/posts\/44553","targetHints":{"allow":["GET"]}}],"collection":[{"href":"https:\/\/armstrongyregion.com.ar\/diario\/wp-json\/wp\/v2\/posts"}],"about":[{"href":"https:\/\/armstrongyregion.com.ar\/diario\/wp-json\/wp\/v2\/types\/post"}],"author":[{"embeddable":true,"href":"https:\/\/armstrongyregion.com.ar\/diario\/wp-json\/wp\/v2\/users\/1"}],"replies":[{"embeddable":true,"href":"https:\/\/armstrongyregion.com.ar\/diario\/wp-json\/wp\/v2\/comments?post=44553"}],"version-history":[{"count":1,"href":"https:\/\/armstrongyregion.com.ar\/diario\/wp-json\/wp\/v2\/posts\/44553\/revisions"}],"predecessor-version":[{"id":44555,"href":"https:\/\/armstrongyregion.com.ar\/diario\/wp-json\/wp\/v2\/posts\/44553\/revisions\/44555"}],"wp:featuredmedia":[{"embeddable":true,"href":"https:\/\/armstrongyregion.com.ar\/diario\/wp-json\/wp\/v2\/media\/44554"}],"wp:attachment":[{"href":"https:\/\/armstrongyregion.com.ar\/diario\/wp-json\/wp\/v2\/media?parent=44553"}],"wp:term":[{"taxonomy":"category","embeddable":true,"href":"https:\/\/armstrongyregion.com.ar\/diario\/wp-json\/wp\/v2\/categories?post=44553"},{"taxonomy":"post_tag","embeddable":true,"href":"https:\/\/armstrongyregion.com.ar\/diario\/wp-json\/wp\/v2\/tags?post=44553"}],"curies":[{"name":"wp","href":"https:\/\/api.w.org\/{rel}","templated":true}]}}