{"id":44550,"date":"2024-11-04T13:15:03","date_gmt":"2024-11-04T13:15:03","guid":{"rendered":"https:\/\/armstrongyregion.com.ar\/diario\/?p=44550"},"modified":"2024-11-04T13:15:05","modified_gmt":"2024-11-04T13:15:05","slug":"claudia-giaccone-por-un-modelo-politico-de-centro-desarrollista-y-desde-el-interior","status":"publish","type":"post","link":"https:\/\/armstrongyregion.com.ar\/diario\/claudia-giaccone-por-un-modelo-politico-de-centro-desarrollista-y-desde-el-interior\/","title":{"rendered":"Claudia Giaccone, por un modelo pol\u00edtico \u201cde centro, desarrollista y desde el interior\u201d"},"content":{"rendered":"\n<figure class=\"wp-block-image size-full\"><a href=\"http:\/\/armstrongyregion.com.ar\/diario\/wp-content\/uploads\/2024\/11\/claudia-giaccone-.jpg\"><img loading=\"lazy\" decoding=\"async\" width=\"645\" height=\"431\" src=\"http:\/\/armstrongyregion.com.ar\/diario\/wp-content\/uploads\/2024\/11\/claudia-giaccone-.jpg\" alt=\"\" class=\"wp-image-44551\" srcset=\"https:\/\/armstrongyregion.com.ar\/diario\/wp-content\/uploads\/2024\/11\/claudia-giaccone-.jpg 645w, https:\/\/armstrongyregion.com.ar\/diario\/wp-content\/uploads\/2024\/11\/claudia-giaccone--300x200.jpg 300w\" sizes=\"auto, (max-width: 645px) 100vw, 645px\" \/><\/a><\/figure>\n\n\n\n<h2 class=\"wp-block-heading\">La subsecretaria de la Regi\u00f3n Centro santafesina, se identifica como representante peronista en el Frente Unidos de Santa Fe. Apuesta a un modelo \u201cproductivo y federal\u201d, buscando fortalecer la integraci\u00f3n de la provincia en las regiones Centro y Litoral.<\/h2>\n\n\n\n<p><em>\u201cSomos la pata peronista del Frente Unidos\u201d<\/em>. As\u00ed se defini\u00f3 la hoy subsecretaria de la Regi\u00f3n Centro, Claudia Giaccone. La funcionaria \u00a0fue quien trabaj\u00f3 por la candidatura presidencial del cordob\u00e9s Juan Schiaretti por Hacemos en 2023 y ahora apuesta a un \u201c<em>frente a la santafesina<\/em>\u201d, \u201c<em>de centro, desarrollista y desde el interior<\/em>\u201d, para el escenario electoral que viene. La funcionaria, que integra el gobierno de Maximiliano Pullaro, tiene un rol en el marco de la integraci\u00f3n de la provincia en las regiones Centro y Litoral y defendi\u00f3 un modelo\u00a0<em>\u201cproductivo\u201d<\/em>\u00a0y\u00a0<em>\u201cfederal\u201d<\/em>\u00a0en contraposici\u00f3n a la gesti\u00f3n nacional.<\/p>\n\n\n\n<p>Giaccone fue diputada provincial por un sector del Partido Justicialista e integr\u00f3 la gesti\u00f3n de Omar Perotti durante casi un a\u00f1o y medio al frente de la Direcci\u00f3n de Deportes de la que se fue con una \u201c<em>frustraci\u00f3n muy grande<\/em>\u201d porque \u201c<em>no nos incluyeron en las decisiones<\/em>\u201d y fue \u201c<em>muy cerrado y mezquino<\/em>\u201d. Compiti\u00f3 por el Frente de la Esperanza en las legislativas del a\u00f1o pasado, lo trajo a Schiaretti a la provincia en alianza con el socialismo y termin\u00f3 formando parte de Unidos por invitaci\u00f3n del gobernador electo.<\/p>\n\n\n\n<p>En un mano a mano con&nbsp;<strong><a href=\"https:\/\/www.rosario3.com\/politica\/Claudia-Giaccone-Sumarme-desde-elperonismo-es-un-balsamo-en-el-marco-del-pendulo-de-los-extremos-20241102-0032.html\" rel=\"noreferrer noopener\" target=\"_blank\">Rosario3<\/a><\/strong>&nbsp;repas\u00f3 los temas de su gesti\u00f3n, los escenarios pol\u00edticos provincial y nacional, y el futuro electoral con la posibilidad de una reforma constitucional tambi\u00e9n.<\/p>\n\n\n\n<p>\u2013\u00bfPor qu\u00e9 cree que ahora puede tomar impulso la Regi\u00f3n Centro y cu\u00e1l es la diferencia con las gestiones anteriores?<\/p>\n\n\n\n<p>\u2013Porque hay una decisi\u00f3n pol\u00edtica muy fuerte de los gobernadores, gente nueva, j\u00f3venes y con impronta de \u00e9poca. Desde aquel primer tratado en 1998 entre (Jorge) Obeid y (Ram\u00f3n) Mestre al que luego se sum\u00f3 Entre R\u00edos, siempre hubo motivaci\u00f3n de trabajar regionalmente, pero fueron 26 a\u00f1os con altas y bajas. Para ello tallaron diferentes posicionamientos con Naci\u00f3n y prevalecieron criterios de competencia m\u00e1s que de articulaci\u00f3n en conjunto; eso hizo que no crezca. Y por otro lado, hay un contexto nacional donde un gobierno aparece con coordenadas macroecon\u00f3micas y que considera temas menores a la generaci\u00f3n de empleo, el desarrollo de la industria, el &nbsp;consejo agroexportador, que son nuestro ADN. Cuando se desfinancia a las provincias, estas entienden que deben defender sus intereses e integrarse para generar volumen, lograr mercados e inversiones en conjunto. Este esquema de necesitarnos y articularnos debe ser con decisi\u00f3n y de car\u00e1cter imperioso.&nbsp;<\/p>\n\n\n\n<p>\u2013\u00bfLa flamante Regi\u00f3n Litoral va tambi\u00e9n en ese sentido?<\/p>\n\n\n\n<p>\u2013Exacto. Constituye el eje federal. Hoy es propicio un esquema de la defensa de los intereses y una oportunidad de llevar adelante mucho de lo que se habl\u00f3 a lo largo de en nuestra historia. La Regi\u00f3n Litoral trabaja la posibilidad del desarrollo de los puertos y la Hidrov\u00eda desde Santa Fe hacia el norte. Hay una impronta que no se ha tenido, de potenciar las ventajas de este r\u00edo. Hay un trabajo en temas estrat\u00e9gicos y estamos muy entusiasmados. Un ejemplo: se est\u00e1 estudiando un nuevo cruce entre Villa Ocampo y Bella Vista para ahorrar distancias y estar a 300 kil\u00f3metros de Brasil.&nbsp;<\/p>\n\n\n\n<h3 class=\"wp-block-heading\">Proyecto nacional&nbsp;<\/h3>\n\n\n\n<p>\u2013\u00bfPuede surgir desde estas regiones un proyecto para el pa\u00eds?<\/p>\n\n\n\n<p>\u2013Creo que puede salir un proyecto nacional, aunque no soy ilusa porque Ciudad y provincia de Buenos Aires son indispensables para constituir alianzas con distintos sectores. Podemos mostrar un modelo de desarrollo en alianza con el privado cuyas inversiones van a la producci\u00f3n y no al sector financiero. Este modelo, que no estuvo presente nacionalmente y no tuvo una voz, est\u00e1 latente. Es la voz del interior que hable del interior para crecer, exportar, desarrollar la industria y &nbsp;la bioeconom\u00eda, el agregado de valor en origen, los biocombustibles. Es una ecuaci\u00f3n virtuosa por donde se la mire y tiene que tener un proyecto federal.&nbsp;<\/p>\n\n\n\n<p>\u2013\u00bfEl proyecto que encabez\u00f3 Schiaretti en las presidenciales del 2023 fue un moj\u00f3n a la hora de pensar ese proyecto?<\/p>\n\n\n\n<p>\u2013Totalmente. Lo que sucedi\u00f3 es que el contexto hizo que haya un voto \u00fatil que fue para los extremos. Sin embargo, mucha gente hoy se animar\u00eda a votar una opci\u00f3n de centro, desarrollista, con arraigo, que tenga encarnaci\u00f3n en las personas y apueste a un rol del Estado junto con el sector privado. Acompa\u00f1\u00e9 convencida a Schiaretti sabiendo que no era opci\u00f3n ganar, hab\u00eda que sembrar un camino y plantar una opci\u00f3n sensata, clara, y con un plan que se pueda continuar.<\/p>\n\n\n\n<h3 class=\"wp-block-heading\">Unidos en el Frente<\/h3>\n\n\n\n<p>\u2013\u00bfC\u00f3mo fue su llegada a Unidos siendo que viene del justicialismo?<\/p>\n\n\n\n<p>\u2013Somos la pata peronista del Frente Unidos. Tom\u00e9 la decisi\u00f3n de ir por fuera del justicialismo el a\u00f1o pasado junto a la gente que me viene acompa\u00f1ando desde 2015. No fue f\u00e1cil la decisi\u00f3n y m\u00e1s despu\u00e9s de la experiencia de la gesti\u00f3n anterior, una frustraci\u00f3n muy grande para todo el peronismo donde no pudimos demostrar lo que siempre dijimos. Fue un gobierno muy cerrado y mezquino, donde nos excluyeron, no nos consultaron y no nos integraron a las decisiones. Sentimos que el proyecto del peronismo estaba agotado y &nbsp;sin perder nuestra identidad fuimos a una elecci\u00f3n con una lista propia de candidatos a diputados provinciales. Para la elecci\u00f3n nacional trabajamos junto al socialismo por la candidatura de Schiaretti. Y despu\u00e9s vino el llamado del gobernador para formar parte de la gesti\u00f3n. Hoy tengo apoyo incondicional y generoso de todo el equipo y que se nota en una gesti\u00f3n absolutamente transversal.&nbsp;<\/p>\n\n\n\n<p>\u2013\u00bfC\u00f3mo se explica que alguien que viene del peronismo trabaje en un mismo frente con un gobernador radical y con socios como el socialismo y el PRO, entre otros?<\/p>\n\n\n\n<p>\u2013Es momento de pensar en conjunto, ya lo ven\u00edamos planteando desde hace a\u00f1os, formar parte de un frente mayor. Hay un cambio de paradigma en la pol\u00edtica donde la sociedad valora que trabajemos en conjunto en los distintos partidos. La gente nos dec\u00eda \u201cqu\u00e9 bueno que est\u00e9n trabajando juntos m\u00e1s all\u00e1 de las diferencias pol\u00edticas de referencia\u201d cuando miraba las fotos de la Regi\u00f3n Centro con los tres gobernadores. Sumarme desde el &nbsp;peronismo es un b\u00e1lsamo en el marco del p\u00e9ndulo de los extremos y donde hoy hay que confrontar para llamar la atenci\u00f3n. Esto es una se\u00f1al distinta y que la sociedad valora.<\/p>\n\n\n\n<p>\u2013\u00bfQu\u00e9 siente formar parte de una gesti\u00f3n junto a espacios que en lo nacional est\u00e1n con La Libertad Avanza?<\/p>\n\n\n\n<p>\u2013Toda la energ\u00eda est\u00e1 puesta en la gesti\u00f3n, en el plan de trabajo, con claridad y objetivos, respetando mucho las miradas y la legitimidad del Presidente. Ac\u00e1, en Santa Fe, se prioriza la mirada com\u00fan, el desarrollo de nuestra provincia y hay coincidencias sin conflicto ni contraposici\u00f3n. Creo que a nivel nacional la mayor\u00eda vamos a terminar armando un frente de centro, del sentido com\u00fan como dice Schiaretti, un frente a la santafesina.&nbsp;<\/p>\n\n\n\n<p>\u2013\u00bfSi hubiera sido electa diputada provincial hubiera votado todo lo que propuso Pullaro en estos meses de gesti\u00f3n?<\/p>\n\n\n\n<p>\u2013Es muy saludable y sorprendente cuando el gobernador dice que expone capital pol\u00edtico con algunas decisiones. Hay una responsabilidad sobre el momento que estamos viviendo, es saludable que se tomen decisiones que cree conveniente para corregir d\u00e9ficits que el d\u00eda de ma\u00f1ana ser\u00e1n perjudiciales, y uno es la reforma a la Caja de Jubilaciones. Hoy la sociedad espera gestiones inc\u00f3modas, que no comparte y costosas, con decisiones que son dif\u00edciles y muy valientes, pero con argumentos s\u00f3lidos en el sostenimiento del Estado y lo p\u00fablico. Hubiera acompa\u00f1ado, s\u00ed claro, y m\u00e1s cuando veo que pone el cuerpo.<\/p>\n\n\n\n<p>\u2013\u00bfVolver\u00eda al Partido Justicialista?<\/p>\n\n\n\n<p>\u2013Si vi\u00e9ramos que hay un proyecto de participaci\u00f3n con vocaci\u00f3n de construcci\u00f3n colectiva, sin dudas. Me parece que no va a suceder en \u00a0el corto plazo. El partido, como a otros tambi\u00e9n les pasa, atraviesa una etapa de disoluci\u00f3n y disgregaci\u00f3n. Tenemos que recomponer en conjunto.<\/p>\n\n\n\n<p>Por Sergio Roulier.<\/p>\n","protected":false},"excerpt":{"rendered":"<p>Claudia Giaccone, por un modelo pol\u00edtico \u201cde centro, desarrollista y desde el interior\u201d<\/p>\n","protected":false},"author":1,"featured_media":44551,"comment_status":"open","ping_status":"open","sticky":false,"template":"","format":"image","meta":{"_jetpack_memberships_contains_paid_content":false,"footnotes":"","jetpack_publicize_message":"","jetpack_publicize_feature_enabled":true,"jetpack_social_post_already_shared":true,"jetpack_social_options":{"image_generator_settings":{"template":"highway","default_image_id":0,"enabled":false},"version":2}},"categories":[8,1,2,7,3],"tags":[21,1319,11179,2105,5030,11180,8777,3813,201],"class_list":["post-44550","post","type-post","status-publish","format-image","has-post-thumbnail","hentry","category-deliberando","category-diario-armstrong","category-locales","category-politica","category-region","tag-centro","tag-claudia-giaccone","tag-desarrollista","tag-desde","tag-diario-armstrong","tag-el-interior","tag-lic-graciela-de-la-casa","tag-modelo","tag-politico","post_format-post-format-image"],"jetpack_publicize_connections":[],"jetpack_featured_media_url":"https:\/\/armstrongyregion.com.ar\/diario\/wp-content\/uploads\/2024\/11\/claudia-giaccone-.jpg","jetpack_shortlink":"https:\/\/wp.me\/p62QDO-bAy","jetpack_sharing_enabled":true,"amp_enabled":true,"_links":{"self":[{"href":"https:\/\/armstrongyregion.com.ar\/diario\/wp-json\/wp\/v2\/posts\/44550","targetHints":{"allow":["GET"]}}],"collection":[{"href":"https:\/\/armstrongyregion.com.ar\/diario\/wp-json\/wp\/v2\/posts"}],"about":[{"href":"https:\/\/armstrongyregion.com.ar\/diario\/wp-json\/wp\/v2\/types\/post"}],"author":[{"embeddable":true,"href":"https:\/\/armstrongyregion.com.ar\/diario\/wp-json\/wp\/v2\/users\/1"}],"replies":[{"embeddable":true,"href":"https:\/\/armstrongyregion.com.ar\/diario\/wp-json\/wp\/v2\/comments?post=44550"}],"version-history":[{"count":1,"href":"https:\/\/armstrongyregion.com.ar\/diario\/wp-json\/wp\/v2\/posts\/44550\/revisions"}],"predecessor-version":[{"id":44552,"href":"https:\/\/armstrongyregion.com.ar\/diario\/wp-json\/wp\/v2\/posts\/44550\/revisions\/44552"}],"wp:featuredmedia":[{"embeddable":true,"href":"https:\/\/armstrongyregion.com.ar\/diario\/wp-json\/wp\/v2\/media\/44551"}],"wp:attachment":[{"href":"https:\/\/armstrongyregion.com.ar\/diario\/wp-json\/wp\/v2\/media?parent=44550"}],"wp:term":[{"taxonomy":"category","embeddable":true,"href":"https:\/\/armstrongyregion.com.ar\/diario\/wp-json\/wp\/v2\/categories?post=44550"},{"taxonomy":"post_tag","embeddable":true,"href":"https:\/\/armstrongyregion.com.ar\/diario\/wp-json\/wp\/v2\/tags?post=44550"}],"curies":[{"name":"wp","href":"https:\/\/api.w.org\/{rel}","templated":true}]}}