{"id":44547,"date":"2024-11-04T13:08:37","date_gmt":"2024-11-04T13:08:37","guid":{"rendered":"https:\/\/armstrongyregion.com.ar\/diario\/?p=44547"},"modified":"2024-11-04T13:08:39","modified_gmt":"2024-11-04T13:08:39","slug":"la-ciudad-de-armstrong-tiene-8-nuevos-bomberos","status":"publish","type":"post","link":"https:\/\/armstrongyregion.com.ar\/diario\/la-ciudad-de-armstrong-tiene-8-nuevos-bomberos\/","title":{"rendered":"La ciudad de Armstrong tiene 8 nuevos bomberos."},"content":{"rendered":"\n<figure class=\"wp-block-image size-full\"><a href=\"http:\/\/armstrongyregion.com.ar\/diario\/wp-content\/uploads\/2024\/11\/8-bomberos-nuevos-.jpg\"><img loading=\"lazy\" decoding=\"async\" width=\"837\" height=\"590\" src=\"http:\/\/armstrongyregion.com.ar\/diario\/wp-content\/uploads\/2024\/11\/8-bomberos-nuevos-.jpg\" alt=\"\" class=\"wp-image-44548\" srcset=\"https:\/\/armstrongyregion.com.ar\/diario\/wp-content\/uploads\/2024\/11\/8-bomberos-nuevos-.jpg 837w, https:\/\/armstrongyregion.com.ar\/diario\/wp-content\/uploads\/2024\/11\/8-bomberos-nuevos--300x211.jpg 300w, https:\/\/armstrongyregion.com.ar\/diario\/wp-content\/uploads\/2024\/11\/8-bomberos-nuevos--768x541.jpg 768w\" sizes=\"auto, (max-width: 837px) 100vw, 837px\" \/><\/a><\/figure>\n\n\n\n<p>Este fin de semana realizaron el \u00faltimo curso de formaci\u00f3n para aspirantes a bomberos aprobando todas las materias.<\/p>\n\n\n\n<p>Ellos son: Facundo Lagassa, Bel\u00e9n Vinevicius, Alejandro Sanoni, Camila Santoni, Milagros T\u00edberi, Cristian T\u00edberi, Santiago Lambertucci y Alejandro Sanoni.<\/p>\n\n\n\n<p><a><\/a>Empezar\u00e1n a salir a las emergencias desde el 1\/1\/ 2025.<\/p>\n\n\n\n<p>Bomberos Voluntarios de Armstrong.<\/p>\n","protected":false},"excerpt":{"rendered":"<p>La ciudad de Armstrong tiene 8 nuevos bomberos.<\/p>\n","protected":false},"author":1,"featured_media":44548,"comment_status":"open","ping_status":"open","sticky":false,"template":"","format":"image","meta":{"_jetpack_memberships_contains_paid_content":false,"footnotes":"","jetpack_publicize_message":"","jetpack_publicize_feature_enabled":true,"jetpack_social_post_already_shared":true,"jetpack_social_options":{"image_generator_settings":{"template":"highway","default_image_id":0,"enabled":false},"version":2}},"categories":[8,1,2,7,3],"tags":[2491,20,352,5030,8777,242,3017],"class_list":["post-44547","post","type-post","status-publish","format-image","has-post-thumbnail","hentry","category-deliberando","category-diario-armstrong","category-locales","category-politica","category-region","tag-2491","tag-armstrong","tag-bomberos","tag-diario-armstrong","tag-lic-graciela-de-la-casa","tag-nuevos","tag-tiene","post_format-post-format-image"],"jetpack_publicize_connections":[],"jetpack_featured_media_url":"https:\/\/armstrongyregion.com.ar\/diario\/wp-content\/uploads\/2024\/11\/8-bomberos-nuevos-.jpg","jetpack_shortlink":"https:\/\/wp.me\/p62QDO-bAv","jetpack_sharing_enabled":true,"amp_enabled":true,"_links":{"self":[{"href":"https:\/\/armstrongyregion.com.ar\/diario\/wp-json\/wp\/v2\/posts\/44547","targetHints":{"allow":["GET"]}}],"collection":[{"href":"https:\/\/armstrongyregion.com.ar\/diario\/wp-json\/wp\/v2\/posts"}],"about":[{"href":"https:\/\/armstrongyregion.com.ar\/diario\/wp-json\/wp\/v2\/types\/post"}],"author":[{"embeddable":true,"href":"https:\/\/armstrongyregion.com.ar\/diario\/wp-json\/wp\/v2\/users\/1"}],"replies":[{"embeddable":true,"href":"https:\/\/armstrongyregion.com.ar\/diario\/wp-json\/wp\/v2\/comments?post=44547"}],"version-history":[{"count":1,"href":"https:\/\/armstrongyregion.com.ar\/diario\/wp-json\/wp\/v2\/posts\/44547\/revisions"}],"predecessor-version":[{"id":44549,"href":"https:\/\/armstrongyregion.com.ar\/diario\/wp-json\/wp\/v2\/posts\/44547\/revisions\/44549"}],"wp:featuredmedia":[{"embeddable":true,"href":"https:\/\/armstrongyregion.com.ar\/diario\/wp-json\/wp\/v2\/media\/44548"}],"wp:attachment":[{"href":"https:\/\/armstrongyregion.com.ar\/diario\/wp-json\/wp\/v2\/media?parent=44547"}],"wp:term":[{"taxonomy":"category","embeddable":true,"href":"https:\/\/armstrongyregion.com.ar\/diario\/wp-json\/wp\/v2\/categories?post=44547"},{"taxonomy":"post_tag","embeddable":true,"href":"https:\/\/armstrongyregion.com.ar\/diario\/wp-json\/wp\/v2\/tags?post=44547"}],"curies":[{"name":"wp","href":"https:\/\/api.w.org\/{rel}","templated":true}]}}