{"id":44531,"date":"2024-11-01T23:34:20","date_gmt":"2024-11-01T23:34:20","guid":{"rendered":"https:\/\/armstrongyregion.com.ar\/diario\/?p=44531"},"modified":"2024-11-01T23:34:22","modified_gmt":"2024-11-01T23:34:22","slug":"pullaro-destaco-que-el-presupuesto-2025-tiene-como-eje-el-equilibrio-fiscal","status":"publish","type":"post","link":"https:\/\/armstrongyregion.com.ar\/diario\/pullaro-destaco-que-el-presupuesto-2025-tiene-como-eje-el-equilibrio-fiscal\/","title":{"rendered":"Pullaro destac\u00f3 que el Presupuesto 2025 \u201ctiene como eje el equilibrio fiscal."},"content":{"rendered":"\n<figure class=\"wp-block-image size-full\"><a href=\"http:\/\/armstrongyregion.com.ar\/diario\/wp-content\/uploads\/2024\/11\/pullaro-1-11-24.jpg\"><img loading=\"lazy\" decoding=\"async\" width=\"800\" height=\"533\" src=\"http:\/\/armstrongyregion.com.ar\/diario\/wp-content\/uploads\/2024\/11\/pullaro-1-11-24.jpg\" alt=\"\" class=\"wp-image-44532\" srcset=\"https:\/\/armstrongyregion.com.ar\/diario\/wp-content\/uploads\/2024\/11\/pullaro-1-11-24.jpg 800w, https:\/\/armstrongyregion.com.ar\/diario\/wp-content\/uploads\/2024\/11\/pullaro-1-11-24-300x200.jpg 300w, https:\/\/armstrongyregion.com.ar\/diario\/wp-content\/uploads\/2024\/11\/pullaro-1-11-24-768x512.jpg 768w\" sizes=\"auto, (max-width: 800px) 100vw, 800px\" \/><\/a><\/figure>\n\n\n\n<h2 class=\"wp-block-heading\">As\u00ed lo sostuvo el Gobernador luego de firmar el acta de inicio de obras del Acueducto Desv\u00edo Arij\u00f3n &#8211; Ramal San Vicente. Y detall\u00f3 que los principales ejes del proyecto de ley, enviado a la Legislatura para su tratamiento, son Seguridad, Obras P\u00fablicas, Educaci\u00f3n y Desarrollo Productivo.<\/h2>\n\n\n\n<p>El gobernador de Santa Fe, Maximiliano Pullaro, precis\u00f3 este jueves que el proyecto de ley de Presupuesto 2025 \u201ctiene como eje el equilibrio fiscal, y refleja en materia econ\u00f3mica y financiera cu\u00e1les van a ser las principales pol\u00edticas a las que apunta el gobierno\u201d, luego de firmar el acta de inicio de obra del Acueducto Desv\u00edo Arij\u00f3n &#8211; Ramal San Vicente.<\/p>\n\n\n\n<p>\u201cQued\u00f3 muy claro, en funci\u00f3n de la mirada financiera que le ponemos a las pol\u00edticas p\u00fablicas, que es imposible entender la administraci\u00f3n de un Estado si se gasta m\u00e1s de lo que se tiene\u201d, detall\u00f3 el gobernador al finalizar el acto que se llev\u00f3 a cabo en la ciudad de San Vicente.<\/p>\n\n\n\n<p>El proyecto de ley de Presupuesto general de gastos y c\u00e1lculo de recursos correspondiente al ejercicio econ\u00f3mico 2025 fue enviado por el Ejecutivo este jueves a la Legislatura para su tratamiento.<\/p>\n\n\n\n<p><strong>Principales lineamientos<\/strong><\/p>\n\n\n\n<p>A continuaci\u00f3n, Pullaro detall\u00f3 que \u201ccon el equilibrio fiscal como base\u201d, el texto propone \u201cavanzar en pol\u00edticas de seguridad p\u00fablica. Este a\u00f1o estamos por debajo de la media a nivel nacional en los \u00edndices de violencia, lo cual marca que el eje de las pol\u00edticas fue correcto, pero falta much\u00edsimo todav\u00eda\u201d.<\/p>\n\n\n\n<p>\u201cEn segundo t\u00e9rmino, la obra p\u00fablica. Sumando todas las \u00e1reas, vamos a estar superando los 1.200 millones de d\u00f3lares\u201d de inversi\u00f3n, precis\u00f3 el gobernador, y destac\u00f3 que \u201cno hay provincia en este momento que est\u00e9 ejecutando un monto similar con fondos propios. La tercera base tiene que ver con el fortalecimiento del sistema educativo, el mejoramiento de la infraestructura escolar, pero fundamentalmente teniendo a los chicos en las escuelas estudiando\u201d, marc\u00f3.&nbsp;<\/p>\n\n\n\n<p>\u201cY por supuesto el fortalecimiento del sistema productivo de la provincia de Santa Fe, con obras p\u00fablicas fundamentales, como gasoductos; y con infraestructura productiva, como energ\u00eda el\u00e9ctrica, el programa Caminos de la Ruralidad. Este rumbo que estamos tomando, entendemos que es el que va a sacar a Santa Fe adelante\u201d, detall\u00f3 Pullaro.<\/p>\n\n\n\n<p>Por \u00faltimo, el mandatario santafesino se\u00f1al\u00f3 que \u201ctrabajamos para ordenar el Estado, lo que significa que sea eficiente, que gaste donde tiene que gastar. Ese Estado honesto y eficiente empieza a dar resultados, que son inversiones en las 365 localidades de la provincia. Esta es la pol\u00edtica que llevamos adelante: ahorro por un lado, eficiencia por el otro; e inversi\u00f3n para poder crecer y desarrollarnos\u201d, concluy\u00f3.<\/p>\n\n\n\n<figure class=\"wp-block-image\"><img decoding=\"async\" src=\"https:\/\/ci3.googleusercontent.com\/meips\/ADKq_NYuJ0jGSI8OOm5xgkOrW_38SQlrmH6GQ2kUAgEVkYBmx0UGlToXnSsh26ihIGY5643aZM3VlzPzALa85yL2nQUHMWrlImVGgMRgNguFkCWhFR_7-N3Ie5MWKGea4n8WDNaitRoAVZ5JS1PCmyo=s0-d-e1-ft#https:\/\/www.santafe.gob.ar\/noticias\/recursos\/fotos\/2024\/10\/2024-10-31NID_281562O_2.jpeg\" alt=\"\"\/><\/figure>\n\n\n\n<p><strong>Presupuesto 2025<\/strong><\/p>\n\n\n\n<p>El proyecto de ley prev\u00e9 un total de recursos de $ 10.468.127,25 millones (10,4 billones de pesos), creciendo respecto al presupuesto 2024 un 115 %, mientras que los gastos totales se estiman en $ 10.467.479,05 millones, presentando el ejercicio un equilibrio t\u00e9cnico de $648,2 millones.<\/p>\n\n\n\n<p>El gasto en seguridad, que comprende al Ministerio de Justicia y Seguridad y a la Unidad Ejecutora de Proyectos Especiales, cuenta con un aumento de 135 % respecto al a\u00f1o anterior, pero se destaca el aumento de 433 % en los denominados gastos de capital.<\/p>\n\n\n\n<p>Por su parte, Educaci\u00f3n contar\u00e1 con un presupuesto de $2,12 billones de pesos; y el rubro construcciones prev\u00e9 una inversi\u00f3n de 1,5 billones, considerando todas las \u00e1reas del Sector P\u00fablico Provincial.<\/p>\n\n\n\n<p>La inversi\u00f3n en infraestructura productiva, como as\u00ed tambi\u00e9n en Salud, son otros de los puntos destacados en el proyecto de Presupuesto 2025.<\/p>\n","protected":false},"excerpt":{"rendered":"<p>Pullaro destac\u00f3 que el Presupuesto 2025 \u201ctiene como eje el equilibrio fiscal.<\/p>\n","protected":false},"author":1,"featured_media":44532,"comment_status":"open","ping_status":"open","sticky":false,"template":"","format":"image","meta":{"_jetpack_memberships_contains_paid_content":false,"footnotes":"","jetpack_publicize_message":"","jetpack_publicize_feature_enabled":true,"jetpack_social_post_already_shared":true,"jetpack_social_options":{"image_generator_settings":{"template":"highway","default_image_id":0,"enabled":false},"version":2}},"categories":[8,1,2,7,3],"tags":[5030,11171,8777,11170,2846],"class_list":["post-44531","post","type-post","status-publish","format-image","has-post-thumbnail","hentry","category-deliberando","category-diario-armstrong","category-locales","category-politica","category-region","tag-diario-armstrong","tag-equilibrio-fiscal","tag-lic-graciela-de-la-casa","tag-presupuesto-2025","tag-pullaro","post_format-post-format-image"],"jetpack_publicize_connections":[],"jetpack_featured_media_url":"https:\/\/armstrongyregion.com.ar\/diario\/wp-content\/uploads\/2024\/11\/pullaro-1-11-24.jpg","jetpack_shortlink":"https:\/\/wp.me\/p62QDO-bAf","jetpack_sharing_enabled":true,"amp_enabled":true,"_links":{"self":[{"href":"https:\/\/armstrongyregion.com.ar\/diario\/wp-json\/wp\/v2\/posts\/44531","targetHints":{"allow":["GET"]}}],"collection":[{"href":"https:\/\/armstrongyregion.com.ar\/diario\/wp-json\/wp\/v2\/posts"}],"about":[{"href":"https:\/\/armstrongyregion.com.ar\/diario\/wp-json\/wp\/v2\/types\/post"}],"author":[{"embeddable":true,"href":"https:\/\/armstrongyregion.com.ar\/diario\/wp-json\/wp\/v2\/users\/1"}],"replies":[{"embeddable":true,"href":"https:\/\/armstrongyregion.com.ar\/diario\/wp-json\/wp\/v2\/comments?post=44531"}],"version-history":[{"count":1,"href":"https:\/\/armstrongyregion.com.ar\/diario\/wp-json\/wp\/v2\/posts\/44531\/revisions"}],"predecessor-version":[{"id":44533,"href":"https:\/\/armstrongyregion.com.ar\/diario\/wp-json\/wp\/v2\/posts\/44531\/revisions\/44533"}],"wp:featuredmedia":[{"embeddable":true,"href":"https:\/\/armstrongyregion.com.ar\/diario\/wp-json\/wp\/v2\/media\/44532"}],"wp:attachment":[{"href":"https:\/\/armstrongyregion.com.ar\/diario\/wp-json\/wp\/v2\/media?parent=44531"}],"wp:term":[{"taxonomy":"category","embeddable":true,"href":"https:\/\/armstrongyregion.com.ar\/diario\/wp-json\/wp\/v2\/categories?post=44531"},{"taxonomy":"post_tag","embeddable":true,"href":"https:\/\/armstrongyregion.com.ar\/diario\/wp-json\/wp\/v2\/tags?post=44531"}],"curies":[{"name":"wp","href":"https:\/\/api.w.org\/{rel}","templated":true}]}}