{"id":44528,"date":"2024-11-01T02:43:19","date_gmt":"2024-11-01T02:43:19","guid":{"rendered":"https:\/\/armstrongyregion.com.ar\/diario\/?p=44528"},"modified":"2024-11-01T02:48:53","modified_gmt":"2024-11-01T02:48:53","slug":"detalle-de-minutas-de-comunicacion-presentadas-por-el-bloque-renovacion-por-armstrong","status":"publish","type":"post","link":"https:\/\/armstrongyregion.com.ar\/diario\/detalle-de-minutas-de-comunicacion-presentadas-por-el-bloque-renovacion-por-armstrong\/","title":{"rendered":"Detalle de minutas de comunicaci\u00f3n presentadas por el bloque Renovacion por Armstrong."},"content":{"rendered":"\n<figure class=\"wp-block-image size-full\"><a href=\"http:\/\/armstrongyregion.com.ar\/diario\/wp-content\/uploads\/2024\/08\/Emiliano-Gramigna-15-8-24-.jpg\"><img loading=\"lazy\" decoding=\"async\" width=\"756\" height=\"666\" src=\"http:\/\/armstrongyregion.com.ar\/diario\/wp-content\/uploads\/2024\/08\/Emiliano-Gramigna-15-8-24-.jpg\" alt=\"\" class=\"wp-image-43750\" srcset=\"https:\/\/armstrongyregion.com.ar\/diario\/wp-content\/uploads\/2024\/08\/Emiliano-Gramigna-15-8-24-.jpg 756w, https:\/\/armstrongyregion.com.ar\/diario\/wp-content\/uploads\/2024\/08\/Emiliano-Gramigna-15-8-24--300x264.jpg 300w\" sizes=\"auto, (max-width: 756px) 100vw, 756px\" \/><\/a><\/figure>\n\n\n\n<p><strong>El concejal Emiliano Gramigna, detall\u00f3 las presentaciones de esta forma<\/strong>: \u201cUna de ellas es para realizar una campa\u00f1a de concientizaci\u00f3n sobre los factores de riesgo y los medios de prevenci\u00f3n de la espina b\u00edfida e hidrocefalia. Esta minuta tiene como finalidad que el \u00e1rea de salud municipal y que desde este mismo concejo podamos realizar campa\u00f1a para poder prevenir esta enfermedad, que si bien es multicausal y que se da en el tiempo de embarazo, puede tener algunos factores externos que se pueden evitar, como por ejemplo la ingesta de \u00e1cido f\u00f3lico, como as\u00ed tambi\u00e9n la ingesta de determinados medicamentos y los controles pertinentes para poder accionar en consecuencia\u201d<\/p>\n\n\n\n<p><strong>El edil tambi\u00e9n detall\u00f3 otra de las minutas presentadas diciendo<\/strong>: \u201cLa otra es para un relevamiento y acondicionamiento de las rampas y las veredas en el cementerio, ya que es un lugar muy concurrido por personas algunas mayores, y a veces no pueden acceder por esa dificultad en las veredas y rampas\u201d<\/p>\n\n\n\n<p><strong>Finalmente Gramigna dijo que el otro proyecto se basa en<\/strong>: \u201cEl acondicionamiento de las bicisendas de la ciudad, las que van al \u00e1rea industrial, la que va al paseo saludable y tambi\u00e9n las que van a las f\u00e1bricas que est\u00e1n a la ruta 9, porque est\u00e1n agrietadas, donde crecen malezas, y reduce el espacio de circulaci\u00f3n\u201d.<\/p>\n","protected":false},"excerpt":{"rendered":"<p>Detalle de minutas de comunicaci\u00f3n presentadas por el bloque Renovaci\u00f3n por Armstrong<\/p>\n","protected":false},"author":1,"featured_media":43750,"comment_status":"open","ping_status":"open","sticky":false,"template":"","format":"image","meta":{"_jetpack_memberships_contains_paid_content":false,"footnotes":"","jetpack_publicize_message":"","jetpack_publicize_feature_enabled":true,"jetpack_social_post_already_shared":true,"jetpack_social_options":{"image_generator_settings":{"template":"highway","default_image_id":0,"enabled":false},"version":2}},"categories":[8,1,2,7,3],"tags":[868,5030,9423,8777,8598,10674],"class_list":["post-44528","post","type-post","status-publish","format-image","has-post-thumbnail","hentry","category-deliberando","category-diario-armstrong","category-locales","category-politica","category-region","tag-concejo","tag-diario-armstrong","tag-emiliano-gramigna","tag-lic-graciela-de-la-casa","tag-proyectos-2","tag-renovacion-por-armstrong-2","post_format-post-format-image"],"jetpack_publicize_connections":[],"jetpack_featured_media_url":"https:\/\/armstrongyregion.com.ar\/diario\/wp-content\/uploads\/2024\/08\/Emiliano-Gramigna-15-8-24-.jpg","jetpack_shortlink":"https:\/\/wp.me\/p62QDO-bAc","jetpack_sharing_enabled":true,"amp_enabled":true,"_links":{"self":[{"href":"https:\/\/armstrongyregion.com.ar\/diario\/wp-json\/wp\/v2\/posts\/44528","targetHints":{"allow":["GET"]}}],"collection":[{"href":"https:\/\/armstrongyregion.com.ar\/diario\/wp-json\/wp\/v2\/posts"}],"about":[{"href":"https:\/\/armstrongyregion.com.ar\/diario\/wp-json\/wp\/v2\/types\/post"}],"author":[{"embeddable":true,"href":"https:\/\/armstrongyregion.com.ar\/diario\/wp-json\/wp\/v2\/users\/1"}],"replies":[{"embeddable":true,"href":"https:\/\/armstrongyregion.com.ar\/diario\/wp-json\/wp\/v2\/comments?post=44528"}],"version-history":[{"count":2,"href":"https:\/\/armstrongyregion.com.ar\/diario\/wp-json\/wp\/v2\/posts\/44528\/revisions"}],"predecessor-version":[{"id":44530,"href":"https:\/\/armstrongyregion.com.ar\/diario\/wp-json\/wp\/v2\/posts\/44528\/revisions\/44530"}],"wp:featuredmedia":[{"embeddable":true,"href":"https:\/\/armstrongyregion.com.ar\/diario\/wp-json\/wp\/v2\/media\/43750"}],"wp:attachment":[{"href":"https:\/\/armstrongyregion.com.ar\/diario\/wp-json\/wp\/v2\/media?parent=44528"}],"wp:term":[{"taxonomy":"category","embeddable":true,"href":"https:\/\/armstrongyregion.com.ar\/diario\/wp-json\/wp\/v2\/categories?post=44528"},{"taxonomy":"post_tag","embeddable":true,"href":"https:\/\/armstrongyregion.com.ar\/diario\/wp-json\/wp\/v2\/tags?post=44528"}],"curies":[{"name":"wp","href":"https:\/\/api.w.org\/{rel}","templated":true}]}}