{"id":44525,"date":"2024-11-01T02:33:39","date_gmt":"2024-11-01T02:33:39","guid":{"rendered":"https:\/\/armstrongyregion.com.ar\/diario\/?p=44525"},"modified":"2024-11-01T02:33:42","modified_gmt":"2024-11-01T02:33:42","slug":"el-proyecto-de-presupuesto-2025-ingreso-a-diputados","status":"publish","type":"post","link":"https:\/\/armstrongyregion.com.ar\/diario\/el-proyecto-de-presupuesto-2025-ingreso-a-diputados\/","title":{"rendered":"El proyecto de presupuesto 2025 ingres\u00f3 a Diputados."},"content":{"rendered":"\n<figure class=\"wp-block-image size-full\"><a href=\"http:\/\/armstrongyregion.com.ar\/diario\/wp-content\/uploads\/2024\/11\/CLARITA-PRESUPUESTO-25.jpg\"><img loading=\"lazy\" decoding=\"async\" width=\"800\" height=\"533\" src=\"http:\/\/armstrongyregion.com.ar\/diario\/wp-content\/uploads\/2024\/11\/CLARITA-PRESUPUESTO-25.jpg\" alt=\"\" class=\"wp-image-44526\" srcset=\"https:\/\/armstrongyregion.com.ar\/diario\/wp-content\/uploads\/2024\/11\/CLARITA-PRESUPUESTO-25.jpg 800w, https:\/\/armstrongyregion.com.ar\/diario\/wp-content\/uploads\/2024\/11\/CLARITA-PRESUPUESTO-25-300x200.jpg 300w, https:\/\/armstrongyregion.com.ar\/diario\/wp-content\/uploads\/2024\/11\/CLARITA-PRESUPUESTO-25-768x512.jpg 768w\" sizes=\"auto, (max-width: 800px) 100vw, 800px\" \/><\/a><\/figure>\n\n\n\n<h2 class=\"wp-block-heading\"><em>\u201cDe ac\u00e1 a fin de a\u00f1o nos queda un trabajo muy fuerte para que esta ley de leyes sea aprobada\u201d, anticip\u00f3 Clara Garc\u00eda, quien recibi\u00f3 la iniciativa de manos de los ministros Bast\u00eda y Olivares.<\/em><\/h2>\n\n\n\n<p>La presidenta de la C\u00e1mara de Diputadas y Diputados, Clara Garc\u00eda, recibi\u00f3 el proyecto de Ley de Presupuesto 2025 de manos del ministro de Gobierno, Fabi\u00e1n Bast\u00eda; y de su par de Econom\u00eda, Pablo Olivares. Fue en el marco de un encuentro del que tambi\u00e9n participaron el vicepresidente primero del organismo legislativo, Jos\u00e9 Corral; y la vicepresidenta segunda, Sonia Martorano.<\/p>\n\n\n\n<p>\u201cDe ac\u00e1 a fin de a\u00f1o nos queda un trabajo muy fuerte en la Comisi\u00f3n de Presupuesto para que esta ley de leyes sea aprobada\u201d, se comprometi\u00f3 Garc\u00eda, al tiempo que destac\u00f3 el gesto de las autoridades provinciales de ingresar la iniciativa de manera personal a la Legislatura: \u201cEs la ley madre de todas las leyes, la que marca cu\u00e1l ser\u00e1 el camino del gobierno provincial de cara a 2025\u201d.<\/p>\n\n\n\n<p>Con respecto al proyecto, espec\u00edficamente, la titular de la C\u00e1mara baja se\u00f1al\u00f3 que \u201ces un presupuesto equilibrado y eso ya es una definici\u00f3n en s\u00ed misma\u201d. Adem\u00e1s, destac\u00f3 que refleja la decisi\u00f3n del gobernador Maximiliano Pullaro y su equipo de contemplar \u201clas cuestiones m\u00e1s importantes, como la seguridad, donde contin\u00faa la inversi\u00f3n en equipamiento y m\u00f3viles policiales, as\u00ed como tambi\u00e9n en infraestructura carcelaria\u201d.<\/p>\n\n\n\n<p>En materia de educaci\u00f3n, Garc\u00eda mencion\u00f3 el programa Mil aulas y la inversi\u00f3n en conectividad; en salud p\u00fablica, el equipamiento del Hospital Regional de Rafaela y el reinicio de las obras en el Hospital Regional Sur; en desarrollo social, el programa destinado a las primeras infancias, de 0 a 4 a\u00f1os. Tambi\u00e9n puso de relieve las inversiones previstas por la Empresa Provincial de la Energ\u00eda y Aguas Santafesinas, as\u00ed como para el tendido de gasoductos, caminos rurales, rutas y viviendas.<\/p>\n","protected":false},"excerpt":{"rendered":"<p>El proyecto de presupuesto 2025 ingres\u00f3 a Diputados.<\/p>\n","protected":false},"author":1,"featured_media":44526,"comment_status":"open","ping_status":"open","sticky":false,"template":"","format":"image","meta":{"_jetpack_memberships_contains_paid_content":false,"footnotes":"","jetpack_publicize_message":"","jetpack_publicize_feature_enabled":true,"jetpack_social_post_already_shared":true,"jetpack_social_options":{"image_generator_settings":{"template":"highway","default_image_id":0,"enabled":false},"version":2}},"categories":[8,1,2,7,3],"tags":[9196,5030,9626,8777,11170],"class_list":["post-44525","post","type-post","status-publish","format-image","has-post-thumbnail","hentry","category-deliberando","category-diario-armstrong","category-locales","category-politica","category-region","tag-clara-garcia","tag-diario-armstrong","tag-diputados-2","tag-lic-graciela-de-la-casa","tag-presupuesto-2025","post_format-post-format-image"],"jetpack_publicize_connections":[],"jetpack_featured_media_url":"https:\/\/armstrongyregion.com.ar\/diario\/wp-content\/uploads\/2024\/11\/CLARITA-PRESUPUESTO-25.jpg","jetpack_shortlink":"https:\/\/wp.me\/p62QDO-bA9","jetpack_sharing_enabled":true,"amp_enabled":true,"_links":{"self":[{"href":"https:\/\/armstrongyregion.com.ar\/diario\/wp-json\/wp\/v2\/posts\/44525","targetHints":{"allow":["GET"]}}],"collection":[{"href":"https:\/\/armstrongyregion.com.ar\/diario\/wp-json\/wp\/v2\/posts"}],"about":[{"href":"https:\/\/armstrongyregion.com.ar\/diario\/wp-json\/wp\/v2\/types\/post"}],"author":[{"embeddable":true,"href":"https:\/\/armstrongyregion.com.ar\/diario\/wp-json\/wp\/v2\/users\/1"}],"replies":[{"embeddable":true,"href":"https:\/\/armstrongyregion.com.ar\/diario\/wp-json\/wp\/v2\/comments?post=44525"}],"version-history":[{"count":1,"href":"https:\/\/armstrongyregion.com.ar\/diario\/wp-json\/wp\/v2\/posts\/44525\/revisions"}],"predecessor-version":[{"id":44527,"href":"https:\/\/armstrongyregion.com.ar\/diario\/wp-json\/wp\/v2\/posts\/44525\/revisions\/44527"}],"wp:featuredmedia":[{"embeddable":true,"href":"https:\/\/armstrongyregion.com.ar\/diario\/wp-json\/wp\/v2\/media\/44526"}],"wp:attachment":[{"href":"https:\/\/armstrongyregion.com.ar\/diario\/wp-json\/wp\/v2\/media?parent=44525"}],"wp:term":[{"taxonomy":"category","embeddable":true,"href":"https:\/\/armstrongyregion.com.ar\/diario\/wp-json\/wp\/v2\/categories?post=44525"},{"taxonomy":"post_tag","embeddable":true,"href":"https:\/\/armstrongyregion.com.ar\/diario\/wp-json\/wp\/v2\/tags?post=44525"}],"curies":[{"name":"wp","href":"https:\/\/api.w.org\/{rel}","templated":true}]}}