{"id":44521,"date":"2024-10-31T17:34:55","date_gmt":"2024-10-31T17:34:55","guid":{"rendered":"https:\/\/armstrongyregion.com.ar\/diario\/?p=44521"},"modified":"2024-10-31T17:34:57","modified_gmt":"2024-10-31T17:34:57","slug":"luz-marina-fischer-celebro-la-aprobacion-de-un-proyecto-de-su-autoria","status":"publish","type":"post","link":"https:\/\/armstrongyregion.com.ar\/diario\/luz-marina-fischer-celebro-la-aprobacion-de-un-proyecto-de-su-autoria\/","title":{"rendered":"Luz Marina Fischer celebr\u00f3 la aprobaci\u00f3n de un proyecto de su autor\u00eda."},"content":{"rendered":"\n<figure class=\"wp-block-image size-full\"><a href=\"http:\/\/armstrongyregion.com.ar\/diario\/wp-content\/uploads\/2024\/10\/Luz-Fischer-Octubre-24.jpg\"><img loading=\"lazy\" decoding=\"async\" width=\"378\" height=\"377\" src=\"http:\/\/armstrongyregion.com.ar\/diario\/wp-content\/uploads\/2024\/10\/Luz-Fischer-Octubre-24.jpg\" alt=\"\" class=\"wp-image-44425\" srcset=\"https:\/\/armstrongyregion.com.ar\/diario\/wp-content\/uploads\/2024\/10\/Luz-Fischer-Octubre-24.jpg 378w, https:\/\/armstrongyregion.com.ar\/diario\/wp-content\/uploads\/2024\/10\/Luz-Fischer-Octubre-24-300x300.jpg 300w, https:\/\/armstrongyregion.com.ar\/diario\/wp-content\/uploads\/2024\/10\/Luz-Fischer-Octubre-24-150x150.jpg 150w\" sizes=\"auto, (max-width: 378px) 100vw, 378px\" \/><\/a><\/figure>\n\n\n\n<p>La concejala del partido Justicialista, Luz Marina Fischer as\u00ed se refiri\u00f3 a la aprobaci\u00f3n de un proyecto presentado por su bloque: \u201cEs un proyecto que presentamos hace menos de dos meses y hoy se aprob\u00f3, se trabaj\u00f3 mucho en comisi\u00f3n, tuve que defenderlo bastante, ya que hab\u00eda un poco de reticencia, hubo algunas discusiones, lo expreso en positivo, ya que es nuestra funci\u00f3n discutir ideas. Me interesaba much\u00edsimo porque se trata de la carteler\u00eda de campa\u00f1a.\u201d<\/p>\n\n\n\n<p>\u00abLa ordenanza contempla la prohibici\u00f3n de colocar los carteles antes de los 35 d\u00edas previos a la votaci\u00f3n y retirarlos dentro de las 72 hs de realizada la elecci\u00f3n. Los mismos no podr\u00e1n exceder los 5 metros cuadrados.\u00bb Expres\u00f3 Fischer.<\/p>\n\n\n\n<p>Luego a\u00f1adi\u00f3: \u00abCada Partido Pol\u00edtico podr\u00e1 colocar hasta 40 carteles EN TOTAL (incluye cualquier cargo dentro del partido y las internas, ya sean elecciones nacionales, provinciales, departamentales o locales);<br>y deber\u00e1n estar a  m\u00e1s de 100 metros de las Escuelas donde se realizan los comicios. La ordenanza proh\u00edbe colocarlos en arbolado, monumentos hist\u00f3ricos, cementerio, bienes del patrimonio urbano, edificios p\u00fablicos, estatuas, farolas, paradas de colectivos, equipamiento urbano, iglesias y otros edificios destinados al culto religioso. Quedan eximidos los locales partidarios. El municipio esta facultado para hacer cumplir dicha norma, en caso negativo deber\u00e1 remover los carteles en infracci\u00f3n y aplicar sanciones.\u00bb<\/p>\n\n\n\n<p>\u00abOjal\u00e1 que hay compromiso de los partidos pol\u00edticos y se mantengan nuestros espacios p\u00fablicos en buenas condiciones, cuidando el medio ambiente, los espacios culturales y edificios p\u00fablicos.\u00bb Finaliz\u00f3.<\/p>\n\n\n\n<p><\/p>\n","protected":false},"excerpt":{"rendered":"<p>Luz Marina Fischer celebr\u00f3 la aprobaci\u00f3n de un proyecto de su autor\u00eda.<\/p>\n","protected":false},"author":1,"featured_media":44425,"comment_status":"open","ping_status":"open","sticky":false,"template":"","format":"image","meta":{"_jetpack_memberships_contains_paid_content":false,"footnotes":"","jetpack_publicize_message":"","jetpack_publicize_feature_enabled":true,"jetpack_social_post_already_shared":true,"jetpack_social_options":{"image_generator_settings":{"template":"highway","default_image_id":0,"enabled":false},"version":2}},"categories":[8,1,2,7,3],"tags":[8385,11169,9263,2040,19,5030,31,8777,9262,639,35],"class_list":["post-44521","post","type-post","status-publish","format-image","has-post-thumbnail","hentry","category-deliberando","category-diario-armstrong","category-locales","category-politica","category-region","tag-aprobacion","tag-autoria","tag-carteleria","tag-celebro","tag-de","tag-diario-armstrong","tag-la","tag-lic-graciela-de-la-casa","tag-luz-marina-fischer","tag-proyecto","tag-su","post_format-post-format-image"],"jetpack_publicize_connections":[],"jetpack_featured_media_url":"https:\/\/armstrongyregion.com.ar\/diario\/wp-content\/uploads\/2024\/10\/Luz-Fischer-Octubre-24.jpg","jetpack_shortlink":"https:\/\/wp.me\/p62QDO-bA5","jetpack_sharing_enabled":true,"amp_enabled":true,"_links":{"self":[{"href":"https:\/\/armstrongyregion.com.ar\/diario\/wp-json\/wp\/v2\/posts\/44521","targetHints":{"allow":["GET"]}}],"collection":[{"href":"https:\/\/armstrongyregion.com.ar\/diario\/wp-json\/wp\/v2\/posts"}],"about":[{"href":"https:\/\/armstrongyregion.com.ar\/diario\/wp-json\/wp\/v2\/types\/post"}],"author":[{"embeddable":true,"href":"https:\/\/armstrongyregion.com.ar\/diario\/wp-json\/wp\/v2\/users\/1"}],"replies":[{"embeddable":true,"href":"https:\/\/armstrongyregion.com.ar\/diario\/wp-json\/wp\/v2\/comments?post=44521"}],"version-history":[{"count":1,"href":"https:\/\/armstrongyregion.com.ar\/diario\/wp-json\/wp\/v2\/posts\/44521\/revisions"}],"predecessor-version":[{"id":44522,"href":"https:\/\/armstrongyregion.com.ar\/diario\/wp-json\/wp\/v2\/posts\/44521\/revisions\/44522"}],"wp:featuredmedia":[{"embeddable":true,"href":"https:\/\/armstrongyregion.com.ar\/diario\/wp-json\/wp\/v2\/media\/44425"}],"wp:attachment":[{"href":"https:\/\/armstrongyregion.com.ar\/diario\/wp-json\/wp\/v2\/media?parent=44521"}],"wp:term":[{"taxonomy":"category","embeddable":true,"href":"https:\/\/armstrongyregion.com.ar\/diario\/wp-json\/wp\/v2\/categories?post=44521"},{"taxonomy":"post_tag","embeddable":true,"href":"https:\/\/armstrongyregion.com.ar\/diario\/wp-json\/wp\/v2\/tags?post=44521"}],"curies":[{"name":"wp","href":"https:\/\/api.w.org\/{rel}","templated":true}]}}