{"id":44516,"date":"2024-10-31T16:54:29","date_gmt":"2024-10-31T16:54:29","guid":{"rendered":"https:\/\/armstrongyregion.com.ar\/diario\/?p=44516"},"modified":"2024-10-31T16:54:32","modified_gmt":"2024-10-31T16:54:32","slug":"avanzan-los-bacheos-de-vialidad-nacional-en-la-travesia-de-rn-178-por-las-rosas","status":"publish","type":"post","link":"https:\/\/armstrongyregion.com.ar\/diario\/avanzan-los-bacheos-de-vialidad-nacional-en-la-travesia-de-rn-178-por-las-rosas\/","title":{"rendered":"Avanzan los bacheos de Vialidad Nacional en la traves\u00eda de RN 178 por Las Rosas."},"content":{"rendered":"\n<figure class=\"wp-block-image size-full\"><a href=\"http:\/\/armstrongyregion.com.ar\/diario\/wp-content\/uploads\/2024\/10\/RN-178-VIALIDAD-NACIONAL-CONTINUA-LAS-MEJORAS-EN-RN-178-EN-LAS-ROSAS-.-1-1.jpg\"><img loading=\"lazy\" decoding=\"async\" width=\"767\" height=\"408\" src=\"http:\/\/armstrongyregion.com.ar\/diario\/wp-content\/uploads\/2024\/10\/RN-178-VIALIDAD-NACIONAL-CONTINUA-LAS-MEJORAS-EN-RN-178-EN-LAS-ROSAS-.-1-1.jpg\" alt=\"\" class=\"wp-image-44517\" srcset=\"https:\/\/armstrongyregion.com.ar\/diario\/wp-content\/uploads\/2024\/10\/RN-178-VIALIDAD-NACIONAL-CONTINUA-LAS-MEJORAS-EN-RN-178-EN-LAS-ROSAS-.-1-1.jpg 767w, https:\/\/armstrongyregion.com.ar\/diario\/wp-content\/uploads\/2024\/10\/RN-178-VIALIDAD-NACIONAL-CONTINUA-LAS-MEJORAS-EN-RN-178-EN-LAS-ROSAS-.-1-1-300x160.jpg 300w\" sizes=\"auto, (max-width: 767px) 100vw, 767px\" \/><\/a><\/figure>\n\n\n\n<h2 class=\"wp-block-heading\">\u00a0Por intermedio del 7\u00ba Distrito Santa Fe, Vialidad Nacional progresa con los arreglos de la Ruta Nacional 178 a la altura de Las Rosas. Luego de ejecutado el fresado de deformaciones y el recupero de banquinas se avanza en esta instancia con la colocaci\u00f3n de material asf\u00e1ltico en caliente, cedido por el municipio local. Los trabajos en marcha recuperan la transitabilidad de este sector urbano del corredor nacional por la cabecera del departamento Belgrano.<\/h2>\n\n\n\n<figure class=\"wp-block-image size-full\"><a href=\"http:\/\/armstrongyregion.com.ar\/diario\/wp-content\/uploads\/2024\/10\/RN-178-VIALIDAD-NACIONAL-CONTINUA-LAS-MEJORAS-EN-RN-178-EN-LAS-ROSAS-1-1.jpg\"><img loading=\"lazy\" decoding=\"async\" width=\"776\" height=\"436\" src=\"http:\/\/armstrongyregion.com.ar\/diario\/wp-content\/uploads\/2024\/10\/RN-178-VIALIDAD-NACIONAL-CONTINUA-LAS-MEJORAS-EN-RN-178-EN-LAS-ROSAS-1-1.jpg\" alt=\"\" class=\"wp-image-44518\" srcset=\"https:\/\/armstrongyregion.com.ar\/diario\/wp-content\/uploads\/2024\/10\/RN-178-VIALIDAD-NACIONAL-CONTINUA-LAS-MEJORAS-EN-RN-178-EN-LAS-ROSAS-1-1.jpg 776w, https:\/\/armstrongyregion.com.ar\/diario\/wp-content\/uploads\/2024\/10\/RN-178-VIALIDAD-NACIONAL-CONTINUA-LAS-MEJORAS-EN-RN-178-EN-LAS-ROSAS-1-1-300x169.jpg 300w, https:\/\/armstrongyregion.com.ar\/diario\/wp-content\/uploads\/2024\/10\/RN-178-VIALIDAD-NACIONAL-CONTINUA-LAS-MEJORAS-EN-RN-178-EN-LAS-ROSAS-1-1-768x432.jpg 768w\" sizes=\"auto, (max-width: 776px) 100vw, 776px\" \/><\/a><\/figure>\n\n\n\n<p>Cabe recordar que en los trayectos con presencia de trabajadores viales nacionales y equipos se produce la reducci\u00f3n de un carril, con paso alternado coordinado por banderilleros. Colabora en el ordenamiento de la circulaci\u00f3n la polic\u00eda de tr\u00e1nsito del municipio.<\/p>\n\n\n\n<figure class=\"wp-block-image size-full\"><a href=\"http:\/\/armstrongyregion.com.ar\/diario\/wp-content\/uploads\/2024\/10\/RN-178-VIALIDAD-NACIONAL-EJECUTA-BACHEO-CON-ASFALTO-EN-LAS-ROSAS-31-.jpg\"><img loading=\"lazy\" decoding=\"async\" width=\"800\" height=\"450\" src=\"http:\/\/armstrongyregion.com.ar\/diario\/wp-content\/uploads\/2024\/10\/RN-178-VIALIDAD-NACIONAL-EJECUTA-BACHEO-CON-ASFALTO-EN-LAS-ROSAS-31-.jpg\" alt=\"\" class=\"wp-image-44519\" srcset=\"https:\/\/armstrongyregion.com.ar\/diario\/wp-content\/uploads\/2024\/10\/RN-178-VIALIDAD-NACIONAL-EJECUTA-BACHEO-CON-ASFALTO-EN-LAS-ROSAS-31-.jpg 800w, https:\/\/armstrongyregion.com.ar\/diario\/wp-content\/uploads\/2024\/10\/RN-178-VIALIDAD-NACIONAL-EJECUTA-BACHEO-CON-ASFALTO-EN-LAS-ROSAS-31--300x169.jpg 300w, https:\/\/armstrongyregion.com.ar\/diario\/wp-content\/uploads\/2024\/10\/RN-178-VIALIDAD-NACIONAL-EJECUTA-BACHEO-CON-ASFALTO-EN-LAS-ROSAS-31--768x432.jpg 768w\" sizes=\"auto, (max-width: 800px) 100vw, 800px\" \/><\/a><\/figure>\n\n\n\n<p>En las intervenciones de mejoramiento de la RN 178 sobre Las Rosas Vialidad Nacional dispone de personal y equipamiento del 7\u00ba Distrito, a lo que suma el aporte del concreto asf\u00e1ltico en caliente por parte de la municipalidad en esta primera etapa, a la que seguir\u00e1 luego una contribuci\u00f3n de material por parte de Vialidad Provincial.<\/p>\n\n\n\n<p>Los tramos mejorados quedan liberados al tr\u00e1nsito una vez ejecutadas las mejoras y fraguado el material en caliente dispuesto.<\/p>\n","protected":false},"excerpt":{"rendered":"<p>Avanzan los bacheos de Vialidad Nacional en la traves\u00eda de RN 178 por Las Rosas.<\/p>\n","protected":false},"author":1,"featured_media":44519,"comment_status":"open","ping_status":"open","sticky":false,"template":"","format":"image","meta":{"_jetpack_memberships_contains_paid_content":false,"footnotes":"","jetpack_publicize_message":"","jetpack_publicize_feature_enabled":true,"jetpack_social_post_already_shared":true,"jetpack_social_options":{"image_generator_settings":{"template":"highway","default_image_id":0,"enabled":false},"version":2}},"categories":[8,1,2,7,3],"tags":[2400,11168,5030,15,8883,8777,9133,8927],"class_list":["post-44516","post","type-post","status-publish","format-image","has-post-thumbnail","hentry","category-deliberando","category-diario-armstrong","category-locales","category-politica","category-region","tag-avanzan","tag-bacheos","tag-diario-armstrong","tag-en","tag-las-rosas-2","tag-lic-graciela-de-la-casa","tag-rn-178","tag-vialidad-nacional","post_format-post-format-image"],"jetpack_publicize_connections":[],"jetpack_featured_media_url":"https:\/\/armstrongyregion.com.ar\/diario\/wp-content\/uploads\/2024\/10\/RN-178-VIALIDAD-NACIONAL-EJECUTA-BACHEO-CON-ASFALTO-EN-LAS-ROSAS-31-.jpg","jetpack_shortlink":"https:\/\/wp.me\/p62QDO-bA0","jetpack_sharing_enabled":true,"amp_enabled":true,"_links":{"self":[{"href":"https:\/\/armstrongyregion.com.ar\/diario\/wp-json\/wp\/v2\/posts\/44516","targetHints":{"allow":["GET"]}}],"collection":[{"href":"https:\/\/armstrongyregion.com.ar\/diario\/wp-json\/wp\/v2\/posts"}],"about":[{"href":"https:\/\/armstrongyregion.com.ar\/diario\/wp-json\/wp\/v2\/types\/post"}],"author":[{"embeddable":true,"href":"https:\/\/armstrongyregion.com.ar\/diario\/wp-json\/wp\/v2\/users\/1"}],"replies":[{"embeddable":true,"href":"https:\/\/armstrongyregion.com.ar\/diario\/wp-json\/wp\/v2\/comments?post=44516"}],"version-history":[{"count":1,"href":"https:\/\/armstrongyregion.com.ar\/diario\/wp-json\/wp\/v2\/posts\/44516\/revisions"}],"predecessor-version":[{"id":44520,"href":"https:\/\/armstrongyregion.com.ar\/diario\/wp-json\/wp\/v2\/posts\/44516\/revisions\/44520"}],"wp:featuredmedia":[{"embeddable":true,"href":"https:\/\/armstrongyregion.com.ar\/diario\/wp-json\/wp\/v2\/media\/44519"}],"wp:attachment":[{"href":"https:\/\/armstrongyregion.com.ar\/diario\/wp-json\/wp\/v2\/media?parent=44516"}],"wp:term":[{"taxonomy":"category","embeddable":true,"href":"https:\/\/armstrongyregion.com.ar\/diario\/wp-json\/wp\/v2\/categories?post=44516"},{"taxonomy":"post_tag","embeddable":true,"href":"https:\/\/armstrongyregion.com.ar\/diario\/wp-json\/wp\/v2\/tags?post=44516"}],"curies":[{"name":"wp","href":"https:\/\/api.w.org\/{rel}","templated":true}]}}