{"id":44510,"date":"2024-10-31T02:12:37","date_gmt":"2024-10-31T02:12:37","guid":{"rendered":"https:\/\/armstrongyregion.com.ar\/diario\/?p=44510"},"modified":"2024-10-31T02:12:39","modified_gmt":"2024-10-31T02:12:39","slug":"mirabella-expreso-su-total-rechazo-al-comunicado-del-presidente-milei","status":"publish","type":"post","link":"https:\/\/armstrongyregion.com.ar\/diario\/mirabella-expreso-su-total-rechazo-al-comunicado-del-presidente-milei\/","title":{"rendered":"Mirabella: Expres\u00f3 su total rechazo al comunicado del presidente Milei."},"content":{"rendered":"\n<figure class=\"wp-block-image size-full\"><a href=\"http:\/\/armstrongyregion.com.ar\/diario\/wp-content\/uploads\/2024\/10\/RM.jpg\"><img loading=\"lazy\" decoding=\"async\" width=\"800\" height=\"552\" src=\"http:\/\/armstrongyregion.com.ar\/diario\/wp-content\/uploads\/2024\/10\/RM.jpg\" alt=\"\" class=\"wp-image-44511\" srcset=\"https:\/\/armstrongyregion.com.ar\/diario\/wp-content\/uploads\/2024\/10\/RM.jpg 800w, https:\/\/armstrongyregion.com.ar\/diario\/wp-content\/uploads\/2024\/10\/RM-300x207.jpg 300w, https:\/\/armstrongyregion.com.ar\/diario\/wp-content\/uploads\/2024\/10\/RM-768x530.jpg 768w\" sizes=\"auto, (max-width: 800px) 100vw, 800px\" \/><\/a><\/figure>\n\n\n\n<h2 class=\"wp-block-heading\"><strong>Mirabella expres\u00f3 su total rechazo al comunicado del presidente Milei que pide la renuncia al personal del Servicio Exterior de la Naci\u00f3n \u201cque no asuma el rumbo adoptado en defensa de las ideas de la libertad\u201d.<\/strong><\/h2>\n\n\n\n<p>El diputado nacional por Santa Fe, Roberto Mirabella, repudi\u00f3 la comunicaci\u00f3n enviada por el presidente Javier Milei, a funcionarios y personal del Servicio Exterior de la Naci\u00f3n \u2013 ISEN- donde los exhorta a presentar su renuncia a \u201cquienes no se encuentren en condiciones de asumir los desaf\u00edos que depara el rumbo adoptado en defensa de las ideas de la libertad\u201d.<br>\u00a0<br>Mirabella considera que la nota firmada por Javier Milei, \u201ces un verdadero atropello al enorme prestigio, formaci\u00f3n y trayectoria de los funcionarios del ISEN y sin ninguna duda, puede llevar a contravenir important\u00edsimos tratados internacionales en materia de derechos humanos, entre otros, y que fueron suscriptos por nuestro pa\u00eds con jerarqu\u00eda constitucional\u201d.<br>\u00a0<br>El representante de la provincia de Santa Fe en el Congreso de la Naci\u00f3n, consider\u00f3 que \u201csi bien los diplom\u00e1ticos deben responder a la pol\u00edtica exterior del Gobierno Nacional\u201d, remarc\u00f3 que \u201cde ning\u00fan modo se los puede instar a dar un paso al costado si no comulgan con la ideolog\u00eda del gobierno de turno\u201d.<br>\u00a0<br>Mirabella, en el proyecto de resoluci\u00f3n que present\u00f3 ante sus pares del Congreso, sali\u00f3 al cruce del comunicado presidencial se\u00f1alando \u201cque esto implica un desconocimiento de la trayectoria, idoneidad y capacitaci\u00f3n del cuerpo diplom\u00e1tico de nuestro pa\u00eds y un desprestigio que no pretende ser otra cosa que una amenaza indirecta a los que no se encolumnen detr\u00e1s de las ideas libertarias\u201d.<\/p>\n","protected":false},"excerpt":{"rendered":"<p>Mirabella: Expres\u00f3 su total rechazo al comunicado del presidente Milei.<\/p>\n","protected":false},"author":1,"featured_media":44511,"comment_status":"open","ping_status":"open","sticky":false,"template":"","format":"image","meta":{"_jetpack_memberships_contains_paid_content":false,"footnotes":"","jetpack_publicize_message":"","jetpack_publicize_feature_enabled":true,"jetpack_social_post_already_shared":true,"jetpack_social_options":{"image_generator_settings":{"template":"highway","default_image_id":0,"enabled":false},"version":2}},"categories":[8,1,2,7,3],"tags":[1080,19,5030,8777,9708,9301,11167],"class_list":["post-44510","post","type-post","status-publish","format-image","has-post-thumbnail","hentry","category-deliberando","category-diario-armstrong","category-locales","category-politica","category-region","tag-comunicado","tag-de","tag-diario-armstrong","tag-lic-graciela-de-la-casa","tag-milei","tag-mirabella","tag-rechazo-2","post_format-post-format-image"],"jetpack_publicize_connections":[],"jetpack_featured_media_url":"https:\/\/armstrongyregion.com.ar\/diario\/wp-content\/uploads\/2024\/10\/RM.jpg","jetpack_shortlink":"https:\/\/wp.me\/p62QDO-bzU","jetpack_sharing_enabled":true,"amp_enabled":true,"_links":{"self":[{"href":"https:\/\/armstrongyregion.com.ar\/diario\/wp-json\/wp\/v2\/posts\/44510","targetHints":{"allow":["GET"]}}],"collection":[{"href":"https:\/\/armstrongyregion.com.ar\/diario\/wp-json\/wp\/v2\/posts"}],"about":[{"href":"https:\/\/armstrongyregion.com.ar\/diario\/wp-json\/wp\/v2\/types\/post"}],"author":[{"embeddable":true,"href":"https:\/\/armstrongyregion.com.ar\/diario\/wp-json\/wp\/v2\/users\/1"}],"replies":[{"embeddable":true,"href":"https:\/\/armstrongyregion.com.ar\/diario\/wp-json\/wp\/v2\/comments?post=44510"}],"version-history":[{"count":1,"href":"https:\/\/armstrongyregion.com.ar\/diario\/wp-json\/wp\/v2\/posts\/44510\/revisions"}],"predecessor-version":[{"id":44512,"href":"https:\/\/armstrongyregion.com.ar\/diario\/wp-json\/wp\/v2\/posts\/44510\/revisions\/44512"}],"wp:featuredmedia":[{"embeddable":true,"href":"https:\/\/armstrongyregion.com.ar\/diario\/wp-json\/wp\/v2\/media\/44511"}],"wp:attachment":[{"href":"https:\/\/armstrongyregion.com.ar\/diario\/wp-json\/wp\/v2\/media?parent=44510"}],"wp:term":[{"taxonomy":"category","embeddable":true,"href":"https:\/\/armstrongyregion.com.ar\/diario\/wp-json\/wp\/v2\/categories?post=44510"},{"taxonomy":"post_tag","embeddable":true,"href":"https:\/\/armstrongyregion.com.ar\/diario\/wp-json\/wp\/v2\/tags?post=44510"}],"curies":[{"name":"wp","href":"https:\/\/api.w.org\/{rel}","templated":true}]}}