{"id":44505,"date":"2024-10-31T02:08:15","date_gmt":"2024-10-31T02:08:15","guid":{"rendered":"https:\/\/armstrongyregion.com.ar\/diario\/?p=44505"},"modified":"2024-10-31T02:08:18","modified_gmt":"2024-10-31T02:08:18","slug":"armstrong-relanzamiento-del-programa-pro-huerta","status":"publish","type":"post","link":"https:\/\/armstrongyregion.com.ar\/diario\/armstrong-relanzamiento-del-programa-pro-huerta\/","title":{"rendered":"Armstrong. Relanzamiento del Programa Pro Huerta."},"content":{"rendered":"\n<figure class=\"wp-block-image size-full\"><a href=\"http:\/\/armstrongyregion.com.ar\/diario\/wp-content\/uploads\/2024\/10\/pro-huerta-1-.jpg\"><img loading=\"lazy\" decoding=\"async\" width=\"735\" height=\"490\" src=\"http:\/\/armstrongyregion.com.ar\/diario\/wp-content\/uploads\/2024\/10\/pro-huerta-1-.jpg\" alt=\"\" class=\"wp-image-44506\" srcset=\"https:\/\/armstrongyregion.com.ar\/diario\/wp-content\/uploads\/2024\/10\/pro-huerta-1-.jpg 735w, https:\/\/armstrongyregion.com.ar\/diario\/wp-content\/uploads\/2024\/10\/pro-huerta-1--300x200.jpg 300w\" sizes=\"auto, (max-width: 735px) 100vw, 735px\" \/><\/a><\/figure>\n\n\n\n<p>El viernes 25 de octubre, en el sal\u00f3n Delmo Dar\u00f3 de la Municipalidad de Armstrong, se realiz\u00f3 el<br>relanzamiento del Programa Pro Huerta del INTA Las Rosas, con el objetivo que las familias puedan<br>producir sus propios alimentos.<\/p>\n\n\n\n<figure class=\"wp-block-image size-full\"><a href=\"http:\/\/armstrongyregion.com.ar\/diario\/wp-content\/uploads\/2024\/10\/pro-huerta-4-.jpg\"><img loading=\"lazy\" decoding=\"async\" width=\"750\" height=\"500\" src=\"http:\/\/armstrongyregion.com.ar\/diario\/wp-content\/uploads\/2024\/10\/pro-huerta-4-.jpg\" alt=\"\" class=\"wp-image-44507\" srcset=\"https:\/\/armstrongyregion.com.ar\/diario\/wp-content\/uploads\/2024\/10\/pro-huerta-4-.jpg 750w, https:\/\/armstrongyregion.com.ar\/diario\/wp-content\/uploads\/2024\/10\/pro-huerta-4--300x200.jpg 300w\" sizes=\"auto, (max-width: 750px) 100vw, 750px\" \/><\/a><\/figure>\n\n\n\n<p><br>La actividad fue propuesta por Municipios y Comunas de la Provincia de Santa Fe en conjunto con el<br>Senador Pablo Verdecchia quien, junto a Senadores de otros Departamentos de la provincia,<br>adquirieron las semillas.<\/p>\n\n\n\n<figure class=\"wp-block-image size-full\"><a href=\"http:\/\/armstrongyregion.com.ar\/diario\/wp-content\/uploads\/2024\/10\/pro-huerta-3-.jpg\"><img loading=\"lazy\" decoding=\"async\" width=\"708\" height=\"472\" src=\"http:\/\/armstrongyregion.com.ar\/diario\/wp-content\/uploads\/2024\/10\/pro-huerta-3-.jpg\" alt=\"\" class=\"wp-image-44508\" srcset=\"https:\/\/armstrongyregion.com.ar\/diario\/wp-content\/uploads\/2024\/10\/pro-huerta-3-.jpg 708w, https:\/\/armstrongyregion.com.ar\/diario\/wp-content\/uploads\/2024\/10\/pro-huerta-3--300x200.jpg 300w\" sizes=\"auto, (max-width: 708px) 100vw, 708px\" \/><\/a><\/figure>\n\n\n\n<p><br>Se trata de un programa que tiene llegada desde lo social, donde desde lo t\u00e9cnico se acompa\u00f1an<br>procesos, y donde se generan emprendimientos familiares e institucionales.<br>En la oportunidad se ofreci\u00f3 una capacitaci\u00f3n a cargo de profesionales del INTA y se entregaron<br>semillas de la temporada primavera-verano.<\/p>\n","protected":false},"excerpt":{"rendered":"<p>Armstrong. Relanzamiento del Programa Pro Huerta.<\/p>\n","protected":false},"author":1,"featured_media":44506,"comment_status":"open","ping_status":"open","sticky":false,"template":"","format":"image","meta":{"_jetpack_memberships_contains_paid_content":false,"footnotes":"","jetpack_publicize_message":"","jetpack_publicize_feature_enabled":true,"jetpack_social_post_already_shared":true,"jetpack_social_options":{"image_generator_settings":{"template":"highway","default_image_id":0,"enabled":false},"version":2}},"categories":[8,1,2,7,3],"tags":[20,10721,8777,11166,582,11165],"class_list":["post-44505","post","type-post","status-publish","format-image","has-post-thumbnail","hentry","category-deliberando","category-diario-armstrong","category-locales","category-politica","category-region","tag-armstrong","tag-diario-armstrong-region","tag-lic-graciela-de-la-casa","tag-pro-huerta-2","tag-programa","tag-relanzamiento","post_format-post-format-image"],"jetpack_publicize_connections":[],"jetpack_featured_media_url":"https:\/\/armstrongyregion.com.ar\/diario\/wp-content\/uploads\/2024\/10\/pro-huerta-1-.jpg","jetpack_shortlink":"https:\/\/wp.me\/p62QDO-bzP","jetpack_sharing_enabled":true,"amp_enabled":true,"_links":{"self":[{"href":"https:\/\/armstrongyregion.com.ar\/diario\/wp-json\/wp\/v2\/posts\/44505","targetHints":{"allow":["GET"]}}],"collection":[{"href":"https:\/\/armstrongyregion.com.ar\/diario\/wp-json\/wp\/v2\/posts"}],"about":[{"href":"https:\/\/armstrongyregion.com.ar\/diario\/wp-json\/wp\/v2\/types\/post"}],"author":[{"embeddable":true,"href":"https:\/\/armstrongyregion.com.ar\/diario\/wp-json\/wp\/v2\/users\/1"}],"replies":[{"embeddable":true,"href":"https:\/\/armstrongyregion.com.ar\/diario\/wp-json\/wp\/v2\/comments?post=44505"}],"version-history":[{"count":1,"href":"https:\/\/armstrongyregion.com.ar\/diario\/wp-json\/wp\/v2\/posts\/44505\/revisions"}],"predecessor-version":[{"id":44509,"href":"https:\/\/armstrongyregion.com.ar\/diario\/wp-json\/wp\/v2\/posts\/44505\/revisions\/44509"}],"wp:featuredmedia":[{"embeddable":true,"href":"https:\/\/armstrongyregion.com.ar\/diario\/wp-json\/wp\/v2\/media\/44506"}],"wp:attachment":[{"href":"https:\/\/armstrongyregion.com.ar\/diario\/wp-json\/wp\/v2\/media?parent=44505"}],"wp:term":[{"taxonomy":"category","embeddable":true,"href":"https:\/\/armstrongyregion.com.ar\/diario\/wp-json\/wp\/v2\/categories?post=44505"},{"taxonomy":"post_tag","embeddable":true,"href":"https:\/\/armstrongyregion.com.ar\/diario\/wp-json\/wp\/v2\/tags?post=44505"}],"curies":[{"name":"wp","href":"https:\/\/api.w.org\/{rel}","templated":true}]}}