{"id":44502,"date":"2024-10-31T01:44:45","date_gmt":"2024-10-31T01:44:45","guid":{"rendered":"https:\/\/armstrongyregion.com.ar\/diario\/?p=44502"},"modified":"2024-10-31T01:44:47","modified_gmt":"2024-10-31T01:44:47","slug":"regulacion-de-carteleria-politica-en-campanas-electorales","status":"publish","type":"post","link":"https:\/\/armstrongyregion.com.ar\/diario\/regulacion-de-carteleria-politica-en-campanas-electorales\/","title":{"rendered":"Regulaci\u00f3n de carteler\u00eda pol\u00edtica en campa\u00f1as electorales."},"content":{"rendered":"\n<figure class=\"wp-block-image size-full\"><a href=\"http:\/\/armstrongyregion.com.ar\/diario\/wp-content\/uploads\/2024\/10\/Ale-Pertu-15-3-22-.jpg\"><img loading=\"lazy\" decoding=\"async\" width=\"378\" height=\"405\" src=\"http:\/\/armstrongyregion.com.ar\/diario\/wp-content\/uploads\/2024\/10\/Ale-Pertu-15-3-22-.jpg\" alt=\"\" class=\"wp-image-44503\" srcset=\"https:\/\/armstrongyregion.com.ar\/diario\/wp-content\/uploads\/2024\/10\/Ale-Pertu-15-3-22-.jpg 378w, https:\/\/armstrongyregion.com.ar\/diario\/wp-content\/uploads\/2024\/10\/Ale-Pertu-15-3-22--280x300.jpg 280w\" sizes=\"auto, (max-width: 378px) 100vw, 378px\" \/><\/a><\/figure>\n\n\n\n<p><strong>Sobre este proyecto presentado por el bloque justicialista el presidente del cuerpo Alejandro Pertusati manifest\u00f3<\/strong>: \u201cEn la noche de hoy, este proyecto fue aprobado. La reuni\u00f3n de comisi\u00f3n fue muy nutrida con mucho debate, porque el proyecto original ha tenido modificaciones&nbsp; y eso es muy importante desde todo punto de vista, ya sea desde el bloque original como de los otros bloques, ya que se aceptaron dichos cambios. Consider\u00e1bamos que era bastante restrictiva en muchos puntos por ello se le dio un poco m\u00e1s de flexibilidad a los mismos\u201d.<\/p>\n\n\n\n<p><strong>Pertusati, tambi\u00e9n dijo<\/strong> \u201cse busc\u00f3 tener coincidencias con la ley electoral vigente. La verdad sali\u00f3 una ordenanza buena que se puede llevar adelante por todos los partidos y se va a poder aplicar bien. Lo importante es que tuvieron participaci\u00f3n en la construcci\u00f3n de la misma todos los bloques.\u201d<\/p>\n\n\n\n<p>El bloque Unidos tambi\u00e9n present\u00f3 una serie de minutas de comunicaci\u00f3n, una muy importante referida a la 33\u00aa edici\u00f3n de la fiesta de las colectividades, si bien naci\u00f3 en la escuela N\u00b0 262 y es la instituci\u00f3n que lidera dicho evento, la comunidad armstronense la ha tomado como propia.\u201d\u00a0<\/p>\n\n\n\n<p>Graciela De la Casa- Oscar Crispino-<\/p>\n","protected":false},"excerpt":{"rendered":"<p>Regulaci\u00f3n de carteler\u00eda pol\u00edtica en campa\u00f1as electorales.<\/p>\n","protected":false},"author":1,"featured_media":44503,"comment_status":"open","ping_status":"open","sticky":false,"template":"","format":"image","meta":{"_jetpack_memberships_contains_paid_content":false,"footnotes":"","jetpack_publicize_message":"","jetpack_publicize_feature_enabled":true,"jetpack_social_post_already_shared":true,"jetpack_social_options":{"image_generator_settings":{"template":"highway","default_image_id":0,"enabled":false},"version":2}},"categories":[8,1,2,7,3],"tags":[3863,9263,19,10721,8777,11163],"class_list":["post-44502","post","type-post","status-publish","format-image","has-post-thumbnail","hentry","category-deliberando","category-diario-armstrong","category-locales","category-politica","category-region","tag-campanas","tag-carteleria","tag-de","tag-diario-armstrong-region","tag-lic-graciela-de-la-casa","tag-regulacion","post_format-post-format-image"],"jetpack_publicize_connections":[],"jetpack_featured_media_url":"https:\/\/armstrongyregion.com.ar\/diario\/wp-content\/uploads\/2024\/10\/Ale-Pertu-15-3-22-.jpg","jetpack_shortlink":"https:\/\/wp.me\/p62QDO-bzM","jetpack_sharing_enabled":true,"amp_enabled":true,"_links":{"self":[{"href":"https:\/\/armstrongyregion.com.ar\/diario\/wp-json\/wp\/v2\/posts\/44502","targetHints":{"allow":["GET"]}}],"collection":[{"href":"https:\/\/armstrongyregion.com.ar\/diario\/wp-json\/wp\/v2\/posts"}],"about":[{"href":"https:\/\/armstrongyregion.com.ar\/diario\/wp-json\/wp\/v2\/types\/post"}],"author":[{"embeddable":true,"href":"https:\/\/armstrongyregion.com.ar\/diario\/wp-json\/wp\/v2\/users\/1"}],"replies":[{"embeddable":true,"href":"https:\/\/armstrongyregion.com.ar\/diario\/wp-json\/wp\/v2\/comments?post=44502"}],"version-history":[{"count":1,"href":"https:\/\/armstrongyregion.com.ar\/diario\/wp-json\/wp\/v2\/posts\/44502\/revisions"}],"predecessor-version":[{"id":44504,"href":"https:\/\/armstrongyregion.com.ar\/diario\/wp-json\/wp\/v2\/posts\/44502\/revisions\/44504"}],"wp:featuredmedia":[{"embeddable":true,"href":"https:\/\/armstrongyregion.com.ar\/diario\/wp-json\/wp\/v2\/media\/44503"}],"wp:attachment":[{"href":"https:\/\/armstrongyregion.com.ar\/diario\/wp-json\/wp\/v2\/media?parent=44502"}],"wp:term":[{"taxonomy":"category","embeddable":true,"href":"https:\/\/armstrongyregion.com.ar\/diario\/wp-json\/wp\/v2\/categories?post=44502"},{"taxonomy":"post_tag","embeddable":true,"href":"https:\/\/armstrongyregion.com.ar\/diario\/wp-json\/wp\/v2\/tags?post=44502"}],"curies":[{"name":"wp","href":"https:\/\/api.w.org\/{rel}","templated":true}]}}