{"id":44489,"date":"2024-10-30T02:01:31","date_gmt":"2024-10-30T02:01:31","guid":{"rendered":"https:\/\/armstrongyregion.com.ar\/diario\/?p=44489"},"modified":"2024-10-30T02:24:25","modified_gmt":"2024-10-30T02:24:25","slug":"el-cuerpo-realizo-un-acompanamiento-solidario-a-camilo-y-su-familia-reforzando-el-lema-donar-es-vida","status":"publish","type":"post","link":"https:\/\/armstrongyregion.com.ar\/diario\/el-cuerpo-realizo-un-acompanamiento-solidario-a-camilo-y-su-familia-reforzando-el-lema-donar-es-vida\/","title":{"rendered":"El cuerpo realiz\u00f3 un acompa\u00f1amiento Solidario a Camilo y su familia reforzando el lema \u201cDonar es Vida\u201d"},"content":{"rendered":"\n<figure class=\"wp-block-image size-full\"><a href=\"http:\/\/armstrongyregion.com.ar\/diario\/wp-content\/uploads\/2024\/10\/concejo-octubre-2024.jpg\"><img loading=\"lazy\" decoding=\"async\" width=\"504\" height=\"378\" src=\"http:\/\/armstrongyregion.com.ar\/diario\/wp-content\/uploads\/2024\/10\/concejo-octubre-2024.jpg\" alt=\"\" class=\"wp-image-44490\" srcset=\"https:\/\/armstrongyregion.com.ar\/diario\/wp-content\/uploads\/2024\/10\/concejo-octubre-2024.jpg 504w, https:\/\/armstrongyregion.com.ar\/diario\/wp-content\/uploads\/2024\/10\/concejo-octubre-2024-300x225.jpg 300w\" sizes=\"auto, (max-width: 504px) 100vw, 504px\" \/><\/a><\/figure>\n\n\n\n<p>\u201cAnte la situaci\u00f3n que esta atravesando una familia de la ciudad; nos pareci\u00f3 correcto que el cuerpo tenga una sola voz y que sea de acompa\u00f1amiento, abrazo y solidaridad a la familia de Juliana y Francisco que son los pap\u00e1s de Camilo. Hemos visto en las distintas redes sociales como se ha compartido el lema \u201cDonar es Vida\u201d no solamente con gente de la ciudad sino tambi\u00e9n de la regi\u00f3n\u201d. Expres\u00f3 el Pte. del Cuerpo Prof. Alejandro Pertusati.<\/p>\n\n\n\n<figure class=\"wp-block-image size-full\"><a href=\"http:\/\/armstrongyregion.com.ar\/diario\/wp-content\/uploads\/2024\/10\/concejo-octubre-2024-b.jpg\"><img loading=\"lazy\" decoding=\"async\" width=\"504\" height=\"378\" src=\"http:\/\/armstrongyregion.com.ar\/diario\/wp-content\/uploads\/2024\/10\/concejo-octubre-2024-b.jpg\" alt=\"\" class=\"wp-image-44491\" srcset=\"https:\/\/armstrongyregion.com.ar\/diario\/wp-content\/uploads\/2024\/10\/concejo-octubre-2024-b.jpg 504w, https:\/\/armstrongyregion.com.ar\/diario\/wp-content\/uploads\/2024\/10\/concejo-octubre-2024-b-300x225.jpg 300w\" sizes=\"auto, (max-width: 504px) 100vw, 504px\" \/><\/a><\/figure>\n\n\n\n<p>Luego a\u00f1adi\u00f3: \u201cEn estos momentos toma mucha fuerza lo que sucedi\u00f3 en nuestro concejo en el mes de mayo, donde tratamos el tema y vino una mam\u00e1 que hablo de la donaci\u00f3n de \u00f3rganos de su hijo, qued\u00f3 bien en claro que el Donar es Vida y me parece que ese es el mensaje que debemos dar, y visibilizar la importancia de Educar y Hablar sobre este tema en un lugar como este, donde hemos sido elegidos por la gente. Hoy en el 2024, todo parece estar m\u00e1s al alcance de la mano porque estamos en la era digital y volvemos a lo m\u00e1s primitivo que es el valor de la vida misma\u201d.<\/p>\n\n\n\n<p>Hoy queremos reforzar los mensajes que se dieron en mayo, \u201cUn donante salva 7 vidas\u201d, \u201cLos \u00f3rganos no van a cielo\u201d, \u201cEl \u00faltimo acto de amor y de solidaridad\u201d y \u201cDonar salva vidas\u201d. Finaliz\u00f3 el edil.<\/p>\n","protected":false},"excerpt":{"rendered":"<p>El cuerpo realiz\u00f3 un acompa\u00f1amiento Solidario a Camilo y su familia reforzando el lema \u201cDonar es Vida\u201d<\/p>\n","protected":false},"author":1,"featured_media":44490,"comment_status":"open","ping_status":"open","sticky":false,"template":"","format":"image","meta":{"_jetpack_memberships_contains_paid_content":false,"footnotes":"","jetpack_publicize_message":"","jetpack_publicize_feature_enabled":true,"jetpack_social_post_already_shared":true,"jetpack_social_options":{"image_generator_settings":{"template":"highway","default_image_id":0,"enabled":false},"version":2}},"categories":[8,1,2,7,3],"tags":[1519,11156,1117,16,1163,8777,87,1975,35,192,13],"class_list":["post-44489","post","type-post","status-publish","format-image","has-post-thumbnail","hentry","category-deliberando","category-diario-armstrong","category-locales","category-politica","category-region","tag-acompanamiento","tag-camilo","tag-cuerpo","tag-el","tag-familia","tag-lic-graciela-de-la-casa","tag-realizo","tag-solidario","tag-su","tag-un","tag-y","post_format-post-format-image"],"jetpack_publicize_connections":[],"jetpack_featured_media_url":"https:\/\/armstrongyregion.com.ar\/diario\/wp-content\/uploads\/2024\/10\/concejo-octubre-2024.jpg","jetpack_shortlink":"https:\/\/wp.me\/p62QDO-bzz","jetpack_sharing_enabled":true,"amp_enabled":true,"_links":{"self":[{"href":"https:\/\/armstrongyregion.com.ar\/diario\/wp-json\/wp\/v2\/posts\/44489","targetHints":{"allow":["GET"]}}],"collection":[{"href":"https:\/\/armstrongyregion.com.ar\/diario\/wp-json\/wp\/v2\/posts"}],"about":[{"href":"https:\/\/armstrongyregion.com.ar\/diario\/wp-json\/wp\/v2\/types\/post"}],"author":[{"embeddable":true,"href":"https:\/\/armstrongyregion.com.ar\/diario\/wp-json\/wp\/v2\/users\/1"}],"replies":[{"embeddable":true,"href":"https:\/\/armstrongyregion.com.ar\/diario\/wp-json\/wp\/v2\/comments?post=44489"}],"version-history":[{"count":4,"href":"https:\/\/armstrongyregion.com.ar\/diario\/wp-json\/wp\/v2\/posts\/44489\/revisions"}],"predecessor-version":[{"id":44496,"href":"https:\/\/armstrongyregion.com.ar\/diario\/wp-json\/wp\/v2\/posts\/44489\/revisions\/44496"}],"wp:featuredmedia":[{"embeddable":true,"href":"https:\/\/armstrongyregion.com.ar\/diario\/wp-json\/wp\/v2\/media\/44490"}],"wp:attachment":[{"href":"https:\/\/armstrongyregion.com.ar\/diario\/wp-json\/wp\/v2\/media?parent=44489"}],"wp:term":[{"taxonomy":"category","embeddable":true,"href":"https:\/\/armstrongyregion.com.ar\/diario\/wp-json\/wp\/v2\/categories?post=44489"},{"taxonomy":"post_tag","embeddable":true,"href":"https:\/\/armstrongyregion.com.ar\/diario\/wp-json\/wp\/v2\/tags?post=44489"}],"curies":[{"name":"wp","href":"https:\/\/api.w.org\/{rel}","templated":true}]}}