{"id":44467,"date":"2024-10-28T15:27:50","date_gmt":"2024-10-28T15:27:50","guid":{"rendered":"https:\/\/armstrongyregion.com.ar\/diario\/?p=44467"},"modified":"2024-10-28T15:28:45","modified_gmt":"2024-10-28T15:28:45","slug":"masculino-detenido-por-tentativa-de-robo-en-canada-de-gomez","status":"publish","type":"post","link":"https:\/\/armstrongyregion.com.ar\/diario\/masculino-detenido-por-tentativa-de-robo-en-canada-de-gomez\/","title":{"rendered":"Masculino detenido por tentativa de robo en Ca\u00f1ada de G\u00f3mez."},"content":{"rendered":"\n<figure class=\"wp-block-image size-full\"><a href=\"http:\/\/armstrongyregion.com.ar\/diario\/wp-content\/uploads\/2024\/10\/POLICIAL_CANADA-.jpg\"><img loading=\"lazy\" decoding=\"async\" width=\"645\" height=\"570\" src=\"http:\/\/armstrongyregion.com.ar\/diario\/wp-content\/uploads\/2024\/10\/POLICIAL_CANADA-.jpg\" alt=\"\" class=\"wp-image-44468\" srcset=\"https:\/\/armstrongyregion.com.ar\/diario\/wp-content\/uploads\/2024\/10\/POLICIAL_CANADA-.jpg 645w, https:\/\/armstrongyregion.com.ar\/diario\/wp-content\/uploads\/2024\/10\/POLICIAL_CANADA--300x265.jpg 300w\" sizes=\"auto, (max-width: 645px) 100vw, 645px\" \/><\/a><\/figure>\n\n\n\n<h2 class=\"wp-block-heading\">Se logr\u00f3 la aprehensi\u00f3n de un masculino de 24 a\u00f1os, el mismo intent\u00f3 robar un tel\u00e9fono celular en la v\u00eda p\u00fablica.<\/h2>\n\n\n\n<p>Personal policial fue comisionado por la central 911 a calle Urquiza y Rosario lugar donde habr\u00edan intentado sustraer un tel\u00e9fono celular a un masculino.<\/p>\n\n\n\n<p>Tras la entrevista con el damnificado quien dio cuenta que dos masculinos intentaron sustraerle su tel\u00e9fono celular, aportando caracter\u00edsticas de los mismos se logr\u00f3 la aprehensi\u00f3n de un masculino, de 24 a\u00f1os de edad, domiciliado en la ciudad, involucrado en el hecho.<\/p>\n\n\n\n<p>Se realiz\u00f3 consulta con Fiscal en turno quien ordeno que el mismo sea alojado en dependencia policial<br>en calidad de detenido y se contin\u00faen las diligencias del caso.&nbsp;<\/p>\n\n\n\n<hr class=\"wp-block-separator has-alpha-channel-opacity\"\/>\n\n\n\n<p><strong>Sustracci\u00f3n de Motocicleta &#8211; Cda. de G\u00f3mez<\/strong><\/p>\n\n\n\n<p>Se recepcion\u00f3 denuncia a femenina de 25 a\u00f1os de edad, quien expuso la sustracci\u00f3n de una motocicleta marca Honda, modelo Wave, dominio A165OPN, color blanco, la cual se hallaba estacionada en el interior de una cochera ubicada en calle Brown entre Mitre y Oro\u00f1o.<\/p>\n\n\n\n<hr class=\"wp-block-separator has-alpha-channel-opacity\"\/>\n\n\n\n<p><strong>Robo &#8211; Cda de G\u00f3mez<\/strong><\/p>\n\n\n\n<p>Personal policial fue comisionado a Bv. Centenario al 50 donde se entrevistaron con el propietario de la vivienda quien manifest\u00f3 que autores ignorados le sustrajeron desde el interior de su vivienda (01) Motoguada\u00f1a, (01) Corta<br>cercos, (01) carabina calibre 22 y una motocicleta marca Guerrero 70cc.<\/p>\n\n\n\n<p>Tras recorrida por las inmediaciones los efectivos lograron en una obra en construcci\u00f3n el hallazgo en estado de abandono, sin ocupantes la motocicleta mencionada.&nbsp;<\/p>\n\n\n\n<hr class=\"wp-block-separator has-alpha-channel-opacity\"\/>\n\n\n\n<p><strong>Robo &#8211; Cda. de G\u00f3mez<\/strong><\/p>\n\n\n\n<p>Personal policial fue comisionado por la Central 911 a estaci\u00f3n de trenes donde se entrevistaron con personal del lugar quien manifest\u00f3 que autores ignorados produjeron la rotura de un vidrio de una de las oficinas y sustrajeron (01) tel\u00e9fono celular y (01) linterna.&nbsp;<\/p>\n\n\n\n<hr class=\"wp-block-separator has-alpha-channel-opacity\"\/>\n\n\n\n<p><strong>Encubrimiento &#8211; Cda.de G\u00f3mez &#8211; Correa<\/strong><\/p>\n\n\n\n<p>Personal policial fue comisionados a un domicilio de calle Callao al 500 de Cda. de G\u00f3mez donde se entrevistaron con un familiar de un menor de edad quien dio cuenta que el mismo se hizo presente en el domicilio con una bicicleta y una motocicleta, las cuales no serian de su propiedad.<\/p>\n\n\n\n<p>Los efectivos lograron establecer que la bicicleta hab\u00eda sido sustra\u00edda en la localidad de Correa, hecho denunciado en Comisaria 5ta; y la motocicleta hab\u00eda sido denunciada como sustra\u00edda en Comisaria 2da en horas de la tarde desde el frente de un domicilio de calle Atl\u00e1ntico al 600 .<\/p>\n\n\n\n<p>Realizada consulta con Magistrado interviniente ordeno se proceda al secuestro de ambos rodados a los efectos de ser entregados a sus respectivos propietarios ; en cuanto al menor sea identificado dactilosc\u00f3picamente y se lo cite para comparecer a dicho magistrado .\u00a0<\/p>\n\n\n\n<p>Renacer Regional.<\/p>\n","protected":false},"excerpt":{"rendered":"<p>Masculino detenido por tentativa de robo en Ca\u00f1ada de G\u00f3mez.<\/p>\n","protected":false},"author":1,"featured_media":44468,"comment_status":"open","ping_status":"open","sticky":false,"template":"","format":"image","meta":{"_jetpack_memberships_contains_paid_content":false,"footnotes":"","jetpack_publicize_message":"","jetpack_publicize_feature_enabled":true,"jetpack_social_post_already_shared":true,"jetpack_social_options":{"image_generator_settings":{"template":"highway","default_image_id":0,"enabled":false},"version":2}},"categories":[8,1,2,2852,7,3],"tags":[],"class_list":["post-44467","post","type-post","status-publish","format-image","has-post-thumbnail","hentry","category-deliberando","category-diario-armstrong","category-locales","category-policiales","category-politica","category-region","post_format-post-format-image"],"jetpack_publicize_connections":[],"jetpack_featured_media_url":"https:\/\/armstrongyregion.com.ar\/diario\/wp-content\/uploads\/2024\/10\/POLICIAL_CANADA-.jpg","jetpack_shortlink":"https:\/\/wp.me\/p62QDO-bzd","jetpack_sharing_enabled":true,"amp_enabled":true,"_links":{"self":[{"href":"https:\/\/armstrongyregion.com.ar\/diario\/wp-json\/wp\/v2\/posts\/44467","targetHints":{"allow":["GET"]}}],"collection":[{"href":"https:\/\/armstrongyregion.com.ar\/diario\/wp-json\/wp\/v2\/posts"}],"about":[{"href":"https:\/\/armstrongyregion.com.ar\/diario\/wp-json\/wp\/v2\/types\/post"}],"author":[{"embeddable":true,"href":"https:\/\/armstrongyregion.com.ar\/diario\/wp-json\/wp\/v2\/users\/1"}],"replies":[{"embeddable":true,"href":"https:\/\/armstrongyregion.com.ar\/diario\/wp-json\/wp\/v2\/comments?post=44467"}],"version-history":[{"count":1,"href":"https:\/\/armstrongyregion.com.ar\/diario\/wp-json\/wp\/v2\/posts\/44467\/revisions"}],"predecessor-version":[{"id":44469,"href":"https:\/\/armstrongyregion.com.ar\/diario\/wp-json\/wp\/v2\/posts\/44467\/revisions\/44469"}],"wp:featuredmedia":[{"embeddable":true,"href":"https:\/\/armstrongyregion.com.ar\/diario\/wp-json\/wp\/v2\/media\/44468"}],"wp:attachment":[{"href":"https:\/\/armstrongyregion.com.ar\/diario\/wp-json\/wp\/v2\/media?parent=44467"}],"wp:term":[{"taxonomy":"category","embeddable":true,"href":"https:\/\/armstrongyregion.com.ar\/diario\/wp-json\/wp\/v2\/categories?post=44467"},{"taxonomy":"post_tag","embeddable":true,"href":"https:\/\/armstrongyregion.com.ar\/diario\/wp-json\/wp\/v2\/tags?post=44467"}],"curies":[{"name":"wp","href":"https:\/\/api.w.org\/{rel}","templated":true}]}}