{"id":44461,"date":"2024-10-28T15:04:35","date_gmt":"2024-10-28T15:04:35","guid":{"rendered":"https:\/\/armstrongyregion.com.ar\/diario\/?p=44461"},"modified":"2024-10-28T15:04:38","modified_gmt":"2024-10-28T15:04:38","slug":"allanamientos-con-detenidos-en-correa","status":"publish","type":"post","link":"https:\/\/armstrongyregion.com.ar\/diario\/allanamientos-con-detenidos-en-correa\/","title":{"rendered":"Allanamientos con detenidos en Correa."},"content":{"rendered":"\n<figure class=\"wp-block-image size-full\"><a href=\"http:\/\/armstrongyregion.com.ar\/diario\/wp-content\/uploads\/2024\/10\/CORREA-DETENIDOS-.jpg\"><img loading=\"lazy\" decoding=\"async\" width=\"645\" height=\"416\" src=\"http:\/\/armstrongyregion.com.ar\/diario\/wp-content\/uploads\/2024\/10\/CORREA-DETENIDOS-.jpg\" alt=\"\" class=\"wp-image-44462\" srcset=\"https:\/\/armstrongyregion.com.ar\/diario\/wp-content\/uploads\/2024\/10\/CORREA-DETENIDOS-.jpg 645w, https:\/\/armstrongyregion.com.ar\/diario\/wp-content\/uploads\/2024\/10\/CORREA-DETENIDOS--300x193.jpg 300w\" sizes=\"auto, (max-width: 645px) 100vw, 645px\" \/><\/a><\/figure>\n\n\n\n<h2 class=\"wp-block-heading\">Se secuestraron elementos de inter\u00e9s para la causa, adem\u00e1s se procedi\u00f3 a la detenci\u00f3n de dos masculinos y dos femeninas todos mayores de edad.<\/h2>\n\n\n\n<p>En el marco de causa caratulada Microtr\u00e1fico iniciada a raiz de tareas realizadas por personal de Comisaria 5ta Correa se cumplimentaron 5 ordenes de allanamientos en distintos puntos de la localidad:<\/p>\n\n\n\n<p>-Hip\u00f3lito Irigoyen y Andino;<br>-Moreno al 900;<br>-Lisandro de la Torre al 1200;<br>-Sarmiento 1300:<br>-Julio A. Roca al 1300.<\/p>\n\n\n\n<p>En dichos domicilios se secuestro material estupefaciente (cocaina y marihuana), tel\u00e9fonos celulares, balanzas de precisi\u00f3n, dinero en efectivo en pesos de curso legal y vigente y dem\u00e1s elementos de inter\u00e9s para la causa.<\/p>\n\n\n\n<p>Adem\u00e1s se procedi\u00f3 a la detenci\u00f3n de dos masculinos y dos femeninas todos mayores de edad, quienes quedaron alojados en dependencias policiales por orden del Fiscal interviniente.<\/p>\n\n\n\n<p>En dichas medidas intervinieron personal policial de Comisaria 5ta Correa; PDI Operativa Distrito Las Rosas, San Lorenzo y Ca\u00f1ada de G\u00f3mez; Personal de PDI Gabinete Cient\u00edfico Forense-Cda.de G\u00f3mez , Secci\u00f3n Canes PDI y Grupo de Irrupci\u00f3n.\u00a0<\/p>\n\n\n\n<p>Renacer Regional.<\/p>\n","protected":false},"excerpt":{"rendered":"<p>Allanamientos con detenidos en Correa.<\/p>\n","protected":false},"author":1,"featured_media":44462,"comment_status":"open","ping_status":"open","sticky":false,"template":"","format":"image","meta":{"_jetpack_memberships_contains_paid_content":false,"footnotes":"","jetpack_publicize_message":"","jetpack_publicize_feature_enabled":true,"jetpack_social_post_already_shared":true,"jetpack_social_options":{"image_generator_settings":{"template":"highway","default_image_id":0,"enabled":false},"version":2}},"categories":[8,1,2,7,3],"tags":[1367,303,157,5030,8777],"class_list":["post-44461","post","type-post","status-publish","format-image","has-post-thumbnail","hentry","category-deliberando","category-diario-armstrong","category-locales","category-politica","category-region","tag-allanamientos","tag-correa","tag-detenidos","tag-diario-armstrong","tag-lic-graciela-de-la-casa","post_format-post-format-image"],"jetpack_publicize_connections":[],"jetpack_featured_media_url":"https:\/\/armstrongyregion.com.ar\/diario\/wp-content\/uploads\/2024\/10\/CORREA-DETENIDOS-.jpg","jetpack_shortlink":"https:\/\/wp.me\/p62QDO-bz7","jetpack_sharing_enabled":true,"amp_enabled":true,"_links":{"self":[{"href":"https:\/\/armstrongyregion.com.ar\/diario\/wp-json\/wp\/v2\/posts\/44461","targetHints":{"allow":["GET"]}}],"collection":[{"href":"https:\/\/armstrongyregion.com.ar\/diario\/wp-json\/wp\/v2\/posts"}],"about":[{"href":"https:\/\/armstrongyregion.com.ar\/diario\/wp-json\/wp\/v2\/types\/post"}],"author":[{"embeddable":true,"href":"https:\/\/armstrongyregion.com.ar\/diario\/wp-json\/wp\/v2\/users\/1"}],"replies":[{"embeddable":true,"href":"https:\/\/armstrongyregion.com.ar\/diario\/wp-json\/wp\/v2\/comments?post=44461"}],"version-history":[{"count":1,"href":"https:\/\/armstrongyregion.com.ar\/diario\/wp-json\/wp\/v2\/posts\/44461\/revisions"}],"predecessor-version":[{"id":44463,"href":"https:\/\/armstrongyregion.com.ar\/diario\/wp-json\/wp\/v2\/posts\/44461\/revisions\/44463"}],"wp:featuredmedia":[{"embeddable":true,"href":"https:\/\/armstrongyregion.com.ar\/diario\/wp-json\/wp\/v2\/media\/44462"}],"wp:attachment":[{"href":"https:\/\/armstrongyregion.com.ar\/diario\/wp-json\/wp\/v2\/media?parent=44461"}],"wp:term":[{"taxonomy":"category","embeddable":true,"href":"https:\/\/armstrongyregion.com.ar\/diario\/wp-json\/wp\/v2\/categories?post=44461"},{"taxonomy":"post_tag","embeddable":true,"href":"https:\/\/armstrongyregion.com.ar\/diario\/wp-json\/wp\/v2\/tags?post=44461"}],"curies":[{"name":"wp","href":"https:\/\/api.w.org\/{rel}","templated":true}]}}