{"id":4446,"date":"2015-10-09T19:23:29","date_gmt":"2015-10-09T19:23:29","guid":{"rendered":"https:\/\/armstrongyregion.com.ar\/diario\/?p=4446"},"modified":"2015-10-09T19:28:46","modified_gmt":"2015-10-09T19:28:46","slug":"el-vice-gobernador-jorge-henn-estuvo-en-el-concejo-municipal-de-armstrong","status":"publish","type":"post","link":"https:\/\/armstrongyregion.com.ar\/diario\/el-vice-gobernador-jorge-henn-estuvo-en-el-concejo-municipal-de-armstrong\/","title":{"rendered":"El Vice Gobernador Jorge Henn estuvo en el Concejo Municipal de Armstrong."},"content":{"rendered":"<p><img loading=\"lazy\" decoding=\"async\" class=\"alignnone size-medium wp-image-4447\" src=\"http:\/\/armstrongyregion.com.ar\/diario\/wp-content\/uploads\/2015\/10\/IMG-20151009-WA0004-300x225.jpg\" alt=\"IMG-20151009-WA0004\" width=\"300\" height=\"225\" srcset=\"https:\/\/armstrongyregion.com.ar\/diario\/wp-content\/uploads\/2015\/10\/IMG-20151009-WA0004-300x225.jpg 300w, https:\/\/armstrongyregion.com.ar\/diario\/wp-content\/uploads\/2015\/10\/IMG-20151009-WA0004-1024x768.jpg 1024w, https:\/\/armstrongyregion.com.ar\/diario\/wp-content\/uploads\/2015\/10\/IMG-20151009-WA0004.jpg 1296w\" sizes=\"auto, (max-width: 300px) 100vw, 300px\" \/>En la tarde de este viernes, el actual Presidente del Senado Santafesino, Jorge Henn, \u00a0fu\u00e9 recibido por el Presidente del Concejo Adri\u00e1n Marozzi, el Intendente Pablo Verdecchia y la Concejal Daniela P\u00e9rez. En el marco de la visita, Henn hizo entrega de la Declaratoria de Inter\u00e9s Provincial de la 24\u00b0 edici\u00f3n de la Feria de las Colectividades, organizada por la Escuela 262 \u00bb Domingo F. Sarmiento\u00bb, \u00a0evento que se llevar\u00e1 a cabo este domingo en Plaza San Mart\u00edn. Participaron del acto de recepci\u00f3n la Directora del establecimiento Ana Maria Petri y autoridades de la Asociaci\u00f3n Cooperadora.<\/p>\n","protected":false},"excerpt":{"rendered":"<p>En la tarde de este viernes, el actual Presidente del Senado Santafesino, Jorge Henn, \u00a0fu\u00e9 recibido por el Presidente del Concejo Adri\u00e1n Marozzi, el Intendente Pablo Verdecchia y la Concejal Daniela P\u00e9rez. En el marco de la visita, Henn hizo entrega de la Declaratoria de Inter\u00e9s Provincial de la 24\u00b0 edici\u00f3n de la Feria de <a href=\"https:\/\/armstrongyregion.com.ar\/diario\/el-vice-gobernador-jorge-henn-estuvo-en-el-concejo-municipal-de-armstrong\/\" title=\"Read more\" >&#8230;<\/a><\/p>\n","protected":false},"author":2,"featured_media":4447,"comment_status":"open","ping_status":"open","sticky":false,"template":"","format":"standard","meta":{"_jetpack_memberships_contains_paid_content":false,"footnotes":"","jetpack_publicize_message":"","jetpack_publicize_feature_enabled":true,"jetpack_social_post_already_shared":false,"jetpack_social_options":{"image_generator_settings":{"template":"highway","default_image_id":0,"enabled":false},"version":2}},"categories":[9,6,1,2,7],"tags":[2911,2359,2910,1394,928,2909],"class_list":["post-4446","post","type-post","status-publish","format-standard","has-post-thumbnail","hentry","category-contacto","category-cultura-entretenimiento","category-diario-armstrong","category-locales","category-politica","tag-concejo-municipal","tag-declaracion","tag-fiesta-de-las-colectividades","tag-interes","tag-provincial","tag-vice-gobernador"],"jetpack_publicize_connections":[],"jetpack_featured_media_url":"https:\/\/armstrongyregion.com.ar\/diario\/wp-content\/uploads\/2015\/10\/IMG-20151009-WA0004.jpg","jetpack_shortlink":"https:\/\/wp.me\/p62QDO-19I","jetpack_sharing_enabled":true,"amp_enabled":true,"_links":{"self":[{"href":"https:\/\/armstrongyregion.com.ar\/diario\/wp-json\/wp\/v2\/posts\/4446","targetHints":{"allow":["GET"]}}],"collection":[{"href":"https:\/\/armstrongyregion.com.ar\/diario\/wp-json\/wp\/v2\/posts"}],"about":[{"href":"https:\/\/armstrongyregion.com.ar\/diario\/wp-json\/wp\/v2\/types\/post"}],"author":[{"embeddable":true,"href":"https:\/\/armstrongyregion.com.ar\/diario\/wp-json\/wp\/v2\/users\/2"}],"replies":[{"embeddable":true,"href":"https:\/\/armstrongyregion.com.ar\/diario\/wp-json\/wp\/v2\/comments?post=4446"}],"version-history":[{"count":0,"href":"https:\/\/armstrongyregion.com.ar\/diario\/wp-json\/wp\/v2\/posts\/4446\/revisions"}],"wp:featuredmedia":[{"embeddable":true,"href":"https:\/\/armstrongyregion.com.ar\/diario\/wp-json\/wp\/v2\/media\/4447"}],"wp:attachment":[{"href":"https:\/\/armstrongyregion.com.ar\/diario\/wp-json\/wp\/v2\/media?parent=4446"}],"wp:term":[{"taxonomy":"category","embeddable":true,"href":"https:\/\/armstrongyregion.com.ar\/diario\/wp-json\/wp\/v2\/categories?post=4446"},{"taxonomy":"post_tag","embeddable":true,"href":"https:\/\/armstrongyregion.com.ar\/diario\/wp-json\/wp\/v2\/tags?post=4446"}],"curies":[{"name":"wp","href":"https:\/\/api.w.org\/{rel}","templated":true}]}}