{"id":44457,"date":"2024-10-28T14:57:55","date_gmt":"2024-10-28T14:57:55","guid":{"rendered":"https:\/\/armstrongyregion.com.ar\/diario\/?p=44457"},"modified":"2024-10-28T14:57:57","modified_gmt":"2024-10-28T14:57:57","slug":"las-parejas-se-presento-la-18o-fiesta-nacional-de-la-pyme-agroindustrial-2024","status":"publish","type":"post","link":"https:\/\/armstrongyregion.com.ar\/diario\/las-parejas-se-presento-la-18o-fiesta-nacional-de-la-pyme-agroindustrial-2024\/","title":{"rendered":"Las Parejas. Se present\u00f3 la 18\u00ba Fiesta Nacional de la Pyme Agroindustrial 2024."},"content":{"rendered":"\n<figure class=\"wp-block-image size-full\"><a href=\"http:\/\/armstrongyregion.com.ar\/diario\/wp-content\/uploads\/2024\/10\/PYME-1-.jpg\"><img loading=\"lazy\" decoding=\"async\" width=\"800\" height=\"549\" src=\"http:\/\/armstrongyregion.com.ar\/diario\/wp-content\/uploads\/2024\/10\/PYME-1-.jpg\" alt=\"\" class=\"wp-image-44458\" srcset=\"https:\/\/armstrongyregion.com.ar\/diario\/wp-content\/uploads\/2024\/10\/PYME-1-.jpg 800w, https:\/\/armstrongyregion.com.ar\/diario\/wp-content\/uploads\/2024\/10\/PYME-1--300x206.jpg 300w, https:\/\/armstrongyregion.com.ar\/diario\/wp-content\/uploads\/2024\/10\/PYME-1--768x527.jpg 768w\" sizes=\"auto, (max-width: 800px) 100vw, 800px\" \/><\/a><\/figure>\n\n\n\n<h2 class=\"wp-block-heading\"><em>Volviendo a sus or\u00edgenes la fiesta de la ciudad tendr\u00e1, colada de fundici\u00f3n, desfile de maquinaria, la conmemoraci\u00f3n del 50\u00ba aniversario de la creaci\u00f3n del \u00e1rea industrial y dos noches de espect\u00e1culos en el parque municipal.<\/em><\/h2>\n\n\n\n<figure class=\"wp-block-image size-full\"><a href=\"http:\/\/armstrongyregion.com.ar\/diario\/wp-content\/uploads\/2024\/10\/PYME-2-.jpg\"><img loading=\"lazy\" decoding=\"async\" width=\"800\" height=\"600\" src=\"http:\/\/armstrongyregion.com.ar\/diario\/wp-content\/uploads\/2024\/10\/PYME-2-.jpg\" alt=\"\" class=\"wp-image-44459\" srcset=\"https:\/\/armstrongyregion.com.ar\/diario\/wp-content\/uploads\/2024\/10\/PYME-2-.jpg 800w, https:\/\/armstrongyregion.com.ar\/diario\/wp-content\/uploads\/2024\/10\/PYME-2--300x225.jpg 300w, https:\/\/armstrongyregion.com.ar\/diario\/wp-content\/uploads\/2024\/10\/PYME-2--768x576.jpg 768w\" sizes=\"auto, (max-width: 800px) 100vw, 800px\" \/><\/a><\/figure>\n\n\n\n<p>El pasado jueves, en la Casa del Bicentenario, se anunci\u00f3 la 18.\u00aa edici\u00f3n de la \u00abFiesta Nacional de la Pyme Agroindustrial 2024\u00bb.<\/p>\n\n\n\n<p>Las primeras actividades se realizar\u00e1n el 31 de octubre y el 1 de noviembre, con homenajes y reconocimientos a empresarios y trabajadores de las pymes locales.<\/p>\n\n\n\n<p>La celebraci\u00f3n principal tendr\u00e1 lugar el s\u00e1bado 2 y domingo 3 de noviembre en el Parque Municipal de Las Parejas. El evento ofrecer\u00e1 espect\u00e1culos art\u00edsticos locales y regionales, danzas, m\u00e1s de 250 artistas en escena, un patio de comidas, puestos de artesanos y comercios, adem\u00e1s de actividades infantiles para toda la familia.<\/p>\n\n\n\n<p>Grilla de espect\u00e1culos destacados:<\/p>\n\n\n\n<p>S\u00e1bado: Nico Bravo, Los Salieris de Charly, Parejenses y Francisco Ben\u00edtez.<\/p>\n\n\n\n<p>Domingo: Musiqueros, Fasekumbia y Los Lirios, quienes celebrar\u00e1n 40 a\u00f1os de trayectoria con un show que promete ser \u00abinolvidable\u00bb.<\/p>\n\n\n\n<p>Este evento ser\u00e1 una oportunidad \u00fanica para disfrutar de la cultura, la m\u00fasica y el talento de la regi\u00f3n.<\/p>\n\n\n\n<p>Radio Contacto- Las Parejas.<\/p>\n","protected":false},"excerpt":{"rendered":"<p>Las Parejas. Se present\u00f3 la 18\u00ba Fiesta Nacional de la Pyme Agroindustrial 2024<\/p>\n","protected":false},"author":1,"featured_media":44458,"comment_status":"open","ping_status":"open","sticky":false,"template":"","format":"image","meta":{"_jetpack_memberships_contains_paid_content":false,"footnotes":"","jetpack_publicize_message":"","jetpack_publicize_feature_enabled":true,"jetpack_social_post_already_shared":true,"jetpack_social_options":{"image_generator_settings":{"template":"highway","default_image_id":0,"enabled":false},"version":2}},"categories":[8,1,2,7,3],"tags":[11152,509,8777,11153],"class_list":["post-44457","post","type-post","status-publish","format-image","has-post-thumbnail","hentry","category-deliberando","category-diario-armstrong","category-locales","category-politica","category-region","tag-fiesta-nacional","tag-las-parejas","tag-lic-graciela-de-la-casa","tag-pyme-agroindustrial-2024","post_format-post-format-image"],"jetpack_publicize_connections":[],"jetpack_featured_media_url":"https:\/\/armstrongyregion.com.ar\/diario\/wp-content\/uploads\/2024\/10\/PYME-1-.jpg","jetpack_shortlink":"https:\/\/wp.me\/p62QDO-bz3","jetpack_sharing_enabled":true,"amp_enabled":true,"_links":{"self":[{"href":"https:\/\/armstrongyregion.com.ar\/diario\/wp-json\/wp\/v2\/posts\/44457","targetHints":{"allow":["GET"]}}],"collection":[{"href":"https:\/\/armstrongyregion.com.ar\/diario\/wp-json\/wp\/v2\/posts"}],"about":[{"href":"https:\/\/armstrongyregion.com.ar\/diario\/wp-json\/wp\/v2\/types\/post"}],"author":[{"embeddable":true,"href":"https:\/\/armstrongyregion.com.ar\/diario\/wp-json\/wp\/v2\/users\/1"}],"replies":[{"embeddable":true,"href":"https:\/\/armstrongyregion.com.ar\/diario\/wp-json\/wp\/v2\/comments?post=44457"}],"version-history":[{"count":1,"href":"https:\/\/armstrongyregion.com.ar\/diario\/wp-json\/wp\/v2\/posts\/44457\/revisions"}],"predecessor-version":[{"id":44460,"href":"https:\/\/armstrongyregion.com.ar\/diario\/wp-json\/wp\/v2\/posts\/44457\/revisions\/44460"}],"wp:featuredmedia":[{"embeddable":true,"href":"https:\/\/armstrongyregion.com.ar\/diario\/wp-json\/wp\/v2\/media\/44458"}],"wp:attachment":[{"href":"https:\/\/armstrongyregion.com.ar\/diario\/wp-json\/wp\/v2\/media?parent=44457"}],"wp:term":[{"taxonomy":"category","embeddable":true,"href":"https:\/\/armstrongyregion.com.ar\/diario\/wp-json\/wp\/v2\/categories?post=44457"},{"taxonomy":"post_tag","embeddable":true,"href":"https:\/\/armstrongyregion.com.ar\/diario\/wp-json\/wp\/v2\/tags?post=44457"}],"curies":[{"name":"wp","href":"https:\/\/api.w.org\/{rel}","templated":true}]}}