{"id":44450,"date":"2024-10-26T18:05:09","date_gmt":"2024-10-26T18:05:09","guid":{"rendered":"https:\/\/armstrongyregion.com.ar\/diario\/?p=44450"},"modified":"2024-10-26T18:05:12","modified_gmt":"2024-10-26T18:05:12","slug":"armstrong-este-domingo-27-sabores-y-colores-locales","status":"publish","type":"post","link":"https:\/\/armstrongyregion.com.ar\/diario\/armstrong-este-domingo-27-sabores-y-colores-locales\/","title":{"rendered":"Armstrong. Este domingo 27: Sabores y Colores Locales."},"content":{"rendered":"\n<figure class=\"wp-block-image size-full\"><a href=\"http:\/\/armstrongyregion.com.ar\/diario\/wp-content\/uploads\/2024\/10\/feria26-10-24.jpg\"><img loading=\"lazy\" decoding=\"async\" width=\"609\" height=\"571\" src=\"http:\/\/armstrongyregion.com.ar\/diario\/wp-content\/uploads\/2024\/10\/feria26-10-24.jpg\" alt=\"\" class=\"wp-image-44451\" srcset=\"https:\/\/armstrongyregion.com.ar\/diario\/wp-content\/uploads\/2024\/10\/feria26-10-24.jpg 609w, https:\/\/armstrongyregion.com.ar\/diario\/wp-content\/uploads\/2024\/10\/feria26-10-24-300x281.jpg 300w\" sizes=\"auto, (max-width: 609px) 100vw, 609px\" \/><\/a><\/figure>\n\n\n\n<p>Municipalidad de Armstrong invita a participar de una nueva Feria Sabores y Colores Locales, el<br>domingo 27 de octubre a partir de las 16:30 hs. en el tradicional espacio que ofrece el parque<br>recreativo Bracito Fuerte.<br>M\u00e1s de 30 emprendedores de nuestra ciudad y de la regi\u00f3n estar\u00e1n esperando al p\u00fablico para<br>ofrecerles sus art\u00edculos elaborados artesanalmente, con muchas novedades, y como siempre habr\u00e1<br>m\u00fasica con DJ Gamal, la calesita \u201cEl Profe\u201d y los juegos permanentes del parque para los m\u00e1s chicos.<br>Se suspende en caso de lluvia.<\/p>\n","protected":false},"excerpt":{"rendered":"<p>Armstrong. Este domingo 27: Sabores y Colores Locales.<\/p>\n","protected":false},"author":1,"featured_media":44451,"comment_status":"open","ping_status":"open","sticky":false,"template":"","format":"image","meta":{"_jetpack_memberships_contains_paid_content":false,"footnotes":"","jetpack_publicize_message":"","jetpack_publicize_feature_enabled":true,"jetpack_social_post_already_shared":true,"jetpack_social_options":{"image_generator_settings":{"template":"highway","default_image_id":0,"enabled":false},"version":2}},"categories":[8,1,2,7,3],"tags":[11149,20,10272,5030,1725,8777,11148],"class_list":["post-44450","post","type-post","status-publish","format-image","has-post-thumbnail","hentry","category-deliberando","category-diario-armstrong","category-locales","category-politica","category-region","tag-27-de-octubre","tag-armstrong","tag-bracito-fuerte","tag-diario-armstrong","tag-feria","tag-lic-graciela-de-la-casa","tag-sabores-y-colores","post_format-post-format-image"],"jetpack_publicize_connections":[],"jetpack_featured_media_url":"https:\/\/armstrongyregion.com.ar\/diario\/wp-content\/uploads\/2024\/10\/feria26-10-24.jpg","jetpack_shortlink":"https:\/\/wp.me\/p62QDO-byW","jetpack_sharing_enabled":true,"amp_enabled":true,"_links":{"self":[{"href":"https:\/\/armstrongyregion.com.ar\/diario\/wp-json\/wp\/v2\/posts\/44450","targetHints":{"allow":["GET"]}}],"collection":[{"href":"https:\/\/armstrongyregion.com.ar\/diario\/wp-json\/wp\/v2\/posts"}],"about":[{"href":"https:\/\/armstrongyregion.com.ar\/diario\/wp-json\/wp\/v2\/types\/post"}],"author":[{"embeddable":true,"href":"https:\/\/armstrongyregion.com.ar\/diario\/wp-json\/wp\/v2\/users\/1"}],"replies":[{"embeddable":true,"href":"https:\/\/armstrongyregion.com.ar\/diario\/wp-json\/wp\/v2\/comments?post=44450"}],"version-history":[{"count":1,"href":"https:\/\/armstrongyregion.com.ar\/diario\/wp-json\/wp\/v2\/posts\/44450\/revisions"}],"predecessor-version":[{"id":44452,"href":"https:\/\/armstrongyregion.com.ar\/diario\/wp-json\/wp\/v2\/posts\/44450\/revisions\/44452"}],"wp:featuredmedia":[{"embeddable":true,"href":"https:\/\/armstrongyregion.com.ar\/diario\/wp-json\/wp\/v2\/media\/44451"}],"wp:attachment":[{"href":"https:\/\/armstrongyregion.com.ar\/diario\/wp-json\/wp\/v2\/media?parent=44450"}],"wp:term":[{"taxonomy":"category","embeddable":true,"href":"https:\/\/armstrongyregion.com.ar\/diario\/wp-json\/wp\/v2\/categories?post=44450"},{"taxonomy":"post_tag","embeddable":true,"href":"https:\/\/armstrongyregion.com.ar\/diario\/wp-json\/wp\/v2\/tags?post=44450"}],"curies":[{"name":"wp","href":"https:\/\/api.w.org\/{rel}","templated":true}]}}