{"id":44437,"date":"2024-10-26T15:51:24","date_gmt":"2024-10-26T15:51:24","guid":{"rendered":"https:\/\/armstrongyregion.com.ar\/diario\/?p=44437"},"modified":"2024-10-26T17:53:12","modified_gmt":"2024-10-26T17:53:12","slug":"feria-de-microemprendimientos-2024-emprender-para-aprender","status":"publish","type":"post","link":"https:\/\/armstrongyregion.com.ar\/diario\/feria-de-microemprendimientos-2024-emprender-para-aprender\/","title":{"rendered":"Feria de Microemprendimientos 2024 \u201cEmprender para Aprender\u201d."},"content":{"rendered":"\n<figure class=\"wp-block-image size-full\"><a href=\"http:\/\/armstrongyregion.com.ar\/diario\/wp-content\/uploads\/2024\/10\/micros-1-.jpg\"><img loading=\"lazy\" decoding=\"async\" width=\"629\" height=\"419\" src=\"http:\/\/armstrongyregion.com.ar\/diario\/wp-content\/uploads\/2024\/10\/micros-1-.jpg\" alt=\"\" class=\"wp-image-44438\" srcset=\"https:\/\/armstrongyregion.com.ar\/diario\/wp-content\/uploads\/2024\/10\/micros-1-.jpg 629w, https:\/\/armstrongyregion.com.ar\/diario\/wp-content\/uploads\/2024\/10\/micros-1--300x200.jpg 300w\" sizes=\"auto, (max-width: 629px) 100vw, 629px\" \/><\/a><\/figure>\n\n\n\n<p>La Esc. De Comercio N\u00b051 \u201cDr. Manuel Belgrano\u201d la Feria de Microemprendimientos Estudiantiles \u201cEmprender para Aprender\u201d en los galpones MAS desde las 9am donde se realiz\u00f3 el acto inaugural con la presencia de autoridades y referentes de dicha comunidad educativa, el intendente local Ing. Guillermo Luzzi, la Secret de Educaci\u00f3n Rosana Siri, Referentes de la Regi\u00f3n V Marisa Pr\u00edncipe y Prof. Omar Maiani (Gran impulsor de este proyecto). En esta oportunidad tambi\u00e9n se destac\u00f3 el acompa\u00f1amiento del Senador Dr. Pablo Verdecchia.<\/p>\n\n\n\n<figure class=\"wp-block-image size-full\"><a href=\"http:\/\/armstrongyregion.com.ar\/diario\/wp-content\/uploads\/2024\/10\/micros-2-.jpg\"><img loading=\"lazy\" decoding=\"async\" width=\"690\" height=\"460\" src=\"http:\/\/armstrongyregion.com.ar\/diario\/wp-content\/uploads\/2024\/10\/micros-2-.jpg\" alt=\"\" class=\"wp-image-44439\" srcset=\"https:\/\/armstrongyregion.com.ar\/diario\/wp-content\/uploads\/2024\/10\/micros-2-.jpg 690w, https:\/\/armstrongyregion.com.ar\/diario\/wp-content\/uploads\/2024\/10\/micros-2--300x200.jpg 300w\" sizes=\"auto, (max-width: 690px) 100vw, 690px\" \/><\/a><\/figure>\n\n\n\n<p>Por la tarde la Feria reabri\u00f3 sus puertas desde las 17hs hasta las 21hs.<\/p>\n\n\n\n<figure class=\"wp-block-image size-full\"><a href=\"http:\/\/armstrongyregion.com.ar\/diario\/wp-content\/uploads\/2024\/10\/micros-4.jpg\"><img loading=\"lazy\" decoding=\"async\" width=\"722\" height=\"481\" src=\"http:\/\/armstrongyregion.com.ar\/diario\/wp-content\/uploads\/2024\/10\/micros-4.jpg\" alt=\"\" class=\"wp-image-44440\" srcset=\"https:\/\/armstrongyregion.com.ar\/diario\/wp-content\/uploads\/2024\/10\/micros-4.jpg 722w, https:\/\/armstrongyregion.com.ar\/diario\/wp-content\/uploads\/2024\/10\/micros-4-300x200.jpg 300w\" sizes=\"auto, (max-width: 722px) 100vw, 722px\" \/><\/a><\/figure>\n\n\n\n<p>La directora de la instituci\u00f3n D\u00e9bora Nalli y parte del cuerpo docente, en di\u00e1logo con nuestro medio, nos comentaban que este a\u00f1o est\u00e1n m\u00e1s que satisfechos ya que se presentaron 66 microemprendimientos, n\u00famero que ha superado las expectativas tanto para el cuerpo docente como de los mismos j\u00f3venes con gran diversidad de empresas.<\/p>\n\n\n\n<figure class=\"wp-block-image size-full\"><a href=\"http:\/\/armstrongyregion.com.ar\/diario\/wp-content\/uploads\/2024\/10\/micros-3-.jpg\"><img loading=\"lazy\" decoding=\"async\" width=\"629\" height=\"419\" src=\"http:\/\/armstrongyregion.com.ar\/diario\/wp-content\/uploads\/2024\/10\/micros-3-.jpg\" alt=\"\" class=\"wp-image-44441\" srcset=\"https:\/\/armstrongyregion.com.ar\/diario\/wp-content\/uploads\/2024\/10\/micros-3-.jpg 629w, https:\/\/armstrongyregion.com.ar\/diario\/wp-content\/uploads\/2024\/10\/micros-3--300x200.jpg 300w\" sizes=\"auto, (max-width: 629px) 100vw, 629px\" \/><\/a><\/figure>\n\n\n\n<figure class=\"wp-block-image size-full\"><a href=\"http:\/\/armstrongyregion.com.ar\/diario\/wp-content\/uploads\/2024\/10\/micros-9.jpg\"><img loading=\"lazy\" decoding=\"async\" width=\"640\" height=\"480\" src=\"http:\/\/armstrongyregion.com.ar\/diario\/wp-content\/uploads\/2024\/10\/micros-9.jpg\" alt=\"\" class=\"wp-image-44443\" srcset=\"https:\/\/armstrongyregion.com.ar\/diario\/wp-content\/uploads\/2024\/10\/micros-9.jpg 640w, https:\/\/armstrongyregion.com.ar\/diario\/wp-content\/uploads\/2024\/10\/micros-9-300x225.jpg 300w\" sizes=\"auto, (max-width: 640px) 100vw, 640px\" \/><\/a><\/figure>\n\n\n\n<p><br>Esta nueva jornada se trata de un proyecto educativo institucional que tiene como prop\u00f3sito principal, que todos los alumnos de la Comunidad Educativa de la Esc. N\u00b0 51 Manuel Belgrano, vivan la experiencia de crear, proyectar y ejecutar una idea de negocio, en forma grupal.<br>Los alumnos estuvieron desde el d\u00eda anterior al evento, ultimando detalles para presentar a la comunidad y vender sus producciones.<\/p>\n\n\n\n<figure class=\"wp-block-image size-full\"><a href=\"http:\/\/armstrongyregion.com.ar\/diario\/wp-content\/uploads\/2024\/10\/micros-6-.jpg\"><img loading=\"lazy\" decoding=\"async\" width=\"658\" height=\"439\" src=\"http:\/\/armstrongyregion.com.ar\/diario\/wp-content\/uploads\/2024\/10\/micros-6-.jpg\" alt=\"\" class=\"wp-image-44442\" srcset=\"https:\/\/armstrongyregion.com.ar\/diario\/wp-content\/uploads\/2024\/10\/micros-6-.jpg 658w, https:\/\/armstrongyregion.com.ar\/diario\/wp-content\/uploads\/2024\/10\/micros-6--300x200.jpg 300w\" sizes=\"auto, (max-width: 658px) 100vw, 658px\" \/><\/a><\/figure>\n\n\n\n<p>Los productos variaban desde velas, accesorios, adornos, dulces, bebidas y una diversa producci\u00f3n gastron\u00f3mica.<\/p>\n\n\n\n<figure class=\"wp-block-image size-full\"><a href=\"http:\/\/armstrongyregion.com.ar\/diario\/wp-content\/uploads\/2024\/10\/micros-7-.jpg\"><img loading=\"lazy\" decoding=\"async\" width=\"408\" height=\"306\" src=\"http:\/\/armstrongyregion.com.ar\/diario\/wp-content\/uploads\/2024\/10\/micros-7-.jpg\" alt=\"\" class=\"wp-image-44444\" srcset=\"https:\/\/armstrongyregion.com.ar\/diario\/wp-content\/uploads\/2024\/10\/micros-7-.jpg 408w, https:\/\/armstrongyregion.com.ar\/diario\/wp-content\/uploads\/2024\/10\/micros-7--300x225.jpg 300w\" sizes=\"auto, (max-width: 408px) 100vw, 408px\" \/><\/a><\/figure>\n\n\n\n<p><br>En cuanto a las comidas hab\u00eda una gran variedad de dulce y salado para degustar en el momento o llevar a casa.<\/p>\n","protected":false},"excerpt":{"rendered":"<p>Feria de Microemprendimientos 2024 \u201cEmprender para Aprender\u201d.<\/p>\n","protected":false},"author":1,"featured_media":44438,"comment_status":"open","ping_status":"open","sticky":false,"template":"","format":"image","meta":{"_jetpack_memberships_contains_paid_content":false,"footnotes":"","jetpack_publicize_message":"","jetpack_publicize_feature_enabled":true,"jetpack_social_post_already_shared":true,"jetpack_social_options":{"image_generator_settings":{"template":"highway","default_image_id":0,"enabled":false},"version":2}},"categories":[8,1,2,7,3],"tags":[19,5030,11146,11147,1725,8777,11145],"class_list":["post-44437","post","type-post","status-publish","format-image","has-post-thumbnail","hentry","category-deliberando","category-diario-armstrong","category-locales","category-politica","category-region","tag-de","tag-diario-armstrong","tag-emprender-para-aprender","tag-esc-n-51","tag-feria","tag-lic-graciela-de-la-casa","tag-microemprendimientos-2024","post_format-post-format-image"],"jetpack_publicize_connections":[],"jetpack_featured_media_url":"https:\/\/armstrongyregion.com.ar\/diario\/wp-content\/uploads\/2024\/10\/micros-1-.jpg","jetpack_shortlink":"https:\/\/wp.me\/p62QDO-byJ","jetpack_sharing_enabled":true,"amp_enabled":true,"_links":{"self":[{"href":"https:\/\/armstrongyregion.com.ar\/diario\/wp-json\/wp\/v2\/posts\/44437","targetHints":{"allow":["GET"]}}],"collection":[{"href":"https:\/\/armstrongyregion.com.ar\/diario\/wp-json\/wp\/v2\/posts"}],"about":[{"href":"https:\/\/armstrongyregion.com.ar\/diario\/wp-json\/wp\/v2\/types\/post"}],"author":[{"embeddable":true,"href":"https:\/\/armstrongyregion.com.ar\/diario\/wp-json\/wp\/v2\/users\/1"}],"replies":[{"embeddable":true,"href":"https:\/\/armstrongyregion.com.ar\/diario\/wp-json\/wp\/v2\/comments?post=44437"}],"version-history":[{"count":4,"href":"https:\/\/armstrongyregion.com.ar\/diario\/wp-json\/wp\/v2\/posts\/44437\/revisions"}],"predecessor-version":[{"id":44449,"href":"https:\/\/armstrongyregion.com.ar\/diario\/wp-json\/wp\/v2\/posts\/44437\/revisions\/44449"}],"wp:featuredmedia":[{"embeddable":true,"href":"https:\/\/armstrongyregion.com.ar\/diario\/wp-json\/wp\/v2\/media\/44438"}],"wp:attachment":[{"href":"https:\/\/armstrongyregion.com.ar\/diario\/wp-json\/wp\/v2\/media?parent=44437"}],"wp:term":[{"taxonomy":"category","embeddable":true,"href":"https:\/\/armstrongyregion.com.ar\/diario\/wp-json\/wp\/v2\/categories?post=44437"},{"taxonomy":"post_tag","embeddable":true,"href":"https:\/\/armstrongyregion.com.ar\/diario\/wp-json\/wp\/v2\/tags?post=44437"}],"curies":[{"name":"wp","href":"https:\/\/api.w.org\/{rel}","templated":true}]}}