{"id":44424,"date":"2024-10-25T00:31:46","date_gmt":"2024-10-25T00:31:46","guid":{"rendered":"https:\/\/armstrongyregion.com.ar\/diario\/?p=44424"},"modified":"2024-10-25T00:31:48","modified_gmt":"2024-10-25T00:31:48","slug":"colocacion-de-contenedores-especiales-para-grandes-generadores-de-residuos-organicos-compostables","status":"publish","type":"post","link":"https:\/\/armstrongyregion.com.ar\/diario\/colocacion-de-contenedores-especiales-para-grandes-generadores-de-residuos-organicos-compostables\/","title":{"rendered":"Colocaci\u00f3n de contenedores especiales para grandes generadores de residuos org\u00e1nicos compostables."},"content":{"rendered":"\n<figure class=\"wp-block-image size-full\"><a href=\"http:\/\/armstrongyregion.com.ar\/diario\/wp-content\/uploads\/2024\/10\/Luz-Fischer-Octubre-24.jpg\"><img loading=\"lazy\" decoding=\"async\" width=\"378\" height=\"377\" src=\"http:\/\/armstrongyregion.com.ar\/diario\/wp-content\/uploads\/2024\/10\/Luz-Fischer-Octubre-24.jpg\" alt=\"\" class=\"wp-image-44425\" srcset=\"https:\/\/armstrongyregion.com.ar\/diario\/wp-content\/uploads\/2024\/10\/Luz-Fischer-Octubre-24.jpg 378w, https:\/\/armstrongyregion.com.ar\/diario\/wp-content\/uploads\/2024\/10\/Luz-Fischer-Octubre-24-300x300.jpg 300w, https:\/\/armstrongyregion.com.ar\/diario\/wp-content\/uploads\/2024\/10\/Luz-Fischer-Octubre-24-150x150.jpg 150w\" sizes=\"auto, (max-width: 378px) 100vw, 378px\" \/><\/a><\/figure>\n\n\n\n<p><strong>La concejala justicialista Luz Marina Fischer, fundament\u00f3 la presentaci\u00f3n de este proyecto<\/strong>: \u201cLe hago una propuesta al ejecutivo, que por suerte fue acompa\u00f1ado por los dem\u00e1s concejales, donde propongo colocar contenedores especiales en puntos estrat\u00e9gicos,\u00a0 por ejemplo, afuera de los negocios donde venden frutas y verduras, es decir todos aquellos grandes generadores de material org\u00e1nico, o sea todo lo que es compostable. Hablando con ellos, reconocen que es una l\u00e1stima se desperdicie toda esa materia org\u00e1nica. De haber esos contenedores se har\u00eda esa separaci\u00f3n y se llevar\u00eda a la planta de tratamiento donde ya se produce compost y se mejorar\u00eda mucho la calidad del mismo por el aporte de otros elementos de alimento para la tierra.\u201d<\/p>\n\n\n\n<p><br><strong>Sobre algunos cruces que hubo sobre el proyecto de Renovacion por Armstrong de debate p\u00fablico de candidatos locales la edila dijo<\/strong>: \u201cSimplemente agregue que es un bloque que viene presentando el mismo proyecto de ordenanza todos los a\u00f1os desde el 2015, cuando a\u00fan no era concejala y desde que los soy, nunca se trat\u00f3 ese tema, pero no porque no lo hayamos querido tratar, en lo personal no me interesa y di mis motivos, no lo apoyo porque no creo sea una ordenanza\u00a0 prioritaria.\u201d<\/p>\n\n\n\n<p>Fuente: Graciela De la Casa- Oscar Crispino.<\/p>\n","protected":false},"excerpt":{"rendered":"<p>Colocaci\u00f3n de contenedores especiales para grandes generadores de residuos org\u00e1nicos compostables.<\/p>\n","protected":false},"author":1,"featured_media":44425,"comment_status":"open","ping_status":"open","sticky":false,"template":"","format":"image","meta":{"_jetpack_memberships_contains_paid_content":false,"footnotes":"","jetpack_publicize_message":"","jetpack_publicize_feature_enabled":true,"jetpack_social_post_already_shared":true,"jetpack_social_options":{"image_generator_settings":{"template":"highway","default_image_id":0,"enabled":false},"version":2}},"categories":[8,1,2,7,3],"tags":[11141,5030,9811,11142,9353],"class_list":["post-44424","post","type-post","status-publish","format-image","has-post-thumbnail","hentry","category-deliberando","category-diario-armstrong","category-locales","category-politica","category-region","tag-contenedores-especiales","tag-diario-armstrong","tag-luz-fischer","tag-organicos","tag-residuos-2","post_format-post-format-image"],"jetpack_publicize_connections":[],"jetpack_featured_media_url":"https:\/\/armstrongyregion.com.ar\/diario\/wp-content\/uploads\/2024\/10\/Luz-Fischer-Octubre-24.jpg","jetpack_shortlink":"https:\/\/wp.me\/p62QDO-byw","jetpack_sharing_enabled":true,"amp_enabled":true,"_links":{"self":[{"href":"https:\/\/armstrongyregion.com.ar\/diario\/wp-json\/wp\/v2\/posts\/44424","targetHints":{"allow":["GET"]}}],"collection":[{"href":"https:\/\/armstrongyregion.com.ar\/diario\/wp-json\/wp\/v2\/posts"}],"about":[{"href":"https:\/\/armstrongyregion.com.ar\/diario\/wp-json\/wp\/v2\/types\/post"}],"author":[{"embeddable":true,"href":"https:\/\/armstrongyregion.com.ar\/diario\/wp-json\/wp\/v2\/users\/1"}],"replies":[{"embeddable":true,"href":"https:\/\/armstrongyregion.com.ar\/diario\/wp-json\/wp\/v2\/comments?post=44424"}],"version-history":[{"count":1,"href":"https:\/\/armstrongyregion.com.ar\/diario\/wp-json\/wp\/v2\/posts\/44424\/revisions"}],"predecessor-version":[{"id":44426,"href":"https:\/\/armstrongyregion.com.ar\/diario\/wp-json\/wp\/v2\/posts\/44424\/revisions\/44426"}],"wp:featuredmedia":[{"embeddable":true,"href":"https:\/\/armstrongyregion.com.ar\/diario\/wp-json\/wp\/v2\/media\/44425"}],"wp:attachment":[{"href":"https:\/\/armstrongyregion.com.ar\/diario\/wp-json\/wp\/v2\/media?parent=44424"}],"wp:term":[{"taxonomy":"category","embeddable":true,"href":"https:\/\/armstrongyregion.com.ar\/diario\/wp-json\/wp\/v2\/categories?post=44424"},{"taxonomy":"post_tag","embeddable":true,"href":"https:\/\/armstrongyregion.com.ar\/diario\/wp-json\/wp\/v2\/tags?post=44424"}],"curies":[{"name":"wp","href":"https:\/\/api.w.org\/{rel}","templated":true}]}}