{"id":44416,"date":"2024-10-24T23:41:34","date_gmt":"2024-10-24T23:41:34","guid":{"rendered":"https:\/\/armstrongyregion.com.ar\/diario\/?p=44416"},"modified":"2024-10-24T23:41:35","modified_gmt":"2024-10-24T23:41:35","slug":"el-coro-de-adultos-del-conservatorio-municipal-de-musica-participo-del-encuentro-internacional","status":"publish","type":"post","link":"https:\/\/armstrongyregion.com.ar\/diario\/el-coro-de-adultos-del-conservatorio-municipal-de-musica-participo-del-encuentro-internacional\/","title":{"rendered":"El Coro de Adultos del Conservatorio Municipal de M\u00fasica particip\u00f3 del Encuentro Internacional."},"content":{"rendered":"\n<figure class=\"wp-block-image size-full\"><a href=\"http:\/\/armstrongyregion.com.ar\/diario\/wp-content\/uploads\/2024\/10\/encuentro-internacional-1.jpg\"><img loading=\"lazy\" decoding=\"async\" width=\"800\" height=\"568\" src=\"http:\/\/armstrongyregion.com.ar\/diario\/wp-content\/uploads\/2024\/10\/encuentro-internacional-1.jpg\" alt=\"\" class=\"wp-image-44417\" srcset=\"https:\/\/armstrongyregion.com.ar\/diario\/wp-content\/uploads\/2024\/10\/encuentro-internacional-1.jpg 800w, https:\/\/armstrongyregion.com.ar\/diario\/wp-content\/uploads\/2024\/10\/encuentro-internacional-1-300x213.jpg 300w, https:\/\/armstrongyregion.com.ar\/diario\/wp-content\/uploads\/2024\/10\/encuentro-internacional-1-768x545.jpg 768w\" sizes=\"auto, (max-width: 800px) 100vw, 800px\" \/><\/a><\/figure>\n\n\n\n<p>Los d\u00edas 27, 28 y 29 de septiembre, el Coro de Adultos del Conservatorio Municipal de M\u00fasica<br>particip\u00f3 del Encuentro Internacional \u201cAlma al Aire\u201d, realizado en la ciudad de Villa Carlos Paz (Cba.)<br>junto a otros seis grupos de Argentina, Paraguay y Uruguay.<\/p>\n\n\n\n<figure class=\"wp-block-image size-full\"><a href=\"http:\/\/armstrongyregion.com.ar\/diario\/wp-content\/uploads\/2024\/10\/Encuentro-Internacional-2-.jpg\"><img loading=\"lazy\" decoding=\"async\" width=\"400\" height=\"300\" src=\"http:\/\/armstrongyregion.com.ar\/diario\/wp-content\/uploads\/2024\/10\/Encuentro-Internacional-2-.jpg\" alt=\"\" class=\"wp-image-44419\" srcset=\"https:\/\/armstrongyregion.com.ar\/diario\/wp-content\/uploads\/2024\/10\/Encuentro-Internacional-2-.jpg 400w, https:\/\/armstrongyregion.com.ar\/diario\/wp-content\/uploads\/2024\/10\/Encuentro-Internacional-2--300x225.jpg 300w\" sizes=\"auto, (max-width: 400px) 100vw, 400px\" \/><\/a><\/figure>\n\n\n\n<figure class=\"wp-block-image size-full\"><a href=\"http:\/\/armstrongyregion.com.ar\/diario\/wp-content\/uploads\/2024\/10\/encuentro-internacional-3.jpg\"><img loading=\"lazy\" decoding=\"async\" width=\"800\" height=\"450\" src=\"http:\/\/armstrongyregion.com.ar\/diario\/wp-content\/uploads\/2024\/10\/encuentro-internacional-3.jpg\" alt=\"\" class=\"wp-image-44418\" srcset=\"https:\/\/armstrongyregion.com.ar\/diario\/wp-content\/uploads\/2024\/10\/encuentro-internacional-3.jpg 800w, https:\/\/armstrongyregion.com.ar\/diario\/wp-content\/uploads\/2024\/10\/encuentro-internacional-3-300x169.jpg 300w, https:\/\/armstrongyregion.com.ar\/diario\/wp-content\/uploads\/2024\/10\/encuentro-internacional-3-768x432.jpg 768w\" sizes=\"auto, (max-width: 800px) 100vw, 800px\" \/><\/a><\/figure>\n\n\n\n<p><br>La directora del elenco Prof. Nanci Roca cont\u00f3 que todos ellos tienen mucha trayectoria y una gran<br>calidad musical y humana, siendo una experiencia muy enriquecedora.<br>A los 18 coreutas armstronenses se sumaron los m\u00fasicos y profesores Joaqu\u00edn Mart\u00ednez, Cristian<br>Guzm\u00e1n, el director del Conservatorio Cristian Gualtieri, y los integrantes del Grupo Coral Zavalla<br>para ser los representantes de la provincia de Santa Fe interpretando un variado repertorio con<br>m\u00fasica antigua, popular, latinoamericano y de cine.<br>\u201cEstos encuentros tienen como finalidad conocer el folclore de otros pa\u00edses y sus costumbres a<br>trav\u00e9s de la m\u00fasica. Fue un gran aprendizaje para todos, especialmente desde lo humano\u201d, resalt\u00f3<br>Roca quien aprovech\u00f3 la oportunidad para agradecer a todo el universo Conservatorio que estuvo a<br>disposici\u00f3n y al p\u00fablico que colabor\u00f3 y alent\u00f3 para poder concretar este viaje.<\/p>\n","protected":false},"excerpt":{"rendered":"<p>El Coro de Adultos del Conservatorio Municipal de M\u00fasica particip\u00f3 del Encuentro Internacional.<\/p>\n","protected":false},"author":1,"featured_media":44417,"comment_status":"open","ping_status":"open","sticky":false,"template":"","format":"image","meta":{"_jetpack_memberships_contains_paid_content":false,"footnotes":"","jetpack_publicize_message":"","jetpack_publicize_feature_enabled":true,"jetpack_social_post_already_shared":true,"jetpack_social_options":{"image_generator_settings":{"template":"highway","default_image_id":0,"enabled":false},"version":2}},"categories":[8,1,2,7,3],"tags":[920,5030,63,319],"class_list":["post-44416","post","type-post","status-publish","format-image","has-post-thumbnail","hentry","category-deliberando","category-diario-armstrong","category-locales","category-politica","category-region","tag-coro","tag-diario-armstrong","tag-encuentro","tag-internacional","post_format-post-format-image"],"jetpack_publicize_connections":[],"jetpack_featured_media_url":"https:\/\/armstrongyregion.com.ar\/diario\/wp-content\/uploads\/2024\/10\/encuentro-internacional-1.jpg","jetpack_shortlink":"https:\/\/wp.me\/p62QDO-byo","jetpack_sharing_enabled":true,"amp_enabled":true,"_links":{"self":[{"href":"https:\/\/armstrongyregion.com.ar\/diario\/wp-json\/wp\/v2\/posts\/44416","targetHints":{"allow":["GET"]}}],"collection":[{"href":"https:\/\/armstrongyregion.com.ar\/diario\/wp-json\/wp\/v2\/posts"}],"about":[{"href":"https:\/\/armstrongyregion.com.ar\/diario\/wp-json\/wp\/v2\/types\/post"}],"author":[{"embeddable":true,"href":"https:\/\/armstrongyregion.com.ar\/diario\/wp-json\/wp\/v2\/users\/1"}],"replies":[{"embeddable":true,"href":"https:\/\/armstrongyregion.com.ar\/diario\/wp-json\/wp\/v2\/comments?post=44416"}],"version-history":[{"count":1,"href":"https:\/\/armstrongyregion.com.ar\/diario\/wp-json\/wp\/v2\/posts\/44416\/revisions"}],"predecessor-version":[{"id":44420,"href":"https:\/\/armstrongyregion.com.ar\/diario\/wp-json\/wp\/v2\/posts\/44416\/revisions\/44420"}],"wp:featuredmedia":[{"embeddable":true,"href":"https:\/\/armstrongyregion.com.ar\/diario\/wp-json\/wp\/v2\/media\/44417"}],"wp:attachment":[{"href":"https:\/\/armstrongyregion.com.ar\/diario\/wp-json\/wp\/v2\/media?parent=44416"}],"wp:term":[{"taxonomy":"category","embeddable":true,"href":"https:\/\/armstrongyregion.com.ar\/diario\/wp-json\/wp\/v2\/categories?post=44416"},{"taxonomy":"post_tag","embeddable":true,"href":"https:\/\/armstrongyregion.com.ar\/diario\/wp-json\/wp\/v2\/tags?post=44416"}],"curies":[{"name":"wp","href":"https:\/\/api.w.org\/{rel}","templated":true}]}}