{"id":44413,"date":"2024-10-24T01:57:11","date_gmt":"2024-10-24T01:57:11","guid":{"rendered":"https:\/\/armstrongyregion.com.ar\/diario\/?p=44413"},"modified":"2024-10-25T01:16:43","modified_gmt":"2024-10-25T01:16:43","slug":"el-concejal-jesus-urquia-destaco-la-aprobacion-de-la-ordenanza-sobre-discapacidad","status":"publish","type":"post","link":"https:\/\/armstrongyregion.com.ar\/diario\/el-concejal-jesus-urquia-destaco-la-aprobacion-de-la-ordenanza-sobre-discapacidad\/","title":{"rendered":"El concejal Jes\u00fas Urquia destac\u00f3 la aprobaci\u00f3n de la ordenanza sobre discapacidad."},"content":{"rendered":"\n<figure class=\"wp-block-image size-full\"><a href=\"http:\/\/armstrongyregion.com.ar\/diario\/wp-content\/uploads\/2024\/10\/Jesus-Urquia-24.jpg\"><img loading=\"lazy\" decoding=\"async\" width=\"756\" height=\"673\" src=\"http:\/\/armstrongyregion.com.ar\/diario\/wp-content\/uploads\/2024\/10\/Jesus-Urquia-24.jpg\" alt=\"\" class=\"wp-image-44414\" srcset=\"https:\/\/armstrongyregion.com.ar\/diario\/wp-content\/uploads\/2024\/10\/Jesus-Urquia-24.jpg 756w, https:\/\/armstrongyregion.com.ar\/diario\/wp-content\/uploads\/2024\/10\/Jesus-Urquia-24-300x267.jpg 300w\" sizes=\"auto, (max-width: 756px) 100vw, 756px\" \/><\/a><\/figure>\n\n\n\n<p><strong>El edil<\/strong> expres\u00f3: \u201cQuer\u00eda destacar la ordenanza que se aprob\u00f3 sobre discapacidad presentada por el oficialismo,  desde nuestro bloque hab\u00edamos presentado algo similar. Creo es una ordenanza muy buena, y era muy necesaria para la ciudad. Les brindar\u00e1 a esas familias la informaci\u00f3n de los tr\u00e1mites a realizar para sacar el certificado \u00fanico de discapacidad y sus beneficios. Creemos que es una buena oportunidad de tener toda la informaci\u00f3n y caracter\u00edsticas de los casos en la ciudad\u201d.<\/p>\n\n\n\n<p><strong>El presidente del concejo destac\u00f3 que esta ordenanza fue nutrida por todos los bloques<\/strong>: \u201cSi, son esos tipos de ordenanzas que por suerte vienen saliendo desde el concejo, en comisi\u00f3n cada uno trae su aporte y eso hace que se nutra y mejore.\u201d<\/p>\n\n\n\n<p>Fuente: Graciela De la Casa- Oscar Crispino-<\/p>\n","protected":false},"excerpt":{"rendered":"<p>El concejal Jes\u00fas Urquia destac\u00f3 la aprobaci\u00f3n de la ordenanza sobre discapacidad.<\/p>\n","protected":false},"author":1,"featured_media":44414,"comment_status":"open","ping_status":"open","sticky":false,"template":"","format":"image","meta":{"_jetpack_memberships_contains_paid_content":false,"footnotes":"","jetpack_publicize_message":"","jetpack_publicize_feature_enabled":true,"jetpack_social_post_already_shared":true,"jetpack_social_options":{"image_generator_settings":{"template":"highway","default_image_id":0,"enabled":false},"version":2}},"categories":[8,1,2,7,3],"tags":[8385,604,5030,2725,11140,8777,9870,118],"class_list":["post-44413","post","type-post","status-publish","format-image","has-post-thumbnail","hentry","category-deliberando","category-diario-armstrong","category-locales","category-politica","category-region","tag-aprobacion","tag-destaco","tag-diario-armstrong","tag-discapacidad","tag-jesus-urquia-2","tag-lic-graciela-de-la-casa","tag-ordenanza-2","tag-sobre","post_format-post-format-image"],"jetpack_publicize_connections":[],"jetpack_featured_media_url":"https:\/\/armstrongyregion.com.ar\/diario\/wp-content\/uploads\/2024\/10\/Jesus-Urquia-24.jpg","jetpack_shortlink":"https:\/\/wp.me\/p62QDO-byl","jetpack_sharing_enabled":true,"amp_enabled":true,"_links":{"self":[{"href":"https:\/\/armstrongyregion.com.ar\/diario\/wp-json\/wp\/v2\/posts\/44413","targetHints":{"allow":["GET"]}}],"collection":[{"href":"https:\/\/armstrongyregion.com.ar\/diario\/wp-json\/wp\/v2\/posts"}],"about":[{"href":"https:\/\/armstrongyregion.com.ar\/diario\/wp-json\/wp\/v2\/types\/post"}],"author":[{"embeddable":true,"href":"https:\/\/armstrongyregion.com.ar\/diario\/wp-json\/wp\/v2\/users\/1"}],"replies":[{"embeddable":true,"href":"https:\/\/armstrongyregion.com.ar\/diario\/wp-json\/wp\/v2\/comments?post=44413"}],"version-history":[{"count":2,"href":"https:\/\/armstrongyregion.com.ar\/diario\/wp-json\/wp\/v2\/posts\/44413\/revisions"}],"predecessor-version":[{"id":44430,"href":"https:\/\/armstrongyregion.com.ar\/diario\/wp-json\/wp\/v2\/posts\/44413\/revisions\/44430"}],"wp:featuredmedia":[{"embeddable":true,"href":"https:\/\/armstrongyregion.com.ar\/diario\/wp-json\/wp\/v2\/media\/44414"}],"wp:attachment":[{"href":"https:\/\/armstrongyregion.com.ar\/diario\/wp-json\/wp\/v2\/media?parent=44413"}],"wp:term":[{"taxonomy":"category","embeddable":true,"href":"https:\/\/armstrongyregion.com.ar\/diario\/wp-json\/wp\/v2\/categories?post=44413"},{"taxonomy":"post_tag","embeddable":true,"href":"https:\/\/armstrongyregion.com.ar\/diario\/wp-json\/wp\/v2\/tags?post=44413"}],"curies":[{"name":"wp","href":"https:\/\/api.w.org\/{rel}","templated":true}]}}