{"id":44411,"date":"2024-10-24T01:30:13","date_gmt":"2024-10-24T01:30:13","guid":{"rendered":"https:\/\/armstrongyregion.com.ar\/diario\/?p=44411"},"modified":"2024-10-24T01:30:15","modified_gmt":"2024-10-24T01:30:15","slug":"el-presidente-del-concejo-deliberante-de-armstrong-repaso-lo-tratado-en-la-ultima-sesion","status":"publish","type":"post","link":"https:\/\/armstrongyregion.com.ar\/diario\/el-presidente-del-concejo-deliberante-de-armstrong-repaso-lo-tratado-en-la-ultima-sesion\/","title":{"rendered":"El presidente del Concejo Deliberante de Armstrong repas\u00f3 lo tratado en la \u00faltima sesi\u00f3n."},"content":{"rendered":"\n<figure class=\"wp-block-image size-full\"><a href=\"http:\/\/armstrongyregion.com.ar\/diario\/wp-content\/uploads\/2024\/07\/Prof.Ale-Pertusati-.jpg\"><img loading=\"lazy\" decoding=\"async\" width=\"756\" height=\"598\" src=\"http:\/\/armstrongyregion.com.ar\/diario\/wp-content\/uploads\/2024\/07\/Prof.Ale-Pertusati-.jpg\" alt=\"\" class=\"wp-image-43340\" srcset=\"https:\/\/armstrongyregion.com.ar\/diario\/wp-content\/uploads\/2024\/07\/Prof.Ale-Pertusati-.jpg 756w, https:\/\/armstrongyregion.com.ar\/diario\/wp-content\/uploads\/2024\/07\/Prof.Ale-Pertusati--300x237.jpg 300w\" sizes=\"auto, (max-width: 756px) 100vw, 756px\" \/><\/a><\/figure>\n\n\n\n<p><strong>Alejandro Pertusati comenz\u00f3 diciendo<\/strong>: \u201cFue una sesi\u00f3n din\u00e1mica e interesante un poquito intensa por momentos pero eso es bueno. En un principio dimos aprobaci\u00f3n a un proyecto de ordenanza que hab\u00eda ingresado el bloque oficialista sobre la creaci\u00f3n del registro \u00fanico municipal de personas con discapacidad, que nos va a dar datos completos de necesidades\u201d.<\/p>\n\n\n\n<p><strong>Se le remarco al edil que hab\u00eda muchas expectativas sobre este proyecto<\/strong>: \u201cHab\u00eda muchas expectativas porque es una base de datos que nos va a dar estad\u00edsticas, los tipos de discapacidad que hay en la ciudad, edad, sexo, estudios que est\u00e1n cursando, ocupaci\u00f3n, y todo lo que hace a cada persona. Fue importante el trabajo en comisi\u00f3n ya que todos los concejales aportaron\u00a0un granito de arena para su formulaci\u00f3n\u00bb.<\/p>\n\n\n\n<p><strong>Consultado sobre el proyecto de debate p\u00fablico de candidatos locales, Pertusati se expres\u00f3 sobre los cruces por el proyecto<\/strong>: \u201cValoro el debate en comisi\u00f3n y en sesi\u00f3n. Entiendo las dos posturas que se dieron en la sesi\u00f3n, que han sido del bloque Renovacion por Armstrong y el Bloque Justicialista, y fue el cruce m\u00e1s intenso de la noche. Hubo otros proyectos de ordenanzas sobre lo que es libertad o no en una campa\u00f1a pol\u00edtica, si coincido en que cada partido y cada candidato tiene sus armas para hacer frente a una campa\u00f1a. En lo personal me siento a gusto en un debate o en una entrevista cara a cara con el periodista, me he sentido c\u00f3modo en algunos casos y no en otros, por ello no le temo al debate. Lo que no s\u00e9, es si ser\u00e1 positivo implementarlo de entrada en una elecci\u00f3n legislativa o ejecutiva, son temas que se tienen que debatir en comisi\u00f3n\u00bb.<\/p>\n\n\n\n<p>\u201d<strong>Este tema hace tiempo se viene presentado y est\u00e1 el compromiso de tratarlo en comisi\u00f3n?<\/strong> Comparto la idea de ambos concejales y quiz\u00e1 este sea el momento de tratarlo, aunque no creo que sea r\u00e1pido\u201d. Finaliz\u00f3 el edil.<\/p>\n\n\n\n<p>Graciela De la Casa- Oscar Crispino.<\/p>\n","protected":false},"excerpt":{"rendered":"<p>El presidente del Concejo Deliberante de Armstrong repas\u00f3 lo tratado en la \u00faltima sesi\u00f3n.<\/p>\n","protected":false},"author":1,"featured_media":43340,"comment_status":"open","ping_status":"open","sticky":false,"template":"","format":"image","meta":{"_jetpack_memberships_contains_paid_content":false,"footnotes":"","jetpack_publicize_message":"","jetpack_publicize_feature_enabled":true,"jetpack_social_post_already_shared":true,"jetpack_social_options":{"image_generator_settings":{"template":"highway","default_image_id":0,"enabled":false},"version":2}},"categories":[8,1,2,7,3],"tags":[20,868,5030,8777,10971],"class_list":["post-44411","post","type-post","status-publish","format-image","has-post-thumbnail","hentry","category-deliberando","category-diario-armstrong","category-locales","category-politica","category-region","tag-armstrong","tag-concejo","tag-diario-armstrong","tag-lic-graciela-de-la-casa","tag-prof-alejandro-pertusati","post_format-post-format-image"],"jetpack_publicize_connections":[],"jetpack_featured_media_url":"https:\/\/armstrongyregion.com.ar\/diario\/wp-content\/uploads\/2024\/07\/Prof.Ale-Pertusati-.jpg","jetpack_shortlink":"https:\/\/wp.me\/p62QDO-byj","jetpack_sharing_enabled":true,"amp_enabled":true,"_links":{"self":[{"href":"https:\/\/armstrongyregion.com.ar\/diario\/wp-json\/wp\/v2\/posts\/44411","targetHints":{"allow":["GET"]}}],"collection":[{"href":"https:\/\/armstrongyregion.com.ar\/diario\/wp-json\/wp\/v2\/posts"}],"about":[{"href":"https:\/\/armstrongyregion.com.ar\/diario\/wp-json\/wp\/v2\/types\/post"}],"author":[{"embeddable":true,"href":"https:\/\/armstrongyregion.com.ar\/diario\/wp-json\/wp\/v2\/users\/1"}],"replies":[{"embeddable":true,"href":"https:\/\/armstrongyregion.com.ar\/diario\/wp-json\/wp\/v2\/comments?post=44411"}],"version-history":[{"count":1,"href":"https:\/\/armstrongyregion.com.ar\/diario\/wp-json\/wp\/v2\/posts\/44411\/revisions"}],"predecessor-version":[{"id":44412,"href":"https:\/\/armstrongyregion.com.ar\/diario\/wp-json\/wp\/v2\/posts\/44411\/revisions\/44412"}],"wp:featuredmedia":[{"embeddable":true,"href":"https:\/\/armstrongyregion.com.ar\/diario\/wp-json\/wp\/v2\/media\/43340"}],"wp:attachment":[{"href":"https:\/\/armstrongyregion.com.ar\/diario\/wp-json\/wp\/v2\/media?parent=44411"}],"wp:term":[{"taxonomy":"category","embeddable":true,"href":"https:\/\/armstrongyregion.com.ar\/diario\/wp-json\/wp\/v2\/categories?post=44411"},{"taxonomy":"post_tag","embeddable":true,"href":"https:\/\/armstrongyregion.com.ar\/diario\/wp-json\/wp\/v2\/tags?post=44411"}],"curies":[{"name":"wp","href":"https:\/\/api.w.org\/{rel}","templated":true}]}}