{"id":4439,"date":"2015-10-08T11:38:52","date_gmt":"2015-10-08T11:38:52","guid":{"rendered":"https:\/\/armstrongyregion.com.ar\/diario\/?p=4439"},"modified":"2015-10-11T17:06:25","modified_gmt":"2015-10-11T17:06:25","slug":"el-teatro-y-la-historia-inicia-su-gira-provincial-en-tortugas","status":"publish","type":"post","link":"https:\/\/armstrongyregion.com.ar\/diario\/el-teatro-y-la-historia-inicia-su-gira-provincial-en-tortugas\/","title":{"rendered":"\u201cEl Teatro y la Historia\u201d inicia su gira provincial en Tortugas"},"content":{"rendered":"<p><a href=\"http:\/\/armstrongyregion.com.ar\/diario\/wp-content\/uploads\/2014\/12\/teatro.jpg\"><img loading=\"lazy\" decoding=\"async\" class=\"alignnone size-medium wp-image-4438\" src=\"http:\/\/armstrongyregion.com.ar\/diario\/wp-content\/uploads\/2014\/12\/teatro-300x180.jpg\" alt=\"teatro\" width=\"300\" height=\"180\" srcset=\"https:\/\/armstrongyregion.com.ar\/diario\/wp-content\/uploads\/2014\/12\/teatro-300x180.jpg 300w, https:\/\/armstrongyregion.com.ar\/diario\/wp-content\/uploads\/2014\/12\/teatro.jpg 960w\" sizes=\"auto, (max-width: 300px) 100vw, 300px\" \/><\/a>El\u00a0<strong>Ente Cultural Santafesino<\/strong>\u00a0junto a la\u00a0<strong>Diputada Nacional Claudia Giaccone, E.E.S.O. N\u00b0 354 \u201cBrig. Estanislao L\u00f3pez\u201d<\/strong>\u00a0y la\u00a0<strong>Comuna\u00a0de\u00a0Tortugas<\/strong>\u00a0 invitan a participar del Programa\u00a0<strong>\u201cEl Teatro y la Historia\u201d<\/strong>, el cual se encuentra apadrinado y coordinado por el actor\u00a0<strong>Oscar \u201cLito\u201d Cruz.<\/strong><\/p>\n<p><i>\u201cComenzamos a transitar con este sue\u00f1o colectivo y de la mano del Teatro, el \u00faltimo tramo, cumpliendo con los objetivos de llegar con producci\u00f3n\u00a0\u00edntegramente\u00a0<wbr \/>elaborada\u00a0desde el interior santafesino a cada\u00a0comunidad\u00a0y regi\u00f3n que conforma nuestro Ente Cultural\u00a0Santafesino\u201d<\/i>\u00a0<wbr \/>manifest\u00f3\u00a0<strong>Maximiliano Depetris-Coordinador del Programa \u201cEl Teatro y la Historia.<\/strong><\/p>\n<p>La programaci\u00f3n se desarrollar\u00e1 el\u00a0<strong>domingo 11 de octubre<\/strong>, a partir de las\u00a0<strong>20:30hs<\/strong>\u00a0en el\u00a0<strong>Sal\u00f3n Cultural Comunal\u00a0<\/strong>con la presentaci\u00f3n de dos obras teatrales, conforme al siguiente cronograma:<\/p>\n<p><strong>Revuelta (Grupo de los Diez)<\/strong><\/p>\n<p>Gerardo Meyer (actor \u2013 Humboldt), Marcela Girolimetto (actor \u2013 Humboldt), Mar\u00eda Rosa Pfeiffer (gui\u00f3n y direcci\u00f3n \u2013 Humboldt) y Walter Walker (m\u00fasica original \u2013 Humboldt).<\/p>\n<p><strong>Silencio\u2026 Soy Estanislao<\/strong><\/p>\n<p>Rub\u00e9n Alliot (actor \u2013 Recreo), Marcelo Ruiz (actor \u2013 Recreo), Luis Coianiz (director \u2013 Recreo) y Daniel Perazzo (gui\u00f3n \u2013 Tortugas).<\/p>\n<p><strong>\u201cEl Teatro y la Historia\u201d<\/strong><\/p>\n<p><em>La propuesta tiene como objetivo rescatar, del acervo hist\u00f3rico provincial, historias que nos constituyen como pueblo santafesino. Las mismas fueron presentadas durante el a\u00f1o 2014 y contaron con la destacada participaci\u00f3n de Lito Cruz para su selecci\u00f3n.<\/em><\/p>\n<p><em>En este sentido, los organizadores confirmaron\u00a0que las 4 obras que conforman dicho programa se encuentran a disposici\u00f3n de todas las comunidades adheridas al Ente Cultural Santafesino con el objetivo de promocionar y llevar el Teatro a cada rinc\u00f3n de la provincia de Santa Fe.<\/em><\/p>\n","protected":false},"excerpt":{"rendered":"<p>El\u00a0Ente Cultural Santafesino\u00a0junto a la\u00a0Diputada Nacional Claudia Giaccone, E.E.S.O. N\u00b0 354 \u201cBrig. Estanislao L\u00f3pez\u201d\u00a0y la\u00a0Comuna\u00a0de\u00a0Tortugas\u00a0 invitan a participar del Programa\u00a0\u201cEl Teatro y la Historia\u201d, el cual se encuentra apadrinado y coordinado por el actor\u00a0Oscar \u201cLito\u201d Cruz. \u201cComenzamos a transitar con este sue\u00f1o colectivo y de la mano del Teatro, el \u00faltimo tramo, cumpliendo con los <a href=\"https:\/\/armstrongyregion.com.ar\/diario\/el-teatro-y-la-historia-inicia-su-gira-provincial-en-tortugas\/\" title=\"Read more\" >&#8230;<\/a><\/p>\n","protected":false},"author":2,"featured_media":4438,"comment_status":"open","ping_status":"open","sticky":false,"template":"","format":"standard","meta":{"_jetpack_memberships_contains_paid_content":false,"footnotes":"","jetpack_publicize_message":"","jetpack_publicize_feature_enabled":true,"jetpack_social_post_already_shared":false,"jetpack_social_options":{"image_generator_settings":{"template":"highway","default_image_id":0,"enabled":false},"version":2}},"categories":[6,1,2819,3],"tags":[2907,850,928,1431],"class_list":["post-4439","post","type-post","status-publish","format-standard","has-post-thumbnail","hentry","category-cultura-entretenimiento","category-diario-armstrong","category-el-pais","category-region","tag-gira","tag-historia","tag-provincial","tag-teatro"],"jetpack_publicize_connections":[],"jetpack_featured_media_url":"https:\/\/armstrongyregion.com.ar\/diario\/wp-content\/uploads\/2014\/12\/teatro.jpg","jetpack_shortlink":"https:\/\/wp.me\/p62QDO-19B","jetpack_sharing_enabled":true,"amp_enabled":true,"_links":{"self":[{"href":"https:\/\/armstrongyregion.com.ar\/diario\/wp-json\/wp\/v2\/posts\/4439","targetHints":{"allow":["GET"]}}],"collection":[{"href":"https:\/\/armstrongyregion.com.ar\/diario\/wp-json\/wp\/v2\/posts"}],"about":[{"href":"https:\/\/armstrongyregion.com.ar\/diario\/wp-json\/wp\/v2\/types\/post"}],"author":[{"embeddable":true,"href":"https:\/\/armstrongyregion.com.ar\/diario\/wp-json\/wp\/v2\/users\/2"}],"replies":[{"embeddable":true,"href":"https:\/\/armstrongyregion.com.ar\/diario\/wp-json\/wp\/v2\/comments?post=4439"}],"version-history":[{"count":0,"href":"https:\/\/armstrongyregion.com.ar\/diario\/wp-json\/wp\/v2\/posts\/4439\/revisions"}],"wp:featuredmedia":[{"embeddable":true,"href":"https:\/\/armstrongyregion.com.ar\/diario\/wp-json\/wp\/v2\/media\/4438"}],"wp:attachment":[{"href":"https:\/\/armstrongyregion.com.ar\/diario\/wp-json\/wp\/v2\/media?parent=4439"}],"wp:term":[{"taxonomy":"category","embeddable":true,"href":"https:\/\/armstrongyregion.com.ar\/diario\/wp-json\/wp\/v2\/categories?post=4439"},{"taxonomy":"post_tag","embeddable":true,"href":"https:\/\/armstrongyregion.com.ar\/diario\/wp-json\/wp\/v2\/tags?post=4439"}],"curies":[{"name":"wp","href":"https:\/\/api.w.org\/{rel}","templated":true}]}}