{"id":44386,"date":"2024-10-21T12:54:54","date_gmt":"2024-10-21T12:54:54","guid":{"rendered":"https:\/\/armstrongyregion.com.ar\/diario\/?p=44386"},"modified":"2024-10-21T12:54:55","modified_gmt":"2024-10-21T12:54:55","slug":"armstrong-finalizo-el-curso-de-operador-2-0","status":"publish","type":"post","link":"https:\/\/armstrongyregion.com.ar\/diario\/armstrong-finalizo-el-curso-de-operador-2-0\/","title":{"rendered":"Armstrong. Finaliz\u00f3 el curso de Operador 2.0."},"content":{"rendered":"\n<figure class=\"wp-block-image size-large\"><a href=\"http:\/\/armstrongyregion.com.ar\/diario\/wp-content\/uploads\/2024\/10\/CURSO-1-.jpg\"><img loading=\"lazy\" decoding=\"async\" width=\"1024\" height=\"683\" src=\"http:\/\/armstrongyregion.com.ar\/diario\/wp-content\/uploads\/2024\/10\/CURSO-1--1024x683.jpg\" alt=\"\" class=\"wp-image-44387\" srcset=\"https:\/\/armstrongyregion.com.ar\/diario\/wp-content\/uploads\/2024\/10\/CURSO-1--1024x683.jpg 1024w, https:\/\/armstrongyregion.com.ar\/diario\/wp-content\/uploads\/2024\/10\/CURSO-1--300x200.jpg 300w, https:\/\/armstrongyregion.com.ar\/diario\/wp-content\/uploads\/2024\/10\/CURSO-1--768x512.jpg 768w, https:\/\/armstrongyregion.com.ar\/diario\/wp-content\/uploads\/2024\/10\/CURSO-1-.jpg 1040w\" sizes=\"auto, (max-width: 1024px) 100vw, 1024px\" \/><\/a><\/figure>\n\n\n\n<p>El d\u00eda viernes 18 de octubre se entregaron los certificados a quienes completaron la capacitaci\u00f3n de<br>Operador de Maquinaria Agr\u00edcola 2.0, propuesto por el Gobierno de la Provincia de Santa Fe a trav\u00e9s<br>del Programa Impulsa, y llevado adelante junto a la empresa Agronorte.<br>La Municipalidad de Armstrong y el Centro Comercial, Industrial y Rural de Armstrong (CCIR) se<br>sumaron a la iniciativa.<br>Estuvieron presentes el Intendente Guillermo Luzzi, la Subsecretaria de capacitaci\u00f3n y trabajo<br>decente del Ministerio de Trabajo, Empleo y Seguridad Social Gabriela Estrella, la directora de<br>Formaci\u00f3n Profesional y Capacitaci\u00f3n Laboral del Ministerio de Educaci\u00f3n Natalia Visentini, la<br>delegada de la Regi\u00f3n V de Educaci\u00f3n Marisa Pr\u00edncipe, el presidente del CCIR Hern\u00e1n Franceschina,<br>la gerente del \u00e1rea de Gesti\u00f3n del Conocimiento de la empresa Agronorte Gabriela Donatti, y quien<br>tuvo a su cargo el desarrollo de las clases te\u00f3rico-pr\u00e1cticas, el t\u00e9cnico electromec\u00e1nico Gustavo<br>Merlo.<\/p>\n\n\n\n<figure class=\"wp-block-image size-full\"><a href=\"http:\/\/armstrongyregion.com.ar\/diario\/wp-content\/uploads\/2024\/10\/CURSO-2-.jpg\"><img loading=\"lazy\" decoding=\"async\" width=\"520\" height=\"347\" src=\"http:\/\/armstrongyregion.com.ar\/diario\/wp-content\/uploads\/2024\/10\/CURSO-2-.jpg\" alt=\"\" class=\"wp-image-44388\" srcset=\"https:\/\/armstrongyregion.com.ar\/diario\/wp-content\/uploads\/2024\/10\/CURSO-2-.jpg 520w, https:\/\/armstrongyregion.com.ar\/diario\/wp-content\/uploads\/2024\/10\/CURSO-2--300x200.jpg 300w\" sizes=\"auto, (max-width: 520px) 100vw, 520px\" \/><\/a><\/figure>\n\n\n\n<p><br>Todos ellos entregaron los diplomas a los 11 egresados que pertenecen a las localidades de<br>Armstrong, Las Parejas y Carcara\u00f1\u00e1.<\/p>\n\n\n\n<figure class=\"wp-block-image size-full\"><a href=\"http:\/\/armstrongyregion.com.ar\/diario\/wp-content\/uploads\/2024\/10\/CURSO-3.jpg\"><img loading=\"lazy\" decoding=\"async\" width=\"520\" height=\"347\" src=\"http:\/\/armstrongyregion.com.ar\/diario\/wp-content\/uploads\/2024\/10\/CURSO-3.jpg\" alt=\"\" class=\"wp-image-44389\" srcset=\"https:\/\/armstrongyregion.com.ar\/diario\/wp-content\/uploads\/2024\/10\/CURSO-3.jpg 520w, https:\/\/armstrongyregion.com.ar\/diario\/wp-content\/uploads\/2024\/10\/CURSO-3-300x200.jpg 300w\" sizes=\"auto, (max-width: 520px) 100vw, 520px\" \/><\/a><\/figure>\n\n\n\n<p><br>Los alumnos est\u00e1n capacitados para entender los sistemas principales con los que funcionan los<br>equipos agr\u00edcolas tractores, cosechadoras de granos, de forrajes, etc, y est\u00e1n preparados para operar<br>equipos con las m\u00e1s recientes tecnolog\u00edas logrando as\u00ed una inserci\u00f3n laboral de calidad. Agricultura<br>de precisi\u00f3n, conectividad, an\u00e1lisis de datos, etc.<br>Las autoridades remarcaron que este fue el primer curso con esta tem\u00e1tica y ya se sumaron otras<br>localidades en la provincia ya que en breve comenzar\u00e1 en San Justo y en Avellaneda.<br>En el Programa Impulsa interact\u00faan tres Ministerios: de Trabajo, de Educaci\u00f3n y de Desarrollo<br>Productivo. El objetivo de estas capacitaciones es que est\u00e9n estrechamente vinculadas con la<br>demanda laboral. Su desaf\u00edo es mejorar sustancialmente las condiciones de empleabilidad,<br>aline\u00e1ndose con las necesidades del sector privado, optimizando las matrices productivas y<br>atendiendo a las \u00e1reas estrat\u00e9gicas.<\/p>\n","protected":false},"excerpt":{"rendered":"<p>Armstrong. Finaliz\u00f3 el curso de Operador 2.0.<\/p>\n","protected":false},"author":1,"featured_media":44387,"comment_status":"open","ping_status":"open","sticky":false,"template":"","format":"image","meta":{"_jetpack_memberships_contains_paid_content":false,"footnotes":"","jetpack_publicize_message":"","jetpack_publicize_feature_enabled":true,"jetpack_social_post_already_shared":true,"jetpack_social_options":{"image_generator_settings":{"template":"highway","default_image_id":0,"enabled":false},"version":2}},"categories":[8,1,2,7,3],"tags":[20,412,5030,8777,11136],"class_list":["post-44386","post","type-post","status-publish","format-image","has-post-thumbnail","hentry","category-deliberando","category-diario-armstrong","category-locales","category-politica","category-region","tag-armstrong","tag-curso","tag-diario-armstrong","tag-lic-graciela-de-la-casa","tag-operador-2-0","post_format-post-format-image"],"jetpack_publicize_connections":[],"jetpack_featured_media_url":"https:\/\/armstrongyregion.com.ar\/diario\/wp-content\/uploads\/2024\/10\/CURSO-1-.jpg","jetpack_shortlink":"https:\/\/wp.me\/p62QDO-bxU","jetpack_sharing_enabled":true,"amp_enabled":true,"_links":{"self":[{"href":"https:\/\/armstrongyregion.com.ar\/diario\/wp-json\/wp\/v2\/posts\/44386","targetHints":{"allow":["GET"]}}],"collection":[{"href":"https:\/\/armstrongyregion.com.ar\/diario\/wp-json\/wp\/v2\/posts"}],"about":[{"href":"https:\/\/armstrongyregion.com.ar\/diario\/wp-json\/wp\/v2\/types\/post"}],"author":[{"embeddable":true,"href":"https:\/\/armstrongyregion.com.ar\/diario\/wp-json\/wp\/v2\/users\/1"}],"replies":[{"embeddable":true,"href":"https:\/\/armstrongyregion.com.ar\/diario\/wp-json\/wp\/v2\/comments?post=44386"}],"version-history":[{"count":1,"href":"https:\/\/armstrongyregion.com.ar\/diario\/wp-json\/wp\/v2\/posts\/44386\/revisions"}],"predecessor-version":[{"id":44390,"href":"https:\/\/armstrongyregion.com.ar\/diario\/wp-json\/wp\/v2\/posts\/44386\/revisions\/44390"}],"wp:featuredmedia":[{"embeddable":true,"href":"https:\/\/armstrongyregion.com.ar\/diario\/wp-json\/wp\/v2\/media\/44387"}],"wp:attachment":[{"href":"https:\/\/armstrongyregion.com.ar\/diario\/wp-json\/wp\/v2\/media?parent=44386"}],"wp:term":[{"taxonomy":"category","embeddable":true,"href":"https:\/\/armstrongyregion.com.ar\/diario\/wp-json\/wp\/v2\/categories?post=44386"},{"taxonomy":"post_tag","embeddable":true,"href":"https:\/\/armstrongyregion.com.ar\/diario\/wp-json\/wp\/v2\/tags?post=44386"}],"curies":[{"name":"wp","href":"https:\/\/api.w.org\/{rel}","templated":true}]}}