{"id":44368,"date":"2024-10-18T03:26:05","date_gmt":"2024-10-18T03:26:05","guid":{"rendered":"https:\/\/armstrongyregion.com.ar\/diario\/?p=44368"},"modified":"2024-10-18T03:33:03","modified_gmt":"2024-10-18T03:33:03","slug":"declaratoria-de-interes-municipal-al-dia-de-las-cooperadoras-escolares","status":"publish","type":"post","link":"https:\/\/armstrongyregion.com.ar\/diario\/declaratoria-de-interes-municipal-al-dia-de-las-cooperadoras-escolares\/","title":{"rendered":"Declaratoria de inter\u00e9s municipal al D\u00eda de las Cooperadoras Escolares."},"content":{"rendered":"\n<figure class=\"wp-block-image size-full\"><a href=\"http:\/\/armstrongyregion.com.ar\/diario\/wp-content\/uploads\/2024\/10\/NOE-GARCIA-18-10-24.jpg\"><img loading=\"lazy\" decoding=\"async\" width=\"536\" height=\"635\" src=\"http:\/\/armstrongyregion.com.ar\/diario\/wp-content\/uploads\/2024\/10\/NOE-GARCIA-18-10-24.jpg\" alt=\"\" class=\"wp-image-44369\" srcset=\"https:\/\/armstrongyregion.com.ar\/diario\/wp-content\/uploads\/2024\/10\/NOE-GARCIA-18-10-24.jpg 536w, https:\/\/armstrongyregion.com.ar\/diario\/wp-content\/uploads\/2024\/10\/NOE-GARCIA-18-10-24-253x300.jpg 253w\" sizes=\"auto, (max-width: 536px) 100vw, 536px\" \/><\/a><\/figure>\n\n\n\n<p>La Concejal de Unidos, Noelia Garc\u00eda, expresaba: \u00abDesde nuestro bloque presentamos una declaratoria de inter\u00e9s municipal al d\u00eda nacional de las cooperadoras escolares, enalteciendo el trabajo que realizan en cada instituci\u00f3n ya que hacen una labor important\u00edsima y construyen un puente entre la escuela y los ni\u00f1os, sin fines de lucro, a veces con tiempos muy acotados  y aprovechamos el espacio para agradecerles el trabajo incansable que realizan y reivindicar su labor\u00bb.<\/p>\n\n\n\n<p>El 15 de octubre se conmemora el d\u00eda de las Cooperadoras Escolares en homenaje a la creaci\u00f3n de las Juntas Protectoras, un lejano antecedente de las Cooperadoras Escolares actuales. La primera junta vecinal de ayuda a las Escuelas se fund\u00f3 el 15 de octubre de 1816, en la frontera de Chascom\u00fas, Buenos Aires.<\/p>\n\n\n\n<p>En las Asociaciones Cooperadoras no tienen cabida las acciones o esfuerzos individualistas. Su mismo nombre lo indica \u00abCOOPERAR\u00bb, operar en grupo o equipo, mancomunadamente, para poder superar las dificultades y satisfacer las demandas de la instituci\u00f3n. Esta conciencia y comportamiento de equipo, es muy enriquecedora.<\/p>\n\n\n\n<p>Fuente: Lic. Graciela De la Casa- Oscar Crispino.<\/p>\n","protected":false},"excerpt":{"rendered":"<p>Declaratoria de inter\u00e9s municipal al D\u00eda de las Cooperadoras Escolares.<\/p>\n","protected":false},"author":1,"featured_media":44370,"comment_status":"open","ping_status":"open","sticky":false,"template":"","format":"image","meta":{"_jetpack_memberships_contains_paid_content":false,"footnotes":"","jetpack_publicize_message":"","jetpack_publicize_feature_enabled":true,"jetpack_social_post_already_shared":true,"jetpack_social_options":{"image_generator_settings":{"template":"highway","default_image_id":0,"enabled":false},"version":2}},"categories":[8,1,2,7,3],"tags":[11130,11128,9924,11129,8777,10544,1448],"class_list":["post-44368","post","type-post","status-publish","format-image","has-post-thumbnail","hentry","category-deliberando","category-diario-armstrong","category-locales","category-politica","category-region","tag-cooperadoras-escolares","tag-declaratoria","tag-diario-armstrong-y-region-2","tag-interes-municipal","tag-lic-graciela-de-la-casa","tag-noelia-garcia","tag-unidos","post_format-post-format-image"],"jetpack_publicize_connections":[],"jetpack_featured_media_url":"https:\/\/armstrongyregion.com.ar\/diario\/wp-content\/uploads\/2024\/10\/NOE-GARCIA-18-10-24-1.jpg","jetpack_shortlink":"https:\/\/wp.me\/p62QDO-bxC","jetpack_sharing_enabled":true,"amp_enabled":true,"_links":{"self":[{"href":"https:\/\/armstrongyregion.com.ar\/diario\/wp-json\/wp\/v2\/posts\/44368","targetHints":{"allow":["GET"]}}],"collection":[{"href":"https:\/\/armstrongyregion.com.ar\/diario\/wp-json\/wp\/v2\/posts"}],"about":[{"href":"https:\/\/armstrongyregion.com.ar\/diario\/wp-json\/wp\/v2\/types\/post"}],"author":[{"embeddable":true,"href":"https:\/\/armstrongyregion.com.ar\/diario\/wp-json\/wp\/v2\/users\/1"}],"replies":[{"embeddable":true,"href":"https:\/\/armstrongyregion.com.ar\/diario\/wp-json\/wp\/v2\/comments?post=44368"}],"version-history":[{"count":2,"href":"https:\/\/armstrongyregion.com.ar\/diario\/wp-json\/wp\/v2\/posts\/44368\/revisions"}],"predecessor-version":[{"id":44373,"href":"https:\/\/armstrongyregion.com.ar\/diario\/wp-json\/wp\/v2\/posts\/44368\/revisions\/44373"}],"wp:featuredmedia":[{"embeddable":true,"href":"https:\/\/armstrongyregion.com.ar\/diario\/wp-json\/wp\/v2\/media\/44370"}],"wp:attachment":[{"href":"https:\/\/armstrongyregion.com.ar\/diario\/wp-json\/wp\/v2\/media?parent=44368"}],"wp:term":[{"taxonomy":"category","embeddable":true,"href":"https:\/\/armstrongyregion.com.ar\/diario\/wp-json\/wp\/v2\/categories?post=44368"},{"taxonomy":"post_tag","embeddable":true,"href":"https:\/\/armstrongyregion.com.ar\/diario\/wp-json\/wp\/v2\/tags?post=44368"}],"curies":[{"name":"wp","href":"https:\/\/api.w.org\/{rel}","templated":true}]}}