{"id":44366,"date":"2024-10-17T23:51:23","date_gmt":"2024-10-17T23:51:23","guid":{"rendered":"https:\/\/armstrongyregion.com.ar\/diario\/?p=44366"},"modified":"2024-10-17T23:51:29","modified_gmt":"2024-10-17T23:51:29","slug":"renovacion-por-armstrong-solicito-informacion-sobre-la-situacion-de-pararrayos-en-la-ciudad-y-bregan-por-campanas-de-prevencion-de-ets","status":"publish","type":"post","link":"https:\/\/armstrongyregion.com.ar\/diario\/renovacion-por-armstrong-solicito-informacion-sobre-la-situacion-de-pararrayos-en-la-ciudad-y-bregan-por-campanas-de-prevencion-de-ets\/","title":{"rendered":"Renovaci\u00f3n por Armstrong solicit\u00f3 informaci\u00f3n sobre la Situaci\u00f3n de Pararrayos en la ciudad y bregan por Campa\u00f1as de Prevenci\u00f3n de ETS."},"content":{"rendered":"\n<figure class=\"wp-block-image size-full\"><a href=\"http:\/\/armstrongyregion.com.ar\/diario\/wp-content\/uploads\/2024\/08\/Emiliano-Gramigna-15-8-24-.jpg\"><img loading=\"lazy\" decoding=\"async\" width=\"756\" height=\"666\" src=\"http:\/\/armstrongyregion.com.ar\/diario\/wp-content\/uploads\/2024\/08\/Emiliano-Gramigna-15-8-24-.jpg\" alt=\"\" class=\"wp-image-43750\" srcset=\"https:\/\/armstrongyregion.com.ar\/diario\/wp-content\/uploads\/2024\/08\/Emiliano-Gramigna-15-8-24-.jpg 756w, https:\/\/armstrongyregion.com.ar\/diario\/wp-content\/uploads\/2024\/08\/Emiliano-Gramigna-15-8-24--300x264.jpg 300w\" sizes=\"auto, (max-width: 756px) 100vw, 756px\" \/><\/a><\/figure>\n\n\n\n<p><strong>Sobre proyectos presentados por el bloque Renovaci\u00f3n por Armstrong habl\u00f3 el concejal Emiliano Gramigna expresando<\/strong>: \u201cHemos presentado dos minutas de comunicaci\u00f3n, una en la que solicitamos que el ejecutivo realice un relevamiento de todos los pararrayos que hoy hay en la ciudad. Sabemos que hay edificios donde hab\u00eda estos electr\u00f3metros y hoy no est\u00e1n, lo que queremos saber es donde est\u00e1n ubicados, en qu\u00e9 condiciones est\u00e1n y si est\u00e1n operativos o no, ya que se viene la \u00e9poca donde comienzan las tormentas con alta actividad el\u00e9ctrica\u2026En caso que no sean suficientes solicitamos que se coloquen para que la ciudad quede cubierta ante esas tormentas\u201d.<\/p>\n\n\n\n<p><strong>Con respecto a la otra minuta de comunicaci\u00f3n presentada explic\u00f3<\/strong>: \u201cEs para solicitarle al ejecutivo que a trav\u00e9s de la secretar\u00eda de salud municipal se realice una campa\u00f1a de prevenci\u00f3n y de concientizaci\u00f3n&nbsp; sobre las enfermedades de trasmisi\u00f3n sexual, ll\u00e1mese HIV, HPV, gonorrea, s\u00edfilis, que son patolog\u00edas que hoy est\u00e1n creciendo en nuestra sociedad y que no somos ajenos a lo que est\u00e1 pasando en todo el mundo. Sabemos que hay m\u00e9todos de protecci\u00f3n para poder evitar la transmisi\u00f3n de este tipo de enfermedades, que es el preservativo. Estar bien informado y llegar a todos los rangos etarios ya que no solamente es un problema que se le da al adolescente, sino que pasa en todas las edades y en necesario tomarlo seriamente, ya que la s\u00edfilis era una enfermedad erradicada y ahora se ve que los casos van creciendo, por ello se deduce que la informaci\u00f3n y los m\u00e9todos de prevenci\u00f3n no se est\u00e1n cumpliendo adecuadamente\u201d.&nbsp;&nbsp;<\/p>\n","protected":false},"excerpt":{"rendered":"<p>Renovaci\u00f3n por Armstrong solicit\u00f3 informaci\u00f3n sobre la Situaci\u00f3n de Pararrayos en la ciudad y bregan por Campa\u00f1as de Prevenci\u00f3n de ETS.<\/p>\n","protected":false},"author":1,"featured_media":43750,"comment_status":"open","ping_status":"open","sticky":false,"template":"","format":"image","meta":{"_jetpack_memberships_contains_paid_content":false,"footnotes":"","jetpack_publicize_message":"","jetpack_publicize_feature_enabled":true,"jetpack_social_post_already_shared":true,"jetpack_social_options":{"image_generator_settings":{"template":"highway","default_image_id":0,"enabled":false},"version":2}},"categories":[8,1,2,7,3],"tags":[11126,5030,9423,8777,11127,9298],"class_list":["post-44366","post","type-post","status-publish","format-image","has-post-thumbnail","hentry","category-deliberando","category-diario-armstrong","category-locales","category-politica","category-region","tag-campanas-prevencion-ets","tag-diario-armstrong","tag-emiliano-gramigna","tag-lic-graciela-de-la-casa","tag-pararrayos-en-armstrong","tag-renovacion-por-armstrong","post_format-post-format-image"],"jetpack_publicize_connections":[],"jetpack_featured_media_url":"https:\/\/armstrongyregion.com.ar\/diario\/wp-content\/uploads\/2024\/08\/Emiliano-Gramigna-15-8-24-.jpg","jetpack_shortlink":"https:\/\/wp.me\/p62QDO-bxA","jetpack_sharing_enabled":true,"amp_enabled":true,"_links":{"self":[{"href":"https:\/\/armstrongyregion.com.ar\/diario\/wp-json\/wp\/v2\/posts\/44366","targetHints":{"allow":["GET"]}}],"collection":[{"href":"https:\/\/armstrongyregion.com.ar\/diario\/wp-json\/wp\/v2\/posts"}],"about":[{"href":"https:\/\/armstrongyregion.com.ar\/diario\/wp-json\/wp\/v2\/types\/post"}],"author":[{"embeddable":true,"href":"https:\/\/armstrongyregion.com.ar\/diario\/wp-json\/wp\/v2\/users\/1"}],"replies":[{"embeddable":true,"href":"https:\/\/armstrongyregion.com.ar\/diario\/wp-json\/wp\/v2\/comments?post=44366"}],"version-history":[{"count":1,"href":"https:\/\/armstrongyregion.com.ar\/diario\/wp-json\/wp\/v2\/posts\/44366\/revisions"}],"predecessor-version":[{"id":44367,"href":"https:\/\/armstrongyregion.com.ar\/diario\/wp-json\/wp\/v2\/posts\/44366\/revisions\/44367"}],"wp:featuredmedia":[{"embeddable":true,"href":"https:\/\/armstrongyregion.com.ar\/diario\/wp-json\/wp\/v2\/media\/43750"}],"wp:attachment":[{"href":"https:\/\/armstrongyregion.com.ar\/diario\/wp-json\/wp\/v2\/media?parent=44366"}],"wp:term":[{"taxonomy":"category","embeddable":true,"href":"https:\/\/armstrongyregion.com.ar\/diario\/wp-json\/wp\/v2\/categories?post=44366"},{"taxonomy":"post_tag","embeddable":true,"href":"https:\/\/armstrongyregion.com.ar\/diario\/wp-json\/wp\/v2\/tags?post=44366"}],"curies":[{"name":"wp","href":"https:\/\/api.w.org\/{rel}","templated":true}]}}