{"id":44350,"date":"2024-10-17T03:05:20","date_gmt":"2024-10-17T03:05:20","guid":{"rendered":"https:\/\/armstrongyregion.com.ar\/diario\/?p=44350"},"modified":"2024-10-17T03:05:23","modified_gmt":"2024-10-17T03:05:23","slug":"region-litoral-una-apuesta-al-federalismo-la-justa-distribucion-de-recursos-y-una-agenda-productiva","status":"publish","type":"post","link":"https:\/\/armstrongyregion.com.ar\/diario\/region-litoral-una-apuesta-al-federalismo-la-justa-distribucion-de-recursos-y-una-agenda-productiva\/","title":{"rendered":"Regi\u00f3n Litoral: una apuesta al federalismo, la justa distribuci\u00f3n de recursos y una agenda productiva."},"content":{"rendered":"\n<figure class=\"wp-block-image size-full\"><a href=\"http:\/\/armstrongyregion.com.ar\/diario\/wp-content\/uploads\/2024\/10\/Region-Litoral-.jpg\"><img loading=\"lazy\" decoding=\"async\" width=\"800\" height=\"500\" src=\"http:\/\/armstrongyregion.com.ar\/diario\/wp-content\/uploads\/2024\/10\/Region-Litoral-.jpg\" alt=\"\" class=\"wp-image-44351\" srcset=\"https:\/\/armstrongyregion.com.ar\/diario\/wp-content\/uploads\/2024\/10\/Region-Litoral-.jpg 800w, https:\/\/armstrongyregion.com.ar\/diario\/wp-content\/uploads\/2024\/10\/Region-Litoral--300x188.jpg 300w, https:\/\/armstrongyregion.com.ar\/diario\/wp-content\/uploads\/2024\/10\/Region-Litoral--768x480.jpg 768w\" sizes=\"auto, (max-width: 800px) 100vw, 800px\" \/><\/a><\/figure>\n\n\n\n<h2 class=\"wp-block-heading\">As\u00ed lo plantearon los representantes de la Regi\u00f3n Litoral tras la firma del tratado de integraci\u00f3n, en Santa Fe. \u201cSentimos que aportamos much\u00edsimo al sistema federal; pero los recursos se siguen concentrando\u201d, sintetiz\u00f3 el gobernador Pullaro, durante una conferencia de prensa conjunta con el resto de los mandatarios.<\/h2>\n\n\n\n<p>Luego de firmar el Tratado de Integraci\u00f3n de la Regi\u00f3n Litoral, del que participaron los gobernadores de Santa Fe, Maximiliano Pullaro; de Chaco, Leandro Zdero; de Corrientes, Gustavo Vald\u00e9s; de Entre R\u00edos, Rogelio Frigerio; de Misiones, Hugo Passalacqua; y el vicegobernador de Formosa, Eber Solis, en representaci\u00f3n del mandatario de esa provincia, Gildo Insfr\u00e1n, los mandatarios destacaron la importancia de defender el sistema federal en la Argentina y mejorar la distribuci\u00f3n de los recurso, generando un nuevo modelo de desarrollo productivo.&nbsp;<\/p>\n\n\n\n<p>En conferencia de prensa, Pullaro manifest\u00f3 que \u201ctenemos que llevar adelante un proceso diferente en la Rep\u00fablica Argentina, que nos permita establecer reglas de juego diferentes, pero que fundamentalmente tenga que ver con la defensa del sistema federal, que lamentablemente no se respeta\u201d.<\/p>\n\n\n\n<p>\u201cTodas estas provincias sentimos que aportamos much\u00edsimo al sistema federal; pero en el caso de Santa Fe, por sus caracter\u00edsticas productivas, aporta 3 veces y media m\u00e1s al Estado Nacional de lo que vuelve. Es decir que los recursos se siguen concentrando en el mismo lugar\u201d, ejemplific\u00f3 el gobernador de Santa Fe; y detall\u00f3 que \u201cestamos proponiendo un modelo diferente, que tiene que ver con el crecimiento econ\u00f3mico, con el desarrollo productivo y la generaci\u00f3n de empleo\u201d.<\/p>\n\n\n\n<p>\u201cLo que viene en la Argentina es la defensa del sistema federal, que lamentablemente durante a\u00f1os y a\u00f1os no se ha cumplido, y eso termin\u00f3 haci\u00e9ndole mucho da\u00f1o a nuestro pa\u00eds\u201d, concluy\u00f3 Pullaro.<\/p>\n\n\n\n<p><strong>Distribuci\u00f3n de recursos<\/strong><\/p>\n\n\n\n<p>Frigerio por su parte precis\u00f3 que \u201cen estos 10 meses que llevamos de gesti\u00f3n, producto de decisiones de pol\u00edtica a nivel nacional, hemos perdido recursos; por ejemplo, algo que nos une a las seis provincias del Litoral es la desfinanciaci\u00f3n de las cajas de jubilaciones propias, por parte del Ans\u00e9s.<\/p>\n\n\n\n<p>&nbsp;Adem\u00e1s, hay muchos impuestos que tienen una asignaci\u00f3n espec\u00edfica, que les dio el Congreso, y que no van a la masa de recursos coparticipables, pero en algunos casos esa asignaci\u00f3n espec\u00edfica no se est\u00e1 cumpliendo, como es el caso del impuesto a los combustibles\u201d.<\/p>\n\n\n\n<p>\u201cNo est\u00e1 en discusi\u00f3n ni a nivel nacional, ni de cada una de nuestras provincias, la necesidad imperiosa de sostener el equilibrio de las cuentas p\u00fablicas, todos sabemos que eso es condici\u00f3n necesaria para avanzar, para el desarrollo, pero claramente no es suficiente, por eso entendemos que tenemos que dar pie a una agenda productiva, precisamente esa producci\u00f3n y ese trabajo que se genera en nuestras provincias\u201d, finaliz\u00f3 el gobernador de Entre R\u00edos.<\/p>\n\n\n\n<figure class=\"wp-block-image\"><img decoding=\"async\" src=\"https:\/\/ci3.googleusercontent.com\/meips\/ADKq_NY4YXtm6jBons5sLOdb1cWIGE3nOMQNLwRx7sjL3ccQwXCpBZXrS-ZNzH1WQJ0hY88ZT_dDFLLF23Usas2h90oCe8swbxdZgnE6qzLWiU5pnvYdwaJzg5ULiv6btX1fVmHNU5dszULZFNn-4Qk=s0-d-e1-ft#https:\/\/www.santafe.gob.ar\/noticias\/recursos\/fotos\/2024\/10\/2024-10-16NID_281448O_2.jpeg\" alt=\"\"\/><\/figure>\n\n\n\n<p><strong>Coincidencias<\/strong><\/p>\n\n\n\n<p>En este sentido, Pasalacqua detall\u00f3 que \u201cnos unen las ganas de buscar soluciones para nuestra gente, porque a la hora de plantear los problemas todos tenemos una misma visi\u00f3n\u201d, y destac\u00f3 que \u201cm\u00e1s all\u00e1 de las posiciones ideol\u00f3gicas de cada uno, las coincidencias son much\u00edsimas, nos juntamos mucho, hablamos mucho, y ya no estoy encontrando diferencias. Somos un conjunto de personas que trabajan en defensa de los derechos de los ciudadanos de Formosa, Misiones, Chaco, Corrientes, Entre R\u00edos y Santa Fe, en forma democr\u00e1tica y conjunta\u201d.<\/p>\n\n\n\n<p>Asimismo, Zdero ratific\u00f3 la importancia de \u201ccrecer y desarrollarnos como regi\u00f3n, encontrando los denominadores comunes, porque estamos convencidos que practicar el federalismo es, tambi\u00e9n, poder unirnos para reclamar lo que les corresponde a las provincias del Litoral.&nbsp;<\/p>\n\n\n\n<p>Por \u00faltimo, Vald\u00e9s indic\u00f3 que el objetivo del nuevo bloque regional es \u201cconstruir una zona com\u00fan de consenso que nos permita la representaci\u00f3n y la mejor defensa de nuestros intereses econ\u00f3micos, industriales y pol\u00edticos en todo lo que tiene que ver con la Regi\u00f3n Litoral\u00bb.<\/p>\n","protected":false},"excerpt":{"rendered":"<p>Regi\u00f3n Litoral: una apuesta al federalismo, la justa distribuci\u00f3n de recursos y una agenda productiva.<\/p>\n","protected":false},"author":1,"featured_media":44351,"comment_status":"open","ping_status":"open","sticky":false,"template":"","format":"image","meta":{"_jetpack_memberships_contains_paid_content":false,"footnotes":"","jetpack_publicize_message":"","jetpack_publicize_feature_enabled":true,"jetpack_social_post_already_shared":true,"jetpack_social_options":{"image_generator_settings":{"template":"highway","default_image_id":0,"enabled":false},"version":2}},"categories":[8,1,2,7,3],"tags":[179,2178,19,5030,11122,10888,8777,10120,11121],"class_list":["post-44350","post","type-post","status-publish","format-image","has-post-thumbnail","hentry","category-deliberando","category-diario-armstrong","category-locales","category-politica","category-region","tag-al","tag-apuesta","tag-de","tag-diario-armstrong","tag-distribucion","tag-federalismo","tag-lic-graciela-de-la-casa","tag-recursos","tag-region-litoral","post_format-post-format-image"],"jetpack_publicize_connections":[],"jetpack_featured_media_url":"https:\/\/armstrongyregion.com.ar\/diario\/wp-content\/uploads\/2024\/10\/Region-Litoral-.jpg","jetpack_shortlink":"https:\/\/wp.me\/p62QDO-bxk","jetpack_sharing_enabled":true,"amp_enabled":true,"_links":{"self":[{"href":"https:\/\/armstrongyregion.com.ar\/diario\/wp-json\/wp\/v2\/posts\/44350","targetHints":{"allow":["GET"]}}],"collection":[{"href":"https:\/\/armstrongyregion.com.ar\/diario\/wp-json\/wp\/v2\/posts"}],"about":[{"href":"https:\/\/armstrongyregion.com.ar\/diario\/wp-json\/wp\/v2\/types\/post"}],"author":[{"embeddable":true,"href":"https:\/\/armstrongyregion.com.ar\/diario\/wp-json\/wp\/v2\/users\/1"}],"replies":[{"embeddable":true,"href":"https:\/\/armstrongyregion.com.ar\/diario\/wp-json\/wp\/v2\/comments?post=44350"}],"version-history":[{"count":1,"href":"https:\/\/armstrongyregion.com.ar\/diario\/wp-json\/wp\/v2\/posts\/44350\/revisions"}],"predecessor-version":[{"id":44352,"href":"https:\/\/armstrongyregion.com.ar\/diario\/wp-json\/wp\/v2\/posts\/44350\/revisions\/44352"}],"wp:featuredmedia":[{"embeddable":true,"href":"https:\/\/armstrongyregion.com.ar\/diario\/wp-json\/wp\/v2\/media\/44351"}],"wp:attachment":[{"href":"https:\/\/armstrongyregion.com.ar\/diario\/wp-json\/wp\/v2\/media?parent=44350"}],"wp:term":[{"taxonomy":"category","embeddable":true,"href":"https:\/\/armstrongyregion.com.ar\/diario\/wp-json\/wp\/v2\/categories?post=44350"},{"taxonomy":"post_tag","embeddable":true,"href":"https:\/\/armstrongyregion.com.ar\/diario\/wp-json\/wp\/v2\/tags?post=44350"}],"curies":[{"name":"wp","href":"https:\/\/api.w.org\/{rel}","templated":true}]}}