{"id":44347,"date":"2024-10-17T03:01:44","date_gmt":"2024-10-17T03:01:44","guid":{"rendered":"https:\/\/armstrongyregion.com.ar\/diario\/?p=44347"},"modified":"2024-10-17T03:01:46","modified_gmt":"2024-10-17T03:01:46","slug":"el-socialismo-impulsa-reforma-de-la-justicia-que-incluye-cambios-en-la-corte","status":"publish","type":"post","link":"https:\/\/armstrongyregion.com.ar\/diario\/el-socialismo-impulsa-reforma-de-la-justicia-que-incluye-cambios-en-la-corte\/","title":{"rendered":"El socialismo impulsa reforma de la justicia que incluye cambios en la corte."},"content":{"rendered":"\n<figure class=\"wp-block-image size-full\"><a href=\"http:\/\/armstrongyregion.com.ar\/diario\/wp-content\/uploads\/2024\/10\/reforma-justicia.jpg\"><img loading=\"lazy\" decoding=\"async\" width=\"640\" height=\"436\" src=\"http:\/\/armstrongyregion.com.ar\/diario\/wp-content\/uploads\/2024\/10\/reforma-justicia.jpg\" alt=\"\" class=\"wp-image-44348\" srcset=\"https:\/\/armstrongyregion.com.ar\/diario\/wp-content\/uploads\/2024\/10\/reforma-justicia.jpg 640w, https:\/\/armstrongyregion.com.ar\/diario\/wp-content\/uploads\/2024\/10\/reforma-justicia-300x204.jpg 300w\" sizes=\"auto, (max-width: 640px) 100vw, 640px\" \/><\/a><\/figure>\n\n\n\n<h2 class=\"wp-block-heading\"><em>El objetivo central es \u201cacercar al Poder Judicial a la sociedad, hacerlo m\u00e1s eficiente y transparente\u201d, explicaron los diputados provinciales de la fuerza en conferencia de prensa. Con respecto al m\u00e1ximo tribunal, se lleva la composici\u00f3n a siete miembros, fija la edad l\u00edmite para el cargo y el mecanismo de renovaci\u00f3n. \u201cEs otro aporte que hacemos para acompa\u00f1ar al gobernador Maximiliano Pullaro y al gobierno de Unidos\u201d, dijeron los legisladores.<\/em><\/h2>\n\n\n\n<p>El socialismo present\u00f3 una propuesta de reforma integral con el objetivo de avanzar hacia \u201cuna justicia igualitaria, accesible y transparente, orientada a servir a toda la ciudadan\u00eda sin distinci\u00f3n\u201d. En un contexto en el que, seg\u00fan se valor\u00f3 desde la fuerza, el Poder Judicial \u201cenfrenta un nivel creciente de desconfianza\u201d, los legisladores propusieron una serie cambios para \u201cacercarlo a la sociedad, hacerlo m\u00e1s eficiente y dotarlo de una legitimidad democr\u00e1tica s\u00f3lida\u201d.<\/p>\n\n\n\n<p>Con la firma de todas las diputadas y diputados del bloque, el proyecto central est\u00e1 referido a la Corte Suprema de Justicia de Santa Fe. La iniciativa lleva la composici\u00f3n de seis a siete miembros, fija la edad l\u00edmite para el cargo, detalla el mecanismo para la renovaci\u00f3n y establece pautas para dotar de mayor transparencia al funcionamiento del tribunal. Se complementa con otras iniciativas vinculadas a la materia, como la que propone modificaciones al r\u00e9gimen disciplinario para fiscales y defensores p\u00fablicos, la creaci\u00f3n de fiscal\u00edas ambientales, y la declaraci\u00f3n para la implementaci\u00f3n del C\u00f3digo Procesal Laboral.<\/p>\n\n\n\n<p>El diputado provincial Joaqu\u00edn Blanco enmarc\u00f3 la presentaci\u00f3n en \u201cun proceso de construcci\u00f3n de ideas para acompa\u00f1ar el trabajo del gobernador Maximiliano Pullaro y de todo el gobierno de Unidos\u201d, durante una conferencia de prensa de la que participaron la presidenta de la C\u00e1mara de Diputadas y Diputados, Clara Garc\u00eda, el exgobernador y actual diputado Antonio Bonfatti; y sus pares Lionella Cattalini, Rub\u00e9n Galassi, Pablo Far\u00edas y Gisel Mahmud.<\/p>\n\n\n\n<p>Junto a ellos estuvieron presentes en la conferencia el resto de los diputados provinciales del bloque socialista: Rosana Belatti, Leonardo Calaianov, Mariano Cuvertino, Varinia Drisun, Charo Mancini, Sof\u00eda Masutti y Sergio Rojas.<\/p>\n\n\n\n<p><strong>COMPOSICI\u00d3N Y RENOVACI\u00d3N DE LA CORTE<\/strong><\/p>\n\n\n\n<p>El proyecto presentado establece una composici\u00f3n con siete ministros\/as y un\/a procurador\/a general, \u201cdebiendo esa conformaci\u00f3n procurar el cumplimiento del principio de paridad de g\u00e9nero y reflejar las diversas especialidades del derecho y procedencia regional\u201d.<\/p>\n\n\n\n<p>\u201cLa Corte Suprema gobierna el Poder Judicial por mucho tiempo y, por lo tanto, debe tener una mirada estrat\u00e9gica sobre c\u00f3mo hacerlo y c\u00f3mo acercar la justicia a la gente\u201d, afirm\u00f3 Cattalini y a\u00f1adi\u00f3: \u201cPara generar confianza en la ciudadan\u00eda es necesario contar con una justicia que sea abierta, transparente, que ponga en el centro a las personas, que se base en la oralidad y las audiencias p\u00fablicas como herramientas fundamentales. Para eso se tienen que hacer reformas como las que estamos presentando hoy\u201d.<\/p>\n\n\n\n<p>La iniciativa tambi\u00e9n plantea la creaci\u00f3n de una \u201cPlataforma de Informaci\u00f3n Judicial\u201d con el objeto de difundir en forma abierta y p\u00fablica todas las decisiones judiciales de diversas instancias y fueros del Poder Judicial de la provincia, de manera de facilitar la consulta de fallos, documentaci\u00f3n jur\u00eddica, doctrina y dem\u00e1s informaci\u00f3n relevante del quehacer judicial. Adem\u00e1s, a la hora de publicar en el portal web del Poder Judicial el informe de gesti\u00f3n correspondiente al a\u00f1o judicial, especifica que \u201cdebe incluir informaci\u00f3n administrativa, contable, financiera y presupuestaria\u201d del mismo.<\/p>\n\n\n\n<p>Cattalini consider\u00f3 que \u201cla Corte y todo el Poder Judicial deben rendir cuentas de los gastos, las inversiones, el presupuesto con que cuentan, algo que hoy no se hace. Tambi\u00e9n debe establecerse por ley la presentaci\u00f3n de declaraciones juradas hoy se hacen a voluntad. A la vez, debe publicarse toda la informaci\u00f3n judicial referida a sentencias y que la Corte pueda convocar a audiencias p\u00fablicas, algo que tampoco sucede en la actualidad. Son cambios legislativos que impulsamos para que la justicia sea m\u00e1s \u00e1gil, m\u00e1s transparente y, sobre todo, brinde informaci\u00f3n p\u00fablica y de calidad para que la gente pueda acceder y pueda sentirse parte\u201d, sostuvo.<\/p>\n\n\n\n<p>Far\u00edas, por su parte, sostuvo que \u201cagregar un miembro a la Corte va a dinamizar la resoluci\u00f3n de mayor\u00edas en la toma de decisiones\u201d, a la vez que dotarla de \u201cuna estructura administrativa que ayude en el gobierno del Poder Judicial permitir\u00e1 un mejor funcionamiento\u201d. En tal sentido, el proyecto refuerza las dos secretar\u00edas actuales con la asistencia de \u201cal menos dos prosecretar\u00edas, una con asiento en la ciudad de Santa Fe y otra en la ciudad de Rosario\u201d.<\/p>\n\n\n\n<p>La iniciativa deja en claro que los ministros \u201ccesan autom\u00e1ticamente en sus funciones\u201d al alcanzar los setenta y cinco a\u00f1os, y que dicho cese \u201cno se encuentra sujeto a decisi\u00f3n o condici\u00f3n alguna y se produce, de pleno derecho, el mismo d\u00eda que alcancen esa edad\u201d.<\/p>\n\n\n\n<p>Al respecto, Galassi afirm\u00f3 que el proyecto \u201cviene a revalorizar la independencia de poderes\u201d al fijar pautas en relaci\u00f3n al mandato de los miembros de la Corte Suprema, \u201cque hoy aparece sujeto a interpretaciones. Esta ley, cumpliendo con lo que dice la Constituci\u00f3n provincial, adapt\u00e1ndose a lo que establece la Constituci\u00f3n nacional y la jurisprudencia de la propia Corte de Justicia de la Naci\u00f3n, echa claridad en una cuesti\u00f3n trascendente como la vigencia y la edad para ocupar el cargo de ministro\u201d.<\/p>\n\n\n\n<p>A modo de cierre, Bonfatti destac\u00f3 \u201cla coherencia y la predisposici\u00f3n permanente del Partido Socialista de hacer propuestas para mejorar la calidad de las instituciones, en particular de la justicia. Vamos a seguir trabajando y aportando siempre en consulta permanente con quienes tienen injerencia en estos temas para llegar a la mejor propuesta\u201d.<\/p>\n\n\n\n<p>Garc\u00eda, por su parte, valor\u00f3 el rol del Poder Legislativo: \u201cDesde esta Legislatura nos hemos animado a generar cambios fundamentales. Lo hicimos con la aprobaci\u00f3n del nuevo r\u00e9gimen procesal penal; el decomiso de bienes, donde somos pioneros a nivel nacional; el r\u00e9gimen penal para menores, que contempla la justicia restaurativa. S\u00f3lo con una justicia cercana, eficiente y transparente podremos dar las respuestas adecuadas y recuperar la confianza la ciudadan\u00eda\u201d, concluy\u00f3.<\/p>\n","protected":false},"excerpt":{"rendered":"<p>El socialismo impulsa reforma de la justicia que incluye cambios en la corte.<\/p>\n","protected":false},"author":1,"featured_media":44348,"comment_status":"open","ping_status":"open","sticky":false,"template":"","format":"image","meta":{"_jetpack_memberships_contains_paid_content":false,"footnotes":"","jetpack_publicize_message":"","jetpack_publicize_feature_enabled":true,"jetpack_social_post_already_shared":true,"jetpack_social_options":{"image_generator_settings":{"template":"highway","default_image_id":0,"enabled":false},"version":2}},"categories":[8,1,2,7,3],"tags":[3957,4110,19,5030,15,8678,452,8777,4080,5045],"class_list":["post-44347","post","type-post","status-publish","format-image","has-post-thumbnail","hentry","category-deliberando","category-diario-armstrong","category-locales","category-politica","category-region","tag-cambios","tag-corte","tag-de","tag-diario-armstrong","tag-en","tag-impulsa","tag-justicia","tag-lic-graciela-de-la-casa","tag-reforma","tag-socialismo","post_format-post-format-image"],"jetpack_publicize_connections":[],"jetpack_featured_media_url":"https:\/\/armstrongyregion.com.ar\/diario\/wp-content\/uploads\/2024\/10\/reforma-justicia.jpg","jetpack_shortlink":"https:\/\/wp.me\/p62QDO-bxh","jetpack_sharing_enabled":true,"amp_enabled":true,"_links":{"self":[{"href":"https:\/\/armstrongyregion.com.ar\/diario\/wp-json\/wp\/v2\/posts\/44347","targetHints":{"allow":["GET"]}}],"collection":[{"href":"https:\/\/armstrongyregion.com.ar\/diario\/wp-json\/wp\/v2\/posts"}],"about":[{"href":"https:\/\/armstrongyregion.com.ar\/diario\/wp-json\/wp\/v2\/types\/post"}],"author":[{"embeddable":true,"href":"https:\/\/armstrongyregion.com.ar\/diario\/wp-json\/wp\/v2\/users\/1"}],"replies":[{"embeddable":true,"href":"https:\/\/armstrongyregion.com.ar\/diario\/wp-json\/wp\/v2\/comments?post=44347"}],"version-history":[{"count":1,"href":"https:\/\/armstrongyregion.com.ar\/diario\/wp-json\/wp\/v2\/posts\/44347\/revisions"}],"predecessor-version":[{"id":44349,"href":"https:\/\/armstrongyregion.com.ar\/diario\/wp-json\/wp\/v2\/posts\/44347\/revisions\/44349"}],"wp:featuredmedia":[{"embeddable":true,"href":"https:\/\/armstrongyregion.com.ar\/diario\/wp-json\/wp\/v2\/media\/44348"}],"wp:attachment":[{"href":"https:\/\/armstrongyregion.com.ar\/diario\/wp-json\/wp\/v2\/media?parent=44347"}],"wp:term":[{"taxonomy":"category","embeddable":true,"href":"https:\/\/armstrongyregion.com.ar\/diario\/wp-json\/wp\/v2\/categories?post=44347"},{"taxonomy":"post_tag","embeddable":true,"href":"https:\/\/armstrongyregion.com.ar\/diario\/wp-json\/wp\/v2\/tags?post=44347"}],"curies":[{"name":"wp","href":"https:\/\/api.w.org\/{rel}","templated":true}]}}