{"id":44342,"date":"2024-10-15T22:26:29","date_gmt":"2024-10-15T22:26:29","guid":{"rendered":"https:\/\/armstrongyregion.com.ar\/diario\/?p=44342"},"modified":"2024-10-15T22:26:32","modified_gmt":"2024-10-15T22:26:32","slug":"mujeres-del-campo-santafesino-han-sido-pioneras-en-abrir-caminos-a-la-participacion","status":"publish","type":"post","link":"https:\/\/armstrongyregion.com.ar\/diario\/mujeres-del-campo-santafesino-han-sido-pioneras-en-abrir-caminos-a-la-participacion\/","title":{"rendered":"\u201cMujeres del campo santafesino han sido pioneras en abrir caminos a la participaci\u00f3n\u201d"},"content":{"rendered":"\n<figure class=\"wp-block-image size-full\"><a href=\"http:\/\/armstrongyregion.com.ar\/diario\/wp-content\/uploads\/2024\/10\/MUJERES-CAMPO-CLARITA-GARCIA-.jpg\"><img loading=\"lazy\" decoding=\"async\" width=\"640\" height=\"427\" src=\"http:\/\/armstrongyregion.com.ar\/diario\/wp-content\/uploads\/2024\/10\/MUJERES-CAMPO-CLARITA-GARCIA-.jpg\" alt=\"\" class=\"wp-image-44343\" srcset=\"https:\/\/armstrongyregion.com.ar\/diario\/wp-content\/uploads\/2024\/10\/MUJERES-CAMPO-CLARITA-GARCIA-.jpg 640w, https:\/\/armstrongyregion.com.ar\/diario\/wp-content\/uploads\/2024\/10\/MUJERES-CAMPO-CLARITA-GARCIA--300x200.jpg 300w\" sizes=\"auto, (max-width: 640px) 100vw, 640px\" \/><\/a><\/figure>\n\n\n\n<figure class=\"wp-block-table\"><table><tbody><tr><td><em><strong>En el d\u00eda internacional que la ONU estableci\u00f3 para reconocer a las mujeres rurales, la presidenta de la C\u00e1mara de Diputadas y Diputados destac\u00f3 \u201cel rol que han tenido en la provincia de Santa Fe desde la llegada de los primeros colonos hasta asumir los m\u00faltiples desaf\u00edos que hoy conlleva el modelo agrobioindustrial\u201d.<\/strong><\/em><\/td><\/tr><\/tbody><\/table><\/figure>\n\n\n\n<p>En el D\u00eda Internacional de las Mujeres Rurales, la presidenta de la C\u00e1mara de Diputadas y Diputados, Clara Garc\u00eda, expres\u00f3 su reconocimiento al destacar \u201cel rol que han tenido en la provincia desde la llegada de los primeros colonos hasta asumir el protagonismo en distintos \u00e1mbitos vinculados a la ruralidad y los m\u00faltiples desaf\u00edos que conlleva el modelo agrobioindustrial\u201d.<\/p>\n\n\n\n<p>La Asamblea General de la ONU estableci\u00f3 el d\u00eda 15 de octubre como el D\u00eda Internacional de la Mujeres Rurales con el objeto de reconocer su trabajo en ese \u00e1mbito, adem\u00e1s de su contribuci\u00f3n en el desarrollo rural y agr\u00edcola, la erradicaci\u00f3n de la pobreza y la mejora en la seguridad alimentaria.<\/p>\n\n\n\n<p>\u201cLas mujeres del campo santafesino \u2013se\u00f1al\u00f3 Garc\u00eda- han sido pioneras en abrir caminos a la participaci\u00f3n de las que ven\u00edan detr\u00e1s de ellas, no solo en la escena agr\u00edcola propiamente dicha sino en las luchas gremiales, en el di\u00e1logo y a articulaci\u00f3n con otros actores de la sociedad civil, en la investigaci\u00f3n cient\u00edfica, en la innovaci\u00f3n y la incorporaci\u00f3n de tecnolog\u00eda, en la educaci\u00f3n con las maestras rurales, en la divulgaci\u00f3n a trav\u00e9s de periodistas especializadas, en todas las que habitan la ruralidad, para que sean escuchadas y visibilizadas. La llegada de Andrea Sarnari a la presidencia de la Federaci\u00f3n Agraria Argentina (FAA) es un ejemplo de ello\u201d, asever\u00f3.<\/p>\n\n\n\n<p>Sarnari fue elegida al frente de la instituci\u00f3n con sede en Rosario durante el 110\u00b0 Congreso Anual Ordinario celebrado pocos d\u00edas atr\u00e1s en la ciudad. La abogada y productora agropecuaria oriunda de la ciudad de Bol\u00edvar (provincia de Buenos Aires) se convirti\u00f3 en la primera mujer en presidir la organizaci\u00f3n ruralista de larga tradici\u00f3n en Santa Fe.<\/p>\n\n\n\n<p>\u201cVamos a trabajar juntas para aportar a una producci\u00f3n m\u00e1s eficiente y sustentable\u201d, asegur\u00f3 la titular de la C\u00e1mara baja tras reunirse con la flamante titular de la FAA y agreg\u00f3: \u201cDesde la Legislatura nos proponemos participar en todas las discusiones actuales que involucren al campo porque es un vector central del desarrollo de nuestra provincia. En consecuencia, la interacci\u00f3n con las entidades agrarias, las universidades e instituciones del arco cient\u00edfico-tecnol\u00f3gico, los gobiernos locales, es fundamental para la revoluci\u00f3n que tiene lugar en el campo de la mano de la biotecnolog\u00eda y el desaf\u00edo de este tiempo es que la innovaci\u00f3n y los avances de la tecnolog\u00eda lleguen a cada uno de los productores, sobre todo los peque\u00f1os y medianos\u201d, sostuvo.<\/p>\n","protected":false},"excerpt":{"rendered":"<p>\u201cMujeres del campo santafesino han sido pioneras en abrir caminos a la participaci\u00f3n\u201d<\/p>\n","protected":false},"author":1,"featured_media":44343,"comment_status":"open","ping_status":"open","sticky":false,"template":"","format":"image","meta":{"_jetpack_memberships_contains_paid_content":false,"footnotes":"","jetpack_publicize_message":"","jetpack_publicize_feature_enabled":true,"jetpack_social_post_already_shared":true,"jetpack_social_options":{"image_generator_settings":{"template":"highway","default_image_id":0,"enabled":false},"version":2}},"categories":[8,1,2,7,4,3],"tags":[11120,1924,9196,53,5030,8777,9146,11119],"class_list":["post-44342","post","type-post","status-publish","format-image","has-post-thumbnail","hentry","category-deliberando","category-diario-armstrong","category-locales","category-politica","category-prevencion-salud","category-region","tag-abriendo-caminos","tag-campo","tag-clara-garcia","tag-del","tag-diario-armstrong","tag-lic-graciela-de-la-casa","tag-mujeres-2","tag-pioneras","post_format-post-format-image"],"jetpack_publicize_connections":[],"jetpack_featured_media_url":"https:\/\/armstrongyregion.com.ar\/diario\/wp-content\/uploads\/2024\/10\/MUJERES-CAMPO-CLARITA-GARCIA-.jpg","jetpack_shortlink":"https:\/\/wp.me\/p62QDO-bxc","jetpack_sharing_enabled":true,"amp_enabled":true,"_links":{"self":[{"href":"https:\/\/armstrongyregion.com.ar\/diario\/wp-json\/wp\/v2\/posts\/44342","targetHints":{"allow":["GET"]}}],"collection":[{"href":"https:\/\/armstrongyregion.com.ar\/diario\/wp-json\/wp\/v2\/posts"}],"about":[{"href":"https:\/\/armstrongyregion.com.ar\/diario\/wp-json\/wp\/v2\/types\/post"}],"author":[{"embeddable":true,"href":"https:\/\/armstrongyregion.com.ar\/diario\/wp-json\/wp\/v2\/users\/1"}],"replies":[{"embeddable":true,"href":"https:\/\/armstrongyregion.com.ar\/diario\/wp-json\/wp\/v2\/comments?post=44342"}],"version-history":[{"count":1,"href":"https:\/\/armstrongyregion.com.ar\/diario\/wp-json\/wp\/v2\/posts\/44342\/revisions"}],"predecessor-version":[{"id":44344,"href":"https:\/\/armstrongyregion.com.ar\/diario\/wp-json\/wp\/v2\/posts\/44342\/revisions\/44344"}],"wp:featuredmedia":[{"embeddable":true,"href":"https:\/\/armstrongyregion.com.ar\/diario\/wp-json\/wp\/v2\/media\/44343"}],"wp:attachment":[{"href":"https:\/\/armstrongyregion.com.ar\/diario\/wp-json\/wp\/v2\/media?parent=44342"}],"wp:term":[{"taxonomy":"category","embeddable":true,"href":"https:\/\/armstrongyregion.com.ar\/diario\/wp-json\/wp\/v2\/categories?post=44342"},{"taxonomy":"post_tag","embeddable":true,"href":"https:\/\/armstrongyregion.com.ar\/diario\/wp-json\/wp\/v2\/tags?post=44342"}],"curies":[{"name":"wp","href":"https:\/\/api.w.org\/{rel}","templated":true}]}}