{"id":44338,"date":"2024-10-15T22:23:27","date_gmt":"2024-10-15T22:23:27","guid":{"rendered":"https:\/\/armstrongyregion.com.ar\/diario\/?p=44338"},"modified":"2024-10-15T22:23:29","modified_gmt":"2024-10-15T22:23:29","slug":"armstrong-informe-area-de-orden-publico-15-10-2024","status":"publish","type":"post","link":"https:\/\/armstrongyregion.com.ar\/diario\/armstrong-informe-area-de-orden-publico-15-10-2024\/","title":{"rendered":"Armstrong. Informe \u00c1rea de Orden P\u00fablico 15\/10\/2024"},"content":{"rendered":"\n<figure class=\"wp-block-image size-full\"><a href=\"http:\/\/armstrongyregion.com.ar\/diario\/wp-content\/uploads\/2024\/10\/ORDEN-PUBLICO-.jpg\"><img loading=\"lazy\" decoding=\"async\" width=\"640\" height=\"482\" src=\"http:\/\/armstrongyregion.com.ar\/diario\/wp-content\/uploads\/2024\/10\/ORDEN-PUBLICO-.jpg\" alt=\"\" class=\"wp-image-44339\" srcset=\"https:\/\/armstrongyregion.com.ar\/diario\/wp-content\/uploads\/2024\/10\/ORDEN-PUBLICO-.jpg 640w, https:\/\/armstrongyregion.com.ar\/diario\/wp-content\/uploads\/2024\/10\/ORDEN-PUBLICO--300x226.jpg 300w\" sizes=\"auto, (max-width: 640px) 100vw, 640px\" \/><\/a><\/figure>\n\n\n\n<p>El \u00c1rea de Orden P\u00fablico de la Municipalidad de Armstrong inform\u00f3 que en el transcurso de la<br>\u00faltima semana se procedi\u00f3 a realizar recorridos en coordinaci\u00f3n con Polic\u00eda y central de monitoreo<br>para acciones de prevenci\u00f3n de faltas y delitos, con presencia efectiva en barrio FoNaVi Sur<br>incluyendo plaza Nona Rocha.<\/p>\n\n\n\n<figure class=\"wp-block-image size-full\"><a href=\"http:\/\/armstrongyregion.com.ar\/diario\/wp-content\/uploads\/2024\/10\/ORDEN-PUBLICO-2.jpg\"><img loading=\"lazy\" decoding=\"async\" width=\"576\" height=\"432\" src=\"http:\/\/armstrongyregion.com.ar\/diario\/wp-content\/uploads\/2024\/10\/ORDEN-PUBLICO-2.jpg\" alt=\"\" class=\"wp-image-44340\" srcset=\"https:\/\/armstrongyregion.com.ar\/diario\/wp-content\/uploads\/2024\/10\/ORDEN-PUBLICO-2.jpg 576w, https:\/\/armstrongyregion.com.ar\/diario\/wp-content\/uploads\/2024\/10\/ORDEN-PUBLICO-2-300x225.jpg 300w\" sizes=\"auto, (max-width: 576px) 100vw, 576px\" \/><\/a><\/figure>\n\n\n\n<p><br>Estos recorridos con presencia preventiva se extienden en horas de la madrugada a Plaza San<br>Mart\u00edn, edificio municipal, parroquia Nuestra Se\u00f1ora de la Merced y Estaci\u00f3n M\u00e1s. Tambi\u00e9n se<br>realiza un recorrido por Jard\u00edn 84, Promoci\u00f3n Comunitaria, v\u00edas del ferrocarril y cancha de bochas, y<br>en zona norte, se hace recorridos por Fonavi Norte, Plaza 5 de Junio, calles Lisandro de la Torre y<br>Castellanos, con entrevistas a los vecinos.<br>Personal del \u00e1rea particip\u00f3 de los simulacros por el plan de evacuaci\u00f3n en Escuelas N\u00b0 51 y N\u00b0 33.<br>El d\u00eda mi\u00e9rcoles 9 en Rutas N\u00b0 15 y N\u00b0 9 se llev\u00f3 a cabo un mega operativo de saturaci\u00f3n en<br>jurisdicci\u00f3n Armstrong del que participaron Polic\u00eda Vial, Seguridad Rural, Comisar\u00eda Tercera,<br>Inspectores de tr\u00e1nsito municipal y Polic\u00eda de Investigaciones.<br>En dicha oportunidad se secuestr\u00f3 una motocicleta conducida por un mayor de edad de la ciudad de<br>Las Parejas, por falta de documentaci\u00f3n exigible para circular. Interviene el Juzgado Municipal de<br>Faltas.<br>Se realizaron controles vehiculares en calles Tortugas y San Lorenzo, San Mart\u00edn y Crucianelli, Ruta 9<br>y Paraguay.<br>Con presencia policial preventiva se procedi\u00f3 al secuestro de dos motocicletas, una de ellas (Honda<br>250 cc) conducida por un mayor de edad, por conducir sin documentaci\u00f3n exigible para circular y<br>escape ruidoso. Interviene el Juzgado Municipal de Faltas.<\/p>\n","protected":false},"excerpt":{"rendered":"<p>Armstrong. Informe \u00c1rea de Orden P\u00fablico 15\/10\/2024<\/p>\n","protected":false},"author":1,"featured_media":44339,"comment_status":"open","ping_status":"open","sticky":false,"template":"","format":"image","meta":{"_jetpack_memberships_contains_paid_content":false,"footnotes":"","jetpack_publicize_message":"","jetpack_publicize_feature_enabled":true,"jetpack_social_post_already_shared":true,"jetpack_social_options":{"image_generator_settings":{"template":"highway","default_image_id":0,"enabled":false},"version":2}},"categories":[8,1,2,7,3],"tags":[903,20,5030,8653,8777,1570,8773],"class_list":["post-44338","post","type-post","status-publish","format-image","has-post-thumbnail","hentry","category-deliberando","category-diario-armstrong","category-locales","category-politica","category-region","tag-area","tag-armstrong","tag-diario-armstrong","tag-informe-2","tag-lic-graciela-de-la-casa","tag-orden","tag-publico-3","post_format-post-format-image"],"jetpack_publicize_connections":[],"jetpack_featured_media_url":"https:\/\/armstrongyregion.com.ar\/diario\/wp-content\/uploads\/2024\/10\/ORDEN-PUBLICO-.jpg","jetpack_shortlink":"https:\/\/wp.me\/p62QDO-bx8","jetpack_sharing_enabled":true,"amp_enabled":true,"_links":{"self":[{"href":"https:\/\/armstrongyregion.com.ar\/diario\/wp-json\/wp\/v2\/posts\/44338","targetHints":{"allow":["GET"]}}],"collection":[{"href":"https:\/\/armstrongyregion.com.ar\/diario\/wp-json\/wp\/v2\/posts"}],"about":[{"href":"https:\/\/armstrongyregion.com.ar\/diario\/wp-json\/wp\/v2\/types\/post"}],"author":[{"embeddable":true,"href":"https:\/\/armstrongyregion.com.ar\/diario\/wp-json\/wp\/v2\/users\/1"}],"replies":[{"embeddable":true,"href":"https:\/\/armstrongyregion.com.ar\/diario\/wp-json\/wp\/v2\/comments?post=44338"}],"version-history":[{"count":1,"href":"https:\/\/armstrongyregion.com.ar\/diario\/wp-json\/wp\/v2\/posts\/44338\/revisions"}],"predecessor-version":[{"id":44341,"href":"https:\/\/armstrongyregion.com.ar\/diario\/wp-json\/wp\/v2\/posts\/44338\/revisions\/44341"}],"wp:featuredmedia":[{"embeddable":true,"href":"https:\/\/armstrongyregion.com.ar\/diario\/wp-json\/wp\/v2\/media\/44339"}],"wp:attachment":[{"href":"https:\/\/armstrongyregion.com.ar\/diario\/wp-json\/wp\/v2\/media?parent=44338"}],"wp:term":[{"taxonomy":"category","embeddable":true,"href":"https:\/\/armstrongyregion.com.ar\/diario\/wp-json\/wp\/v2\/categories?post=44338"},{"taxonomy":"post_tag","embeddable":true,"href":"https:\/\/armstrongyregion.com.ar\/diario\/wp-json\/wp\/v2\/tags?post=44338"}],"curies":[{"name":"wp","href":"https:\/\/api.w.org\/{rel}","templated":true}]}}