{"id":44328,"date":"2024-10-15T02:10:21","date_gmt":"2024-10-15T02:10:21","guid":{"rendered":"https:\/\/armstrongyregion.com.ar\/diario\/?p=44328"},"modified":"2024-10-15T02:10:23","modified_gmt":"2024-10-15T02:10:23","slug":"armstrong-quedo-inaugurada-la-muestra-pinceladas-y-metal","status":"publish","type":"post","link":"https:\/\/armstrongyregion.com.ar\/diario\/armstrong-quedo-inaugurada-la-muestra-pinceladas-y-metal\/","title":{"rendered":"Armstrong. Qued\u00f3 inaugurada la muestra \u00abPinceladas y Metal\u00bb."},"content":{"rendered":"\n<figure class=\"wp-block-image size-full\"><a href=\"http:\/\/armstrongyregion.com.ar\/diario\/wp-content\/uploads\/2024\/10\/pinceladas-1.jpg\"><img loading=\"lazy\" decoding=\"async\" width=\"640\" height=\"427\" src=\"http:\/\/armstrongyregion.com.ar\/diario\/wp-content\/uploads\/2024\/10\/pinceladas-1.jpg\" alt=\"\" class=\"wp-image-44329\" srcset=\"https:\/\/armstrongyregion.com.ar\/diario\/wp-content\/uploads\/2024\/10\/pinceladas-1.jpg 640w, https:\/\/armstrongyregion.com.ar\/diario\/wp-content\/uploads\/2024\/10\/pinceladas-1-300x200.jpg 300w\" sizes=\"auto, (max-width: 640px) 100vw, 640px\" \/><\/a><\/figure>\n\n\n\n<p>El jueves 10 de octubre en el sum del Museo Hist\u00f3rico Municipal qued\u00f3 habilitada la muestra<br>\u201cPinceladas y Metal\u201d, de los artistas cordobeses Ana Goll\u00e1n y Mauricio Rondot.<br>Es la segunda oportunidad que la artista de la localidad de Villa Allende llega a nuestra ciudad, luego<br>de haber participado del Simposio Nacional de Escultores en el a\u00f1o 2022.<\/p>\n\n\n\n<figure class=\"wp-block-image size-full\"><a href=\"http:\/\/armstrongyregion.com.ar\/diario\/wp-content\/uploads\/2024\/10\/pinceladas-2.jpg\"><img loading=\"lazy\" decoding=\"async\" width=\"640\" height=\"427\" src=\"http:\/\/armstrongyregion.com.ar\/diario\/wp-content\/uploads\/2024\/10\/pinceladas-2.jpg\" alt=\"\" class=\"wp-image-44330\" srcset=\"https:\/\/armstrongyregion.com.ar\/diario\/wp-content\/uploads\/2024\/10\/pinceladas-2.jpg 640w, https:\/\/armstrongyregion.com.ar\/diario\/wp-content\/uploads\/2024\/10\/pinceladas-2-300x200.jpg 300w\" sizes=\"auto, (max-width: 640px) 100vw, 640px\" \/><\/a><\/figure>\n\n\n\n<p><br>En este caso, con parte de su obra realizada \u00edntegramente en metal que habla de la calidez humana<br>que la caracteriza y lo gran artista que es. Ella recrea animales. Seg\u00fan sus propias palabras \u201cTienen<br>un alma, un esp\u00edritu muy particular. Trato de buscar informaci\u00f3n de ellos, dibujo mucho, despu\u00e9s<br>voy al taller y \u201caparecen\u201d.<\/p>\n\n\n\n<figure class=\"wp-block-image size-full\"><a href=\"http:\/\/armstrongyregion.com.ar\/diario\/wp-content\/uploads\/2024\/10\/pinceladas-3.jpg\"><img loading=\"lazy\" decoding=\"async\" width=\"640\" height=\"427\" src=\"http:\/\/armstrongyregion.com.ar\/diario\/wp-content\/uploads\/2024\/10\/pinceladas-3.jpg\" alt=\"\" class=\"wp-image-44331\" srcset=\"https:\/\/armstrongyregion.com.ar\/diario\/wp-content\/uploads\/2024\/10\/pinceladas-3.jpg 640w, https:\/\/armstrongyregion.com.ar\/diario\/wp-content\/uploads\/2024\/10\/pinceladas-3-300x200.jpg 300w\" sizes=\"auto, (max-width: 640px) 100vw, 640px\" \/><\/a><\/figure>\n\n\n\n<p><br>Rondot por estos d\u00edas se encuentra en la ciudad de Praga, capital de Rep\u00fablica Checa, exponiendo<br>sus obras. A nuestra ciudad llegaron trabajos que forman parte de una serie, son abstractos de<br>colores vivos, haciendo una linda conjunci\u00f3n con el metal.<br>\u201cPinceladas y Metal\u201d est\u00e1 abierta al p\u00fablico con entrada libre y gratuita hasta el lunes 18 de<br>noviembre, de lunes a viernes de 7 a 13 hs. y los d\u00edas lunes de 15 a 19 hs. Grupos y\/o escuelas que<br>quieran visitarla en otros horarios comunicarse previamente con el tel\u00e9fono 490247.<\/p>\n","protected":false},"excerpt":{"rendered":"<p>Armstrong. Qued\u00f3 inaugurada la muestra \u00abPinceladas y Metal\u00bb.<\/p>\n","protected":false},"author":1,"featured_media":44329,"comment_status":"open","ping_status":"open","sticky":false,"template":"","format":"image","meta":{"_jetpack_memberships_contains_paid_content":false,"footnotes":"","jetpack_publicize_message":"","jetpack_publicize_feature_enabled":true,"jetpack_social_post_already_shared":true,"jetpack_social_options":{"image_generator_settings":{"template":"highway","default_image_id":0,"enabled":false},"version":2}},"categories":[8,1,2,7,3],"tags":[5030,2768,31,8777,11102,1358,11101,1661,13],"class_list":["post-44328","post","type-post","status-publish","format-image","has-post-thumbnail","hentry","category-deliberando","category-diario-armstrong","category-locales","category-politica","category-region","tag-diario-armstrong","tag-inaugurada","tag-la","tag-lic-graciela-de-la-casa","tag-metal","tag-muestra","tag-pinceladas","tag-quedo","tag-y","post_format-post-format-image"],"jetpack_publicize_connections":[],"jetpack_featured_media_url":"https:\/\/armstrongyregion.com.ar\/diario\/wp-content\/uploads\/2024\/10\/pinceladas-1.jpg","jetpack_shortlink":"https:\/\/wp.me\/p62QDO-bwY","jetpack_sharing_enabled":true,"amp_enabled":true,"_links":{"self":[{"href":"https:\/\/armstrongyregion.com.ar\/diario\/wp-json\/wp\/v2\/posts\/44328","targetHints":{"allow":["GET"]}}],"collection":[{"href":"https:\/\/armstrongyregion.com.ar\/diario\/wp-json\/wp\/v2\/posts"}],"about":[{"href":"https:\/\/armstrongyregion.com.ar\/diario\/wp-json\/wp\/v2\/types\/post"}],"author":[{"embeddable":true,"href":"https:\/\/armstrongyregion.com.ar\/diario\/wp-json\/wp\/v2\/users\/1"}],"replies":[{"embeddable":true,"href":"https:\/\/armstrongyregion.com.ar\/diario\/wp-json\/wp\/v2\/comments?post=44328"}],"version-history":[{"count":1,"href":"https:\/\/armstrongyregion.com.ar\/diario\/wp-json\/wp\/v2\/posts\/44328\/revisions"}],"predecessor-version":[{"id":44332,"href":"https:\/\/armstrongyregion.com.ar\/diario\/wp-json\/wp\/v2\/posts\/44328\/revisions\/44332"}],"wp:featuredmedia":[{"embeddable":true,"href":"https:\/\/armstrongyregion.com.ar\/diario\/wp-json\/wp\/v2\/media\/44329"}],"wp:attachment":[{"href":"https:\/\/armstrongyregion.com.ar\/diario\/wp-json\/wp\/v2\/media?parent=44328"}],"wp:term":[{"taxonomy":"category","embeddable":true,"href":"https:\/\/armstrongyregion.com.ar\/diario\/wp-json\/wp\/v2\/categories?post=44328"},{"taxonomy":"post_tag","embeddable":true,"href":"https:\/\/armstrongyregion.com.ar\/diario\/wp-json\/wp\/v2\/tags?post=44328"}],"curies":[{"name":"wp","href":"https:\/\/api.w.org\/{rel}","templated":true}]}}