{"id":44322,"date":"2024-10-14T01:52:41","date_gmt":"2024-10-14T01:52:41","guid":{"rendered":"https:\/\/armstrongyregion.com.ar\/diario\/?p=44322"},"modified":"2024-10-14T01:52:44","modified_gmt":"2024-10-14T01:52:44","slug":"lewandowski-presento-en-adimra-la-ley-de-inversiones-productivas-las-pequenas-y-medianas-empresas-son-el-corazon-productivo-de-argentina","status":"publish","type":"post","link":"https:\/\/armstrongyregion.com.ar\/diario\/lewandowski-presento-en-adimra-la-ley-de-inversiones-productivas-las-pequenas-y-medianas-empresas-son-el-corazon-productivo-de-argentina\/","title":{"rendered":"Lewandowski present\u00f3 en ADIMRA la Ley de Inversiones Productivas: \u00abLas peque\u00f1as y medianas empresas son el coraz\u00f3n productivo de Argentina\u00bb"},"content":{"rendered":"\n<figure class=\"wp-block-image size-full\"><a href=\"http:\/\/armstrongyregion.com.ar\/diario\/wp-content\/uploads\/2024\/10\/Lewandowski-ADIMRA.jpg\"><img loading=\"lazy\" decoding=\"async\" width=\"436\" height=\"282\" src=\"http:\/\/armstrongyregion.com.ar\/diario\/wp-content\/uploads\/2024\/10\/Lewandowski-ADIMRA.jpg\" alt=\"\" class=\"wp-image-44323\" srcset=\"https:\/\/armstrongyregion.com.ar\/diario\/wp-content\/uploads\/2024\/10\/Lewandowski-ADIMRA.jpg 436w, https:\/\/armstrongyregion.com.ar\/diario\/wp-content\/uploads\/2024\/10\/Lewandowski-ADIMRA-300x194.jpg 300w\" sizes=\"auto, (max-width: 436px) 100vw, 436px\" \/><\/a><\/figure>\n\n\n\n<p>El senador nacional por Santa Fe, Marcelo Lewandowski, acompa\u00f1ado por el exministro de Desarrollo Productivo de la Naci\u00f3n, Mat\u00edas Kulfas, present\u00f3 este jueves el proyecto de Ley de Inversiones Productivas ante la comisi\u00f3n directiva e industriales nucleados en la Asociaci\u00f3n de Industriales Metal\u00fargicos de la Rep\u00fablica Argentina (ADIMRA). El encuentro forma parte de una serie de presentaciones que viene realizando el legislador ante distintas entidades empresariales y sectoriales.<\/p>\n\n\n\n<p><strong>\u00abLas peque\u00f1as y medianas empresas son el coraz\u00f3n productivo de Argentina\u00bb<\/strong>, afirm\u00f3 Lewandowski al comienzo de su presentaci\u00f3n y a\u00f1adi\u00f3: \u00abEl campo es importante, pero tambi\u00e9n lo es el valor agregado que se le puede dar a toda su producci\u00f3n y sumando la econom\u00eda del conocimiento\u00bb.<\/p>\n\n\n\n<p>En ese sentido sostuvo: \u00abEstamos ante un escenario en donde&nbsp;<strong>claramente que a la producci\u00f3n no la tienen en cuenta, tampoco a la peque\u00f1a y mediana empresa<\/strong>. Yo no escuch\u00e9 nunca hablar al presidente ni a sus ministros sobre qu\u00e9 van a hacer con el aparato productivo y el d\u00eda a d\u00eda de las empresas\u00bb.<\/p>\n\n\n\n<p>\u00abEsta<strong>&nbsp;es una iniciativa para fomentar el desarrollo y la competitividad de las micro, peque\u00f1as y medianas empresas a trav\u00e9s de un esquema de incentivos fiscales y financieros<\/strong>, que busca estimular la inversi\u00f3n, la generaci\u00f3n de empleo y la competitividad\u00bb. La idea surgi\u00f3 \u00abcon la presencia de ustedes, que fue realmente muy importante, cuando se realizaron las plenarias del tema RIGI. Todos fueron muy claros, entendieron y expresaron absolutamente lo que se iba a venir con la aplicaci\u00f3n de ese r\u00e9gimen\u00bb, explic\u00f3 Lewandowski.<\/p>\n\n\n\n<p>A su turno, Kulfas dijo: \u00abMe parece muy positivo lo que est\u00e1 planteando Marcelo (Lewandowski), justamente para poder ofrecer una herramienta que por lo menos<strong>&nbsp;trate de equiparar los beneficios para la industria nacional y darles algunos apoyos porque de esta manera sino es muy desigual<\/strong>. Me parece que as\u00ed como ha sido creado el RIGI es muy malo, pero creo que est\u00e1 bueno para abrir de esta manera la discusi\u00f3n de este r\u00e9gimen, que qued\u00f3 ah\u00ed cerrada con f\u00f3rceps\u00bb.<\/p>\n\n\n\n<p>Por \u00faltimo el senador nacional advirti\u00f3: \u201cSi nosotros no tenemos el acompa\u00f1amiento de todas las entidades, de los sindicatos, de las distintas ramas que est\u00e1n padeciendo lo que claramente es la destrucci\u00f3n del aparato productivo, con gente en la calle y f\u00e1bricas cerrando;&nbsp;<strong>si no nos ponemos espalda con espalda, codo a codo, para defender este tipo de propuestas nos llevan puestos a todos: a ustedes sus f\u00e1bricas y a los trabajadores,&nbsp;la&nbsp;vida<\/strong>\u00ab.<\/p>\n","protected":false},"excerpt":{"rendered":"<p>Lewandowski present\u00f3 en ADIMRA la Ley de Inversiones Productivas<\/p>\n","protected":false},"author":1,"featured_media":44323,"comment_status":"open","ping_status":"open","sticky":false,"template":"","format":"image","meta":{"_jetpack_memberships_contains_paid_content":false,"footnotes":"","jetpack_publicize_message":"","jetpack_publicize_feature_enabled":true,"jetpack_social_post_already_shared":true,"jetpack_social_options":{"image_generator_settings":{"template":"highway","default_image_id":0,"enabled":false},"version":2}},"categories":[8,1,2,7,3],"tags":[11113,19,5030,3721,10634,4031,8777,25,8946],"class_list":["post-44322","post","type-post","status-publish","format-image","has-post-thumbnail","hentry","category-deliberando","category-diario-armstrong","category-locales","category-politica","category-region","tag-adimra","tag-de","tag-diario-armstrong","tag-inversiones","tag-lewandowski","tag-ley","tag-lic-graciela-de-la-casa","tag-presento","tag-productivos","post_format-post-format-image"],"jetpack_publicize_connections":[],"jetpack_featured_media_url":"https:\/\/armstrongyregion.com.ar\/diario\/wp-content\/uploads\/2024\/10\/Lewandowski-ADIMRA.jpg","jetpack_shortlink":"https:\/\/wp.me\/p62QDO-bwS","jetpack_sharing_enabled":true,"amp_enabled":true,"_links":{"self":[{"href":"https:\/\/armstrongyregion.com.ar\/diario\/wp-json\/wp\/v2\/posts\/44322","targetHints":{"allow":["GET"]}}],"collection":[{"href":"https:\/\/armstrongyregion.com.ar\/diario\/wp-json\/wp\/v2\/posts"}],"about":[{"href":"https:\/\/armstrongyregion.com.ar\/diario\/wp-json\/wp\/v2\/types\/post"}],"author":[{"embeddable":true,"href":"https:\/\/armstrongyregion.com.ar\/diario\/wp-json\/wp\/v2\/users\/1"}],"replies":[{"embeddable":true,"href":"https:\/\/armstrongyregion.com.ar\/diario\/wp-json\/wp\/v2\/comments?post=44322"}],"version-history":[{"count":1,"href":"https:\/\/armstrongyregion.com.ar\/diario\/wp-json\/wp\/v2\/posts\/44322\/revisions"}],"predecessor-version":[{"id":44324,"href":"https:\/\/armstrongyregion.com.ar\/diario\/wp-json\/wp\/v2\/posts\/44322\/revisions\/44324"}],"wp:featuredmedia":[{"embeddable":true,"href":"https:\/\/armstrongyregion.com.ar\/diario\/wp-json\/wp\/v2\/media\/44323"}],"wp:attachment":[{"href":"https:\/\/armstrongyregion.com.ar\/diario\/wp-json\/wp\/v2\/media?parent=44322"}],"wp:term":[{"taxonomy":"category","embeddable":true,"href":"https:\/\/armstrongyregion.com.ar\/diario\/wp-json\/wp\/v2\/categories?post=44322"},{"taxonomy":"post_tag","embeddable":true,"href":"https:\/\/armstrongyregion.com.ar\/diario\/wp-json\/wp\/v2\/tags?post=44322"}],"curies":[{"name":"wp","href":"https:\/\/api.w.org\/{rel}","templated":true}]}}