{"id":44313,"date":"2024-10-14T00:55:35","date_gmt":"2024-10-14T00:55:35","guid":{"rendered":"https:\/\/armstrongyregion.com.ar\/diario\/?p=44313"},"modified":"2024-10-14T00:55:37","modified_gmt":"2024-10-14T00:55:37","slug":"clara-garcia-recorrer-el-territorio-y-el-contacto-con-intendentes-nos-permite-dar-soluciones-desde-la-legislatura","status":"publish","type":"post","link":"https:\/\/armstrongyregion.com.ar\/diario\/clara-garcia-recorrer-el-territorio-y-el-contacto-con-intendentes-nos-permite-dar-soluciones-desde-la-legislatura\/","title":{"rendered":"Clara Garc\u00eda: \u00abRecorrer el territorio y el contacto con intendentes nos permite dar soluciones desde la legislatura\u00bb."},"content":{"rendered":"\n<figure class=\"wp-block-image size-full\"><a href=\"http:\/\/armstrongyregion.com.ar\/diario\/wp-content\/uploads\/2024\/10\/clara-territorio.jpg\"><img loading=\"lazy\" decoding=\"async\" width=\"520\" height=\"347\" src=\"http:\/\/armstrongyregion.com.ar\/diario\/wp-content\/uploads\/2024\/10\/clara-territorio.jpg\" alt=\"\" class=\"wp-image-44314\" srcset=\"https:\/\/armstrongyregion.com.ar\/diario\/wp-content\/uploads\/2024\/10\/clara-territorio.jpg 520w, https:\/\/armstrongyregion.com.ar\/diario\/wp-content\/uploads\/2024\/10\/clara-territorio-300x200.jpg 300w\" sizes=\"auto, (max-width: 520px) 100vw, 520px\" \/><\/a><\/figure>\n\n\n\n<h2 class=\"wp-block-heading\">La presidenta de la C\u00e1mara de Diputadas y Diputados visit\u00f3 los departamentos Castellanos, San Crist\u00f3bal, San Justo y Vera. \u201cNo se puede legislar sin conocer lo que sucede en las ciudades y comunas\u201d, sostuvo y aval\u00f3 la gesti\u00f3n de Unidos: \u201cLa defensa de Santa Fe siempre est\u00e1 primero\u201d.<\/h2>\n\n\n\n<p>\u00a0\u201cEs imprescindible recorrer los pueblos y ciudades para conocer sus realidades y brindar soluciones concretas. Lo hace el gobernador (Maximiliano) Pullaro todo el tiempo y desde la C\u00e1mara de Diputadas y Diputados tambi\u00e9n estamos al lado de los gobiernos locales, que tienen un rol muy importante porque son los primeros en poner la cara con la gente. <\/p>\n\n\n\n<p>Ese es nuestro modelo de gesti\u00f3n; no se puede legislar sin conocer el territorio\u201d, sostuvo Clara Garc\u00eda, presidenta de la C\u00e1mara baja, en declaraciones period\u00edsticas durante una recorrida que incluy\u00f3 localidades de los departamentos Castellanos, San Crist\u00f3bal, San Justo y Vera. <\/p>\n\n\n\n<p>En tal sentido, la legisladora advirti\u00f3 que \u201cviene el tratamiento de la ley de presupuesto para el pr\u00f3ximo a\u00f1o y toda la informaci\u00f3n que recogemos es esencial para definir un proyecto que d\u00e9 respuestas a los intendentes y presidentes comunales que son la voz de los vecinos y vecinas\u201d. <\/p>\n\n\n\n<p>En Castellanos, Garc\u00eda se reuni\u00f3 con el intendente de Sunchales, Pablo Pinotti, y su gabinete. Adem\u00e1s, particip\u00f3 de la apertura de la Fiesta Nacional de F\u00fatbol Infantil. Luego pas\u00f3 por Rafaela donde mantuvo contacto con medios locales, acompa\u00f1ada por Alejandro Ambort, coordinador de Pol\u00edticas Metropolitanas del municipio, y la exconcejala Natalia Enrico. M\u00e1s tarde se traslad\u00f3 a Suardi, donde entre otras actividades mantuvo un encuentro con el intendente Hugo Boscarol y parte de su gabinete.<\/p>\n\n\n\n<p> La recorrida continu\u00f3 en San Guillermo y San Crist\u00f3bal, donde asisti\u00f3 a la Fiesta Nacional del Caballo junto a la diputada provincial Sof\u00eda Masutti y los concejales Agust\u00edn Peretti (Suardi) y Maximiliano L\u00f3pez (San Crist\u00f3bal), y el diputado provincial Pablo Far\u00edas. <\/p>\n\n\n\n<p>En San Justo, Garc\u00eda visit\u00f3 un emprendimiento productivo en La Penca y luego el Club Deportivo Uni\u00f3n de Gobernador Crespo, para finalizar la gira en La Gallareta (departamento Vera), donde comparti\u00f3 con el presidente comunal, Fernando Nicola, la 39\u00ba Fiesta Provincial del Amigo. <\/p>\n\n\n\n<p>\u201cHoy los municipios y comunas tienen que enfrentar cuestiones que, si bien son de resoluci\u00f3n provincial o nacional, los atraviesan en el d\u00eda a d\u00eda porque son los primeros en recibir los reclamos\u201d, valor\u00f3 Garc\u00eda y en ese sentido mencion\u00f3 desde \u201clas cuestiones productivas, de empleo, de cr\u00e9ditos para emprendimientos y las industrias\u201d, hasta \u201clas necesidades sociales, que son muchas, y las de seguridad, donde si bien han mermado de manera notoria los homicidios, todav\u00eda persisten los robos y delitos menores, que afectan a las localidades m\u00e1s peque\u00f1as\u201d.<\/p>\n\n\n\n<p> La titular de la C\u00e1mara baja fue categ\u00f3rica a la hora de referirse a la gesti\u00f3n de gobierno: \u201cDefiendo lo que estamos haciendo en la provincia de Santa Fe en un escenario nacional muy malo, mal\u00edsimo, donde al que piensa distinto se lo agrede, se le falta el respeto, se le cierra la instituci\u00f3n a la que pertenece. Buscamos soluciones en un escenario complejo \u2013describi\u00f3-donde la Naci\u00f3n no solo dej\u00f3 de cumplir con los aportes para nuestra Caja Previsional sino que cort\u00f3 los recursos para el transporte de pasajeros, el Fondo de Incentivo Docente, los comedores escolares, los medicamentos de alta complejidad, la obra p\u00fablica. Eso hoy lo cubre la provincia. No se puede hacer cargo de todo lo que la Naci\u00f3n deja de cubrir, pero hay una enorme vocaci\u00f3n de di\u00e1logo y voluntad de resolver cada problema\u201d, asegur\u00f3.<\/p>\n\n\n\n<p> Consultada sobre el presente de Unidos, en tanto, explic\u00f3 que es \u201cun frente electoral que siempre tuvo claro que ten\u00eda que convertirse en un frente de gobierno y hoy se ve en una gesti\u00f3n s\u00f3lida y en una convivencia muy fluida de todas las fuerzas que lo integran tanto en el gobierno que encabeza la UCR, de donde proviene el gobernador, como en la Legislatura y en la gesti\u00f3n de muchos intendentes y presidentes comunales. Nosotros defendemos a Santa Fe; eso siempre est\u00e1 primero y es lo que hace a la convivencia dentro de Unidos\u201d, afirm\u00f3.<\/p>\n\n\n\n<p>Fuente: Graciela De la Casa.<\/p>\n","protected":false},"excerpt":{"rendered":"<p>Clara Garc\u00eda: \u00abRecorrer el territorio y el contacto con intendentes nos permite dar soluciones desde la legislatura\u00bb.<\/p>\n","protected":false},"author":1,"featured_media":44314,"comment_status":"open","ping_status":"open","sticky":false,"template":"","format":"image","meta":{"_jetpack_memberships_contains_paid_content":false,"footnotes":"","jetpack_publicize_message":"","jetpack_publicize_feature_enabled":true,"jetpack_social_post_already_shared":true,"jetpack_social_options":{"image_generator_settings":{"template":"highway","default_image_id":0,"enabled":false},"version":2}},"categories":[8,1,2,7,3],"tags":[9196,5030,8777,9012],"class_list":["post-44313","post","type-post","status-publish","format-image","has-post-thumbnail","hentry","category-deliberando","category-diario-armstrong","category-locales","category-politica","category-region","tag-clara-garcia","tag-diario-armstrong","tag-lic-graciela-de-la-casa","tag-territorio","post_format-post-format-image"],"jetpack_publicize_connections":[],"jetpack_featured_media_url":"https:\/\/armstrongyregion.com.ar\/diario\/wp-content\/uploads\/2024\/10\/clara-territorio.jpg","jetpack_shortlink":"https:\/\/wp.me\/p62QDO-bwJ","jetpack_sharing_enabled":true,"amp_enabled":true,"_links":{"self":[{"href":"https:\/\/armstrongyregion.com.ar\/diario\/wp-json\/wp\/v2\/posts\/44313","targetHints":{"allow":["GET"]}}],"collection":[{"href":"https:\/\/armstrongyregion.com.ar\/diario\/wp-json\/wp\/v2\/posts"}],"about":[{"href":"https:\/\/armstrongyregion.com.ar\/diario\/wp-json\/wp\/v2\/types\/post"}],"author":[{"embeddable":true,"href":"https:\/\/armstrongyregion.com.ar\/diario\/wp-json\/wp\/v2\/users\/1"}],"replies":[{"embeddable":true,"href":"https:\/\/armstrongyregion.com.ar\/diario\/wp-json\/wp\/v2\/comments?post=44313"}],"version-history":[{"count":1,"href":"https:\/\/armstrongyregion.com.ar\/diario\/wp-json\/wp\/v2\/posts\/44313\/revisions"}],"predecessor-version":[{"id":44315,"href":"https:\/\/armstrongyregion.com.ar\/diario\/wp-json\/wp\/v2\/posts\/44313\/revisions\/44315"}],"wp:featuredmedia":[{"embeddable":true,"href":"https:\/\/armstrongyregion.com.ar\/diario\/wp-json\/wp\/v2\/media\/44314"}],"wp:attachment":[{"href":"https:\/\/armstrongyregion.com.ar\/diario\/wp-json\/wp\/v2\/media?parent=44313"}],"wp:term":[{"taxonomy":"category","embeddable":true,"href":"https:\/\/armstrongyregion.com.ar\/diario\/wp-json\/wp\/v2\/categories?post=44313"},{"taxonomy":"post_tag","embeddable":true,"href":"https:\/\/armstrongyregion.com.ar\/diario\/wp-json\/wp\/v2\/tags?post=44313"}],"curies":[{"name":"wp","href":"https:\/\/api.w.org\/{rel}","templated":true}]}}