{"id":443,"date":"2015-01-14T05:22:52","date_gmt":"2015-01-14T05:22:52","guid":{"rendered":"https:\/\/armstrongyregion.com.ar\/diario\/?p=443"},"modified":"2015-01-14T05:22:52","modified_gmt":"2015-01-14T05:22:52","slug":"fernando-bacci-nuevo-medico-del-plantel","status":"publish","type":"post","link":"https:\/\/armstrongyregion.com.ar\/diario\/fernando-bacci-nuevo-medico-del-plantel\/","title":{"rendered":"Fernando Bacci, nuevo m\u00e9dico del plantel."},"content":{"rendered":"<p><a href=\"http:\/\/armstrongyregion.com.ar\/diario\/wp-content\/uploads\/2015\/01\/Fernando-Bacci.jpg\"><img loading=\"lazy\" decoding=\"async\" class=\"alignnone size-medium wp-image-444\" src=\"http:\/\/armstrongyregion.com.ar\/diario\/wp-content\/uploads\/2015\/01\/Fernando-Bacci-300x170.jpg\" alt=\"Fernando Bacci\" width=\"300\" height=\"170\" srcset=\"https:\/\/armstrongyregion.com.ar\/diario\/wp-content\/uploads\/2015\/01\/Fernando-Bacci-300x170.jpg 300w, https:\/\/armstrongyregion.com.ar\/diario\/wp-content\/uploads\/2015\/01\/Fernando-Bacci.jpg 640w\" sizes=\"auto, (max-width: 300px) 100vw, 300px\" \/><\/a>El reconocido profesional ostenta una trayectoria en la que se destaca haber trabajado con Marcelo Bielsa y con Jorge Sampaoli en la selecci\u00f3n chilena. Adem\u00e1s fue jugador de Newell\u2019s y es director t\u00e9cnico de f\u00fatbol, con experiencia como colaborador de Javier Torrente y Albel Balbo.<br \/>\nCon el regreso de Am\u00e9rico Gallego para hacerse cargo del primer equipo leproso se realizaron cambios en la estructura de trabajadores de primera divisi\u00f3n. Entre ellos, Fernando Bacci remplazar\u00e1 a Juan Ignacio B\u00f3ttoli al mando del cuerpo m\u00e9dico encargado de cuidar la salud de los jugadores.<br \/>\n\u201cMe hablaron porque estaba la posibilidad de integrar el plantel m\u00e9dico de la primera divisi\u00f3n y autom\u00e1ticamente suspend\u00ed los trabajos que ten\u00eda asegurados en Estados Unidos. Ni lo dud\u00e9, decid\u00ed venir ac\u00e1, era uno de mis sue\u00f1os\u201d, dijo sobre su llegada.<br \/>\nEl reconocido profesional ostenta una trayectoria en la que se destacan haber trabajado con Marcelo Bielsa y con Jorge Sampaoli en la selecci\u00f3n chilena, pero adem\u00e1s de su trabajo en la medicina, Bacci fue jugador de f\u00fatbol profesional y visti\u00f3 la casaca rojinegra desde los 15 hasta los 21 a\u00f1os, con debut en Primera incluido. Tambi\u00e9n es director t\u00e9cnico recibido y fue colaborador de Javier Torrente y de Abel Balbo.<br \/>\nComo futbol\u00edstica lleg\u00f3 a Newell\u2019s con 15 a\u00f1os de edad proveniente de Amstrong, lugar donde naci\u00f3. Roberto Puppo, luego ayudante de campo del Newell\u2019s campe\u00f3n de Jos\u00e9 Yudica, fue quien lo acerc\u00f3 a la instituci\u00f3n.<br \/>\nLuego de jugar en todas las categor\u00edas juveniles, lleg\u00f3 a reserva para despu\u00e9s integrar de manera alterna el plantel de primera divisi\u00f3n de la temporada 87\/88. \u201cEn primera jugu\u00e9 15 minutos contra Instituto y 15 contra Uni\u00f3n, pero tuve la grata oportunidad de aprender a jugar al f\u00fatbol con jugadores excelentes\u201d, cont\u00f3 el m\u00e9dico.<br \/>\nTras el paso por la Lepra, su carrera continu\u00f3 como parte de un selectivo universitario que disput\u00f3 un torneo amistoso en Yugoslavia. Posteriormente fue recomendado para probar suerte en el continente asi\u00e1tico y jug\u00f3 durante un a\u00f1o en el club japon\u00e9s Toshiba. Una vez finalizado el v\u00ednculo su destino era el Tenerife espa\u00f1ol, pero una importante lesi\u00f3n lo margin\u00f3 por un tiempo de las canchas. Luego particip\u00f3 en las filas de Renato Cesarini para retirarse tiempo despu\u00e9s en el Club Defensores de Amstrong.<br \/>\nMientras se desarrollaba como futbolista, Fernando Bacci continuaba con sus estudios en medina hasta finalmente recibirse y comenzar un incipiente camino que luego lo llevar\u00eda a ser parte del cuerpo de colaboradores de una selecci\u00f3n mundialista. \u201cEn medicina realic\u00e9 mi especialidad en traumatolog\u00eda y medicina del deporte. Trataba de mejorar todo lo que pudiese y empec\u00e9 a viajar por varios pa\u00edses investigando sobre el tema. Estuve en el Centro de Alto Rendimiento de Barcelona y viv\u00ed tres a\u00f1os en la Universidad de Miami\u201d, cont\u00f3 acerca de los primeros a\u00f1os de su carrera.<br \/>\nEl profesional relat\u00f3 que en aquellos a\u00f1os recibi\u00f3 una llamada de Marcelo Bielsa, en la que lo convocaba para ser colaborador suyo: \u201cMe gust\u00f3 la propuesta, estuve tres a\u00f1os en los que divid\u00eda la semana en dos partes; la primera operaba y la segunda estaba con Lucho (Javier Torrente) y Marcelo capacit\u00e1ndome en las cuestiones t\u00e9cnicas. Ah\u00ed decid\u00ed hacer el curso de t\u00e9cnico de f\u00fatbol\u201d.<br \/>\nTras adquirir conocimientos en el \u00e1rea, en 2007 surgi\u00f3 la posibilidad de asistir a Javier \u201cLucho\u201d Torrente en el cuerpo t\u00e9cnico del club paraguayo Cerro Porte\u00f1o, adem\u00e1s de desempe\u00f1arse como entrenador de la divisional reserva. \u201cMe gust\u00f3 la experiencia, estuve un a\u00f1o all\u00e1. Despu\u00e9s tuve un paso por Italia con Albel Balbo, en un club que estaba pr\u00e1cticamente fundido. Fue interesante porque previamente estuvimos observando los entrenamientos de todos los clubes de primera divisi\u00f3n\u201d, coment\u00f3 Bacci.<br \/>\nY agreg\u00f3: \u201cSegu\u00ed con mi trabajo de m\u00e9dico en Rosario. Mi intenci\u00f3n era volver a Estados Unidos, pero surgi\u00f3 de ir a Douglas Haig con Marcelo \u201cPitu\u201d Grioni. Tuve un problema de salud personal que me llev\u00f3 bastante tiempo y cuando me estaban por dar de alta me convoc\u00f3 Jorge Sampaoli para que fuera a la Selecci\u00f3n de Chile como asesor m\u00e9dico. Estuve desde enero, hasta el mundial con la selecci\u00f3n\u201d.<br \/>\nCon la llegada de Fernando Bacci completa el cuerpo m\u00e9dico de Primera Divisi\u00f3n el Dr. Dar\u00edo Souto, mientras que en reserva estar\u00e1 el Dr. Mauricio Gondou. Adem\u00e1s, el Dr. Iv\u00e1n Yelin como coordinador del cuerpo m\u00e9dico de divisiones juveniles.<\/p>\n","protected":false},"excerpt":{"rendered":"<p>El reconocido profesional ostenta una trayectoria en la que se destaca haber trabajado con Marcelo Bielsa y con Jorge Sampaoli en la selecci\u00f3n chilena. Adem\u00e1s fue jugador de Newell\u2019s y es director t\u00e9cnico de f\u00fatbol, con experiencia como colaborador de Javier Torrente y Albel Balbo. Con el regreso de Am\u00e9rico Gallego para hacerse cargo del <a href=\"https:\/\/armstrongyregion.com.ar\/diario\/fernando-bacci-nuevo-medico-del-plantel\/\" title=\"Read more\" >&#8230;<\/a><\/p>\n","protected":false},"author":2,"featured_media":444,"comment_status":"open","ping_status":"open","sticky":false,"template":"","format":"standard","meta":{"_jetpack_memberships_contains_paid_content":false,"footnotes":"","jetpack_publicize_message":"","jetpack_publicize_feature_enabled":true,"jetpack_social_post_already_shared":false,"jetpack_social_options":{"image_generator_settings":{"template":"highway","default_image_id":0,"enabled":false},"version":2}},"categories":[5,1],"tags":[429,53,428,430,51,431],"class_list":["post-443","post","type-post","status-publish","format-standard","has-post-thumbnail","hentry","category-deportes","category-diario-armstrong","tag-bacci","tag-del","tag-fernando","tag-medico","tag-nuevo","tag-plantel"],"jetpack_publicize_connections":[],"jetpack_featured_media_url":"https:\/\/armstrongyregion.com.ar\/diario\/wp-content\/uploads\/2015\/01\/Fernando-Bacci.jpg","jetpack_shortlink":"https:\/\/wp.me\/p62QDO-79","jetpack_sharing_enabled":true,"amp_enabled":true,"_links":{"self":[{"href":"https:\/\/armstrongyregion.com.ar\/diario\/wp-json\/wp\/v2\/posts\/443","targetHints":{"allow":["GET"]}}],"collection":[{"href":"https:\/\/armstrongyregion.com.ar\/diario\/wp-json\/wp\/v2\/posts"}],"about":[{"href":"https:\/\/armstrongyregion.com.ar\/diario\/wp-json\/wp\/v2\/types\/post"}],"author":[{"embeddable":true,"href":"https:\/\/armstrongyregion.com.ar\/diario\/wp-json\/wp\/v2\/users\/2"}],"replies":[{"embeddable":true,"href":"https:\/\/armstrongyregion.com.ar\/diario\/wp-json\/wp\/v2\/comments?post=443"}],"version-history":[{"count":0,"href":"https:\/\/armstrongyregion.com.ar\/diario\/wp-json\/wp\/v2\/posts\/443\/revisions"}],"wp:featuredmedia":[{"embeddable":true,"href":"https:\/\/armstrongyregion.com.ar\/diario\/wp-json\/wp\/v2\/media\/444"}],"wp:attachment":[{"href":"https:\/\/armstrongyregion.com.ar\/diario\/wp-json\/wp\/v2\/media?parent=443"}],"wp:term":[{"taxonomy":"category","embeddable":true,"href":"https:\/\/armstrongyregion.com.ar\/diario\/wp-json\/wp\/v2\/categories?post=443"},{"taxonomy":"post_tag","embeddable":true,"href":"https:\/\/armstrongyregion.com.ar\/diario\/wp-json\/wp\/v2\/tags?post=443"}],"curies":[{"name":"wp","href":"https:\/\/api.w.org\/{rel}","templated":true}]}}