{"id":44295,"date":"2024-10-10T03:07:05","date_gmt":"2024-10-10T03:07:05","guid":{"rendered":"https:\/\/armstrongyregion.com.ar\/diario\/?p=44295"},"modified":"2024-10-10T03:07:49","modified_gmt":"2024-10-10T03:07:49","slug":"renovacion-por-armstrong-solicito-la-colocacion-de-nuevas-luminarias-en-el-barrio-fo-na-vi-sur","status":"publish","type":"post","link":"https:\/\/armstrongyregion.com.ar\/diario\/renovacion-por-armstrong-solicito-la-colocacion-de-nuevas-luminarias-en-el-barrio-fo-na-vi-sur\/","title":{"rendered":"Renovacion por Armstrong solicit\u00f3 la colocaci\u00f3n de nuevas luminarias en el barrio FO.NA.VI. Sur."},"content":{"rendered":"\n<figure class=\"wp-block-image size-full\"><a href=\"http:\/\/armstrongyregion.com.ar\/diario\/wp-content\/uploads\/2024\/08\/Emiliano-Gramigna-15-8-24-.jpg\"><img loading=\"lazy\" decoding=\"async\" width=\"756\" height=\"666\" src=\"http:\/\/armstrongyregion.com.ar\/diario\/wp-content\/uploads\/2024\/08\/Emiliano-Gramigna-15-8-24-.jpg\" alt=\"\" class=\"wp-image-43750\" srcset=\"https:\/\/armstrongyregion.com.ar\/diario\/wp-content\/uploads\/2024\/08\/Emiliano-Gramigna-15-8-24-.jpg 756w, https:\/\/armstrongyregion.com.ar\/diario\/wp-content\/uploads\/2024\/08\/Emiliano-Gramigna-15-8-24--300x264.jpg 300w\" sizes=\"auto, (max-width: 756px) 100vw, 756px\" \/><\/a><\/figure>\n\n\n\n<p><strong>El concejal Emiliano Gramigna, del bloque Renovacion por Armstrong desarrollo el alcance del proyecto presentado<\/strong>: \u201cEl pedido se basa en la mejora de la iluminaci\u00f3n\u00a0 del Barrio FO.NA.VI Sur, tanto en los espacios comunes como tambi\u00e9n en la calle, b\u00e1sicamente porque los vecinos nos hab\u00edan realizado ese reclamo  por una cuesti\u00f3n de seguridad y de tranquilidad, y una mejor iluminaci\u00f3n podr\u00eda darles esa seguridad que reclaman y sobre todo darle mayor calidad de vida al barrio\u00bb. <\/p>\n\n\n\n<p>El referente de Renovaci\u00f3n por Armstrong, adem\u00e1s destac\u00f3:<strong> \u201cUno de los temas m\u00e1s importantes que se trat\u00f3 en esta sesi\u00f3n fue la obligatoriedad de presentaci\u00f3n de la declaraci\u00f3n jurada como funcionarios p\u00fablicos, nosotros desde el concejo adem\u00e1s de los funcionarios del ejecutivo. Creemos que es algo important\u00edsimo para sumar transparencia a nuestra propia gesti\u00f3n en este caso como concejales. Sabemos que el lugar en el que estamos es totalmente transitorio y  debemos rendirles cuenta a los vecinos de todo el trabajo que hicimos y cu\u00e1les son nuestros haberes dentro del concejo, nuestra situaci\u00f3n patrimonial cuando entramos y cuando nos vamos de la funci\u00f3n p\u00fablica para poder darle mayor transparencia.\u201d<\/strong><\/p>\n\n\n\n<p><strong>En referencia a si esta legislaci\u00f3n esta vigentes en otros municipios Gramigna dijo<\/strong>: \u201cSi, est\u00e1 funcionando m\u00e1s que nada en municipios m\u00e1s grandes, como Rosario, Santa Fe, Reconquista, ya lo est\u00e1n aplicando y  nosotros adaptamos la ordenanza a lo que es nuestra ciudad.\u201d<\/p>\n\n\n\n<p>Fuente: Lic. Graciela De la Casa- Oscar Crispino.<\/p>\n","protected":false},"excerpt":{"rendered":"<p>Renovacion por Armstrong solicit\u00f3 la colocaci\u00f3n de nuevas luminarias en el barrio FO.NA.VI. Sur.<\/p>\n","protected":false},"author":1,"featured_media":43750,"comment_status":"open","ping_status":"open","sticky":false,"template":"","format":"image","meta":{"_jetpack_memberships_contains_paid_content":false,"footnotes":"","jetpack_publicize_message":"","jetpack_publicize_feature_enabled":true,"jetpack_social_post_already_shared":true,"jetpack_social_options":{"image_generator_settings":{"template":"highway","default_image_id":0,"enabled":false},"version":2}},"categories":[8,1,2,7,3],"tags":[9866,19,5030,11108,11109,8777,9045,350,9298,2732],"class_list":["post-44295","post","type-post","status-publish","format-image","has-post-thumbnail","hentry","category-deliberando","category-diario-armstrong","category-locales","category-politica","category-region","tag-colocacion","tag-de","tag-diario-armstrong","tag-fo","tag-fo-na-vi-sur","tag-lic-graciela-de-la-casa","tag-luminarias","tag-nuevas","tag-renovacion-por-armstrong","tag-solicito","post_format-post-format-image"],"jetpack_publicize_connections":[],"jetpack_featured_media_url":"https:\/\/armstrongyregion.com.ar\/diario\/wp-content\/uploads\/2024\/08\/Emiliano-Gramigna-15-8-24-.jpg","jetpack_shortlink":"https:\/\/wp.me\/p62QDO-bwr","jetpack_sharing_enabled":true,"amp_enabled":true,"_links":{"self":[{"href":"https:\/\/armstrongyregion.com.ar\/diario\/wp-json\/wp\/v2\/posts\/44295","targetHints":{"allow":["GET"]}}],"collection":[{"href":"https:\/\/armstrongyregion.com.ar\/diario\/wp-json\/wp\/v2\/posts"}],"about":[{"href":"https:\/\/armstrongyregion.com.ar\/diario\/wp-json\/wp\/v2\/types\/post"}],"author":[{"embeddable":true,"href":"https:\/\/armstrongyregion.com.ar\/diario\/wp-json\/wp\/v2\/users\/1"}],"replies":[{"embeddable":true,"href":"https:\/\/armstrongyregion.com.ar\/diario\/wp-json\/wp\/v2\/comments?post=44295"}],"version-history":[{"count":2,"href":"https:\/\/armstrongyregion.com.ar\/diario\/wp-json\/wp\/v2\/posts\/44295\/revisions"}],"predecessor-version":[{"id":44297,"href":"https:\/\/armstrongyregion.com.ar\/diario\/wp-json\/wp\/v2\/posts\/44295\/revisions\/44297"}],"wp:featuredmedia":[{"embeddable":true,"href":"https:\/\/armstrongyregion.com.ar\/diario\/wp-json\/wp\/v2\/media\/43750"}],"wp:attachment":[{"href":"https:\/\/armstrongyregion.com.ar\/diario\/wp-json\/wp\/v2\/media?parent=44295"}],"wp:term":[{"taxonomy":"category","embeddable":true,"href":"https:\/\/armstrongyregion.com.ar\/diario\/wp-json\/wp\/v2\/categories?post=44295"},{"taxonomy":"post_tag","embeddable":true,"href":"https:\/\/armstrongyregion.com.ar\/diario\/wp-json\/wp\/v2\/tags?post=44295"}],"curies":[{"name":"wp","href":"https:\/\/api.w.org\/{rel}","templated":true}]}}