{"id":44291,"date":"2024-10-10T02:03:13","date_gmt":"2024-10-10T02:03:13","guid":{"rendered":"https:\/\/armstrongyregion.com.ar\/diario\/?p=44291"},"modified":"2024-10-10T03:09:27","modified_gmt":"2024-10-10T03:09:27","slug":"paso-a-comision-un-proyecto-sobre-registro-unico-municipal-de-personas-con-discapacidad","status":"publish","type":"post","link":"https:\/\/armstrongyregion.com.ar\/diario\/paso-a-comision-un-proyecto-sobre-registro-unico-municipal-de-personas-con-discapacidad\/","title":{"rendered":"Pas\u00f3 a comisi\u00f3n un proyecto sobre registro \u00fanico municipal de personas con discapacidad."},"content":{"rendered":"\n<figure class=\"wp-block-image size-full\"><a href=\"http:\/\/armstrongyregion.com.ar\/diario\/wp-content\/uploads\/2024\/06\/Carla-Revigliono-17-6-24-.jpg\"><img loading=\"lazy\" decoding=\"async\" width=\"756\" height=\"606\" src=\"http:\/\/armstrongyregion.com.ar\/diario\/wp-content\/uploads\/2024\/06\/Carla-Revigliono-17-6-24-.jpg\" alt=\"\" class=\"wp-image-43146\" srcset=\"https:\/\/armstrongyregion.com.ar\/diario\/wp-content\/uploads\/2024\/06\/Carla-Revigliono-17-6-24-.jpg 756w, https:\/\/armstrongyregion.com.ar\/diario\/wp-content\/uploads\/2024\/06\/Carla-Revigliono-17-6-24--300x240.jpg 300w\" sizes=\"auto, (max-width: 756px) 100vw, 756px\" \/><\/a><\/figure>\n\n\n\n<p><strong>La concejala del bloque Unidos, Dra, Carla Revigliono, explic\u00f3 el estado del mismo:<\/strong> \u201cPas\u00f3 a comisi\u00f3n justamente para tratarlo, es un proyecto que hemos presentado con la finalidad de tener a nivel local la cantidad de personas con discapacidad. Saber d\u00f3nde estamos parados, ya que si bien tenemos datos de personas que tienen el Certificado \u00danico de Discapacidad (CUD), hay muchas  que no lo tienen, adem\u00e1s el CUD a veces queda escueto y muy limitado\u00bb. <\/p>\n\n\n\n<p>La concejala agreg\u00f3: <strong>\u00abEste registro \u00fanico municipal de discapacidad va a permitir tambi\u00e9n conocer el grupo familiar de esa persona a quien podemos contactar en caso que ocurra algo. Sabemos tambi\u00e9n que la discapacidad proviene de numerosas causas, como por ejemplo la accidentolog\u00eda, cuando hay que realizar un trasplante, etc. Ese registro va a determinar que se debe hacer para seguir adelante con las pol\u00edticas de inclusi\u00f3n y lograr esa igualdad de oportunidades\u201d.<\/strong><\/p>\n\n\n\n<p><strong>Sobre cu\u00e1les ser\u00edan los alcances de este registro \u00fanico la concejala dijo<\/strong>: \u201cDar\u00eda una evaluaci\u00f3n oficial y estad\u00edstica respecto al porcentaje de personas con discapacidad en el \u00e1mbito local y as\u00ed lograr esa inclusi\u00f3n laboral, ya que la social se est\u00e1 trabajando desde el \u00e1rea de promoci\u00f3n comunitaria.\u201d<\/p>\n\n\n\n<p>Fuente: Graciela De la Casa- Oscar Crispino.<\/p>\n","protected":false},"excerpt":{"rendered":"<p>as\u00f3 a comisi\u00f3n un proyecto sobre registro \u00fanico municipal de personas con discapacidad.<\/p>\n","protected":false},"author":1,"featured_media":43146,"comment_status":"open","ping_status":"open","sticky":false,"template":"","format":"image","meta":{"_jetpack_memberships_contains_paid_content":false,"footnotes":"","jetpack_publicize_message":"","jetpack_publicize_feature_enabled":true,"jetpack_social_post_already_shared":true,"jetpack_social_options":{"image_generator_settings":{"template":"highway","default_image_id":0,"enabled":false},"version":2}},"categories":[8,1,2,7,3],"tags":[9425,100,673,5030,2725,8777,696,11105,1448],"class_list":["post-44291","post","type-post","status-publish","format-image","has-post-thumbnail","hentry","category-deliberando","category-diario-armstrong","category-locales","category-politica","category-region","tag-carla-revigliono","tag-con","tag-concejal","tag-diario-armstrong","tag-discapacidad","tag-lic-graciela-de-la-casa","tag-personas","tag-registro-unico","tag-unidos","post_format-post-format-image"],"jetpack_publicize_connections":[],"jetpack_featured_media_url":"https:\/\/armstrongyregion.com.ar\/diario\/wp-content\/uploads\/2024\/06\/Carla-Revigliono-17-6-24-.jpg","jetpack_shortlink":"https:\/\/wp.me\/p62QDO-bwn","jetpack_sharing_enabled":true,"amp_enabled":true,"_links":{"self":[{"href":"https:\/\/armstrongyregion.com.ar\/diario\/wp-json\/wp\/v2\/posts\/44291","targetHints":{"allow":["GET"]}}],"collection":[{"href":"https:\/\/armstrongyregion.com.ar\/diario\/wp-json\/wp\/v2\/posts"}],"about":[{"href":"https:\/\/armstrongyregion.com.ar\/diario\/wp-json\/wp\/v2\/types\/post"}],"author":[{"embeddable":true,"href":"https:\/\/armstrongyregion.com.ar\/diario\/wp-json\/wp\/v2\/users\/1"}],"replies":[{"embeddable":true,"href":"https:\/\/armstrongyregion.com.ar\/diario\/wp-json\/wp\/v2\/comments?post=44291"}],"version-history":[{"count":2,"href":"https:\/\/armstrongyregion.com.ar\/diario\/wp-json\/wp\/v2\/posts\/44291\/revisions"}],"predecessor-version":[{"id":44299,"href":"https:\/\/armstrongyregion.com.ar\/diario\/wp-json\/wp\/v2\/posts\/44291\/revisions\/44299"}],"wp:featuredmedia":[{"embeddable":true,"href":"https:\/\/armstrongyregion.com.ar\/diario\/wp-json\/wp\/v2\/media\/43146"}],"wp:attachment":[{"href":"https:\/\/armstrongyregion.com.ar\/diario\/wp-json\/wp\/v2\/media?parent=44291"}],"wp:term":[{"taxonomy":"category","embeddable":true,"href":"https:\/\/armstrongyregion.com.ar\/diario\/wp-json\/wp\/v2\/categories?post=44291"},{"taxonomy":"post_tag","embeddable":true,"href":"https:\/\/armstrongyregion.com.ar\/diario\/wp-json\/wp\/v2\/tags?post=44291"}],"curies":[{"name":"wp","href":"https:\/\/api.w.org\/{rel}","templated":true}]}}