{"id":44284,"date":"2024-10-10T01:03:07","date_gmt":"2024-10-10T01:03:07","guid":{"rendered":"https:\/\/armstrongyregion.com.ar\/diario\/?p=44284"},"modified":"2024-10-10T01:03:09","modified_gmt":"2024-10-10T01:03:09","slug":"armstrong-este-sabado-12-hay-outlet","status":"publish","type":"post","link":"https:\/\/armstrongyregion.com.ar\/diario\/armstrong-este-sabado-12-hay-outlet\/","title":{"rendered":"Armstrong. Este s\u00e1bado 12 hay outlet."},"content":{"rendered":"\n<figure class=\"wp-block-image size-full\"><a href=\"http:\/\/armstrongyregion.com.ar\/diario\/wp-content\/uploads\/2024\/10\/outlet-9-10-24.jpg\"><img loading=\"lazy\" decoding=\"async\" width=\"798\" height=\"798\" src=\"http:\/\/armstrongyregion.com.ar\/diario\/wp-content\/uploads\/2024\/10\/outlet-9-10-24.jpg\" alt=\"\" class=\"wp-image-44285\" srcset=\"https:\/\/armstrongyregion.com.ar\/diario\/wp-content\/uploads\/2024\/10\/outlet-9-10-24.jpg 798w, https:\/\/armstrongyregion.com.ar\/diario\/wp-content\/uploads\/2024\/10\/outlet-9-10-24-300x300.jpg 300w, https:\/\/armstrongyregion.com.ar\/diario\/wp-content\/uploads\/2024\/10\/outlet-9-10-24-150x150.jpg 150w, https:\/\/armstrongyregion.com.ar\/diario\/wp-content\/uploads\/2024\/10\/outlet-9-10-24-768x768.jpg 768w\" sizes=\"auto, (max-width: 798px) 100vw, 798px\" \/><\/a><\/figure>\n\n\n\n<p>Como tradicionalmente sucede en los cambios de temporadas, la Municipalidad de Armstrong invita<br>a participar de un nuevo outlet que se realizar\u00e1 el s\u00e1bado 12 de octubre, a partir de las 16 hs., en<br>instalaciones de la Estaci\u00f3n M\u00e1s.<br>Se podr\u00e1n aprovechar importantes rebajas de precios en indumentaria, calzados y accesorios para<br>toda la familia: zapater\u00edas, lencer\u00eda, ropa de beb\u00e9s y ni\u00f1os, ropa informal, blanco hogar, ropa<br>masculina, deportiva, mochilas, carteras, bijouterie y, en esta oportunidad, se suma el rubro<br>perfumer\u00eda.<br>Si bien algunos comercios ofrecer\u00e1n productos de oto\u00f1o-invierno, otros tambi\u00e9n lo har\u00e1n con<br>art\u00edculos de las estaciones primavera-verano.<br>Se contar\u00e1 con la participaci\u00f3n especial de emprendedores de comida de Sabores y Colores Locales.<br>No se suspende por lluvia.<br>Comercios interesados en sumarse a esta actividad, acercarse al municipio hasta el jueves 10, de 7 a<br>13 hs., o escribir al whatsapp 3471-677595.<\/p>\n","protected":false},"excerpt":{"rendered":"<p>Armstrong. Este s\u00e1bado 12 hay outlet.<\/p>\n","protected":false},"author":1,"featured_media":44285,"comment_status":"open","ping_status":"open","sticky":false,"template":"","format":"image","meta":{"_jetpack_memberships_contains_paid_content":false,"footnotes":"","jetpack_publicize_message":"","jetpack_publicize_feature_enabled":true,"jetpack_social_post_already_shared":true,"jetpack_social_options":{"image_generator_settings":{"template":"highway","default_image_id":0,"enabled":false},"version":2}},"categories":[8,1,2,7,3],"tags":[20,5030,8777,1037,2632],"class_list":["post-44284","post","type-post","status-publish","format-image","has-post-thumbnail","hentry","category-deliberando","category-diario-armstrong","category-locales","category-politica","category-region","tag-armstrong","tag-diario-armstrong","tag-lic-graciela-de-la-casa","tag-outlet","tag-sabado","post_format-post-format-image"],"jetpack_publicize_connections":[],"jetpack_featured_media_url":"https:\/\/armstrongyregion.com.ar\/diario\/wp-content\/uploads\/2024\/10\/outlet-9-10-24.jpg","jetpack_shortlink":"https:\/\/wp.me\/p62QDO-bwg","jetpack_sharing_enabled":true,"amp_enabled":true,"_links":{"self":[{"href":"https:\/\/armstrongyregion.com.ar\/diario\/wp-json\/wp\/v2\/posts\/44284","targetHints":{"allow":["GET"]}}],"collection":[{"href":"https:\/\/armstrongyregion.com.ar\/diario\/wp-json\/wp\/v2\/posts"}],"about":[{"href":"https:\/\/armstrongyregion.com.ar\/diario\/wp-json\/wp\/v2\/types\/post"}],"author":[{"embeddable":true,"href":"https:\/\/armstrongyregion.com.ar\/diario\/wp-json\/wp\/v2\/users\/1"}],"replies":[{"embeddable":true,"href":"https:\/\/armstrongyregion.com.ar\/diario\/wp-json\/wp\/v2\/comments?post=44284"}],"version-history":[{"count":1,"href":"https:\/\/armstrongyregion.com.ar\/diario\/wp-json\/wp\/v2\/posts\/44284\/revisions"}],"predecessor-version":[{"id":44286,"href":"https:\/\/armstrongyregion.com.ar\/diario\/wp-json\/wp\/v2\/posts\/44284\/revisions\/44286"}],"wp:featuredmedia":[{"embeddable":true,"href":"https:\/\/armstrongyregion.com.ar\/diario\/wp-json\/wp\/v2\/media\/44285"}],"wp:attachment":[{"href":"https:\/\/armstrongyregion.com.ar\/diario\/wp-json\/wp\/v2\/media?parent=44284"}],"wp:term":[{"taxonomy":"category","embeddable":true,"href":"https:\/\/armstrongyregion.com.ar\/diario\/wp-json\/wp\/v2\/categories?post=44284"},{"taxonomy":"post_tag","embeddable":true,"href":"https:\/\/armstrongyregion.com.ar\/diario\/wp-json\/wp\/v2\/tags?post=44284"}],"curies":[{"name":"wp","href":"https:\/\/api.w.org\/{rel}","templated":true}]}}