{"id":44270,"date":"2024-10-08T02:30:06","date_gmt":"2024-10-08T02:30:06","guid":{"rendered":"https:\/\/armstrongyregion.com.ar\/diario\/?p=44270"},"modified":"2024-10-08T02:39:36","modified_gmt":"2024-10-08T02:39:36","slug":"objetivo-dengue-detectan-presencia-del-mosquito-aedes-aegypti-vector-de-la-enfermedad-y-piden-extremar-prevencion","status":"publish","type":"post","link":"https:\/\/armstrongyregion.com.ar\/diario\/objetivo-dengue-detectan-presencia-del-mosquito-aedes-aegypti-vector-de-la-enfermedad-y-piden-extremar-prevencion\/","title":{"rendered":"Objetivo Dengue: detectan presencia del mosquito Aedes Aegypti, vector de la enfermedad, y piden extremar prevenci\u00f3n."},"content":{"rendered":"\n<figure class=\"wp-block-image size-full\"><a href=\"http:\/\/armstrongyregion.com.ar\/diario\/wp-content\/uploads\/2024\/10\/mosquitos-.jpg\"><img loading=\"lazy\" decoding=\"async\" width=\"570\" height=\"320\" src=\"http:\/\/armstrongyregion.com.ar\/diario\/wp-content\/uploads\/2024\/10\/mosquitos-.jpg\" alt=\"\" class=\"wp-image-44271\" srcset=\"https:\/\/armstrongyregion.com.ar\/diario\/wp-content\/uploads\/2024\/10\/mosquitos-.jpg 570w, https:\/\/armstrongyregion.com.ar\/diario\/wp-content\/uploads\/2024\/10\/mosquitos--300x168.jpg 300w\" sizes=\"auto, (max-width: 570px) 100vw, 570px\" \/><\/a><\/figure>\n\n\n\n<h2 class=\"wp-block-heading\">Desde el Gobierno de Santa Fe confirmaron que se colocaron dispositivos sensores en 10 localidades donde \u201cdesde fines de la semana pasada ya se detect\u00f3 que el vector est\u00e1\u201d. Contin\u00faa la campa\u00f1a de vacunaci\u00f3n, a la vez que llaman a la poblaci\u00f3n a reforzar las medidas de descacharrado, y se brindaron consejos a quienes viajan a zonas end\u00e9micas.<\/h2>\n\n\n\n<p>El Gobierno de la Provincia avanza en todo el territorio santafesino con el programa Objetivo Dengue, un plan interministerial que apunta a abordar la problem\u00e1tica desde una mirada integral, trabajando tambi\u00e9n en la prevenci\u00f3n y la concientizaci\u00f3n de la enfermedad.<\/p>\n\n\n\n<p>En ese sentido, este lunes, la ministra de Salud, Silvia Ciancio junto al secretario de Cooperaci\u00f3n, Cristian Cunha brindaron detalles de los avances del programa provincial, mostraron resultados de las medidas preventivas tomadas y afirmaron que \u201cel vector Aedes aegypti ya est\u00e1 entre nosotros\u201d.<\/p>\n\n\n\n<p>Al respecto, Cunha coment\u00f3 que se colocaron \u201covitrampas en 10 localidades (Tostado, Vera, Margarita, Recreo, Rafaela, Rueda, P\u00e9rez, Pueblo Esther, Rosario y San Lorenzo). Desde finales de la semana pasada se detect\u00f3 que el vector est\u00e1. No hay casos de dengue a\u00fan, pero s\u00ed ya hay mosquitos\u201d, remarc\u00f3.<\/p>\n\n\n\n<p>Ante esto, el secretario de Cooperaci\u00f3n dijo que \u201cahora depende de cada uno de los santafesinos cambiar nuestros h\u00e1bitos, en cada hogar, lo que hacemos en nuestro patio, lo que hacemos en nuestra vereda\u201d, a la vez que reconoci\u00f3 que desde la Provincia se est\u00e1 trabajando \u201ccon Educaci\u00f3n, y por eso empezamos a descacharrar dos veces por semana en los escuelas de toda la provincia, y los chicos hacen trabajos pr\u00e1cticos, en c\u00f3mo preparar repelentes caseros. Pero sobre todo hacemos hincapi\u00e9 en el descacharrado, es la mejor herramienta que tenemos, es la m\u00e1s f\u00e1cil y la m\u00e1s simple que podemos hacer cada uno de nosotros\u201d.<\/p>\n\n\n\n<p>El funcionario remarc\u00f3 adem\u00e1s que hay 282 equipos de abordaje interdisciplinario que se conformaron desde el lanzamiento del programa, trabajando en todo el territorio provincial en capacitaciones y planes de acci\u00f3n en distintas localidades, en la que tambi\u00e9n colaboran organizaciones sociales y referentes locales. Adem\u00e1s, se refiri\u00f3 a la compra de insumos como larvicida, insecticida, maquinaria y equipamiento para control focal, por $1.800millones.<\/p>\n\n\n\n<p><strong>Pilar fundamental<\/strong><\/p>\n\n\n\n<p>La ministra Ciancio, se\u00f1al\u00f3 que uno de los pilares fundamentales de Objetivo Dengue \u201cera la capacitaci\u00f3n, por lo que 1.700 trabajadores, a trav\u00e9s de la Ley Yolanda pudieron capacitarse sobre dengue\u201d. A ello agreg\u00f3 que en el Laboratorio Industrial Farmac\u00e9utico (LIF) provincial \u201cse producen 2.750 envases de repelentes por d\u00eda, lo que conlleva 15 horas de trabajo diario, multiplicando por cinco la inversi\u00f3n comparada con 2023\u201d.<\/p>\n\n\n\n<p>Asimismo, otra de las l\u00edneas de acci\u00f3n es la estrategia de vacunaci\u00f3n contra el dengue en territorios priorizados, para adolescentes de 15 a 19 a\u00f1os; y para personal de salud, bomberos y polic\u00edas que tienen entre 20 y 39 a\u00f1os, respecto a lo cual la ministra afirm\u00f3 que se est\u00e1 \u201cfortaleciendo el norte provincial con vacunaci\u00f3n en las escuelas, con un cami\u00f3n sanitario que est\u00e1 llegando a las zonas m\u00e1s alejadas, trabajando fuertemente en las \u00e1reas priorizadas\u201d.<\/p>\n\n\n\n<p>Por \u00faltimo, la funcionaria reconoci\u00f3: \u201cLo detectamos a tiempo al mosquito, porque venimos con una previsi\u00f3n que no se hizo nunca antes y en este proceso interepid\u00e9mico que estamos cursando, lo mejor que nos puede suceder es encontrar el mosquito ahora, matarlo y sacar todos los huevos y reservorios que tengamos\u201d. A su vez recomend\u00f3 a quienes viajen a zonas end\u00e9micas del pa\u00eds o el exterior, que usen repelente; y si al volver presentan s\u00edntomas, r\u00e1pidamente, cuando vayan a la consulta, le digan \u201cal profesional tratante el antecedente del viaje\u201d. \u201cSolo con el compromiso personal podemos cambiar la historia del brote de dengue en la provincia de Santa Fe\u201d, afirm\u00f3 la ministra.<\/p>\n\n\n\n<figure class=\"wp-block-image\"><img decoding=\"async\" src=\"https:\/\/ci3.googleusercontent.com\/meips\/ADKq_Nb_GAp7zbwk17-z18DOplfGkC6fw0orHR8lHjfC_qbtJZBjB9w6tARv_av4kGdlPim8brgrQVnkEeMPt8WNfi7dQv6p06wlM-43aAo6YU7-dm6boP0hsdw8uTFoXQpzJLv50B0sQVa_95Loobs=s0-d-e1-ft#https:\/\/www.santafe.gob.ar\/noticias\/recursos\/fotos\/2024\/10\/2024-10-07NID_281387O_2.jpeg\" alt=\"\"\/><\/figure>\n\n\n\n<p><strong>Plan interministerial<\/strong><\/p>\n\n\n\n<p>Objetivo Dengue fue lanzado en agosto, y cuenta con un presupuesto total de $ 8.000 millones. Tiene un abordaje no s\u00f3lo del \u00e1rea de Salud, como se ha hecho tradicionalmente, sino que intervienen los ministerios de Gobierno e Innovaci\u00f3n P\u00fablica, Ambiente y Cambio Clim\u00e1tico, Educaci\u00f3n, e Igualdad y Desarrollo Humano.<\/p>\n\n\n\n<p>Con la coordinaci\u00f3n de la Secretar\u00eda de Cooperaci\u00f3n, esto permiti\u00f3 avanzar en toda la provincia con acciones orientadas a controlar la presencia del Aedes aegypti.<\/p>\n","protected":false},"excerpt":{"rendered":"<p>Objetivo Dengue: detectan presencia del mosquito Aedes Aegypti, vector de la enfermedad, y piden extremar prevenci\u00f3n.<\/p>\n","protected":false},"author":1,"featured_media":44271,"comment_status":"open","ping_status":"open","sticky":false,"template":"","format":"image","meta":{"_jetpack_memberships_contains_paid_content":false,"footnotes":"","jetpack_publicize_message":"","jetpack_publicize_feature_enabled":true,"jetpack_social_post_already_shared":true,"jetpack_social_options":{"image_generator_settings":{"template":"highway","default_image_id":0,"enabled":false},"version":2}},"categories":[8,1,2,7,3],"tags":[11097,53,10251,5030,2485,8777,11096,11095,471,11098],"class_list":["post-44270","post","type-post","status-publish","format-image","has-post-thumbnail","hentry","category-deliberando","category-diario-armstrong","category-locales","category-politica","category-region","tag-aedes-aegypti","tag-del","tag-detectan","tag-diario-armstrong","tag-enfermedad","tag-lic-graciela-de-la-casa","tag-mosquito","tag-objetivo-dengue","tag-presencia","tag-vector","post_format-post-format-image"],"jetpack_publicize_connections":[],"jetpack_featured_media_url":"https:\/\/armstrongyregion.com.ar\/diario\/wp-content\/uploads\/2024\/10\/mosquitos-.jpg","jetpack_shortlink":"https:\/\/wp.me\/p62QDO-bw2","jetpack_sharing_enabled":true,"amp_enabled":true,"_links":{"self":[{"href":"https:\/\/armstrongyregion.com.ar\/diario\/wp-json\/wp\/v2\/posts\/44270","targetHints":{"allow":["GET"]}}],"collection":[{"href":"https:\/\/armstrongyregion.com.ar\/diario\/wp-json\/wp\/v2\/posts"}],"about":[{"href":"https:\/\/armstrongyregion.com.ar\/diario\/wp-json\/wp\/v2\/types\/post"}],"author":[{"embeddable":true,"href":"https:\/\/armstrongyregion.com.ar\/diario\/wp-json\/wp\/v2\/users\/1"}],"replies":[{"embeddable":true,"href":"https:\/\/armstrongyregion.com.ar\/diario\/wp-json\/wp\/v2\/comments?post=44270"}],"version-history":[{"count":1,"href":"https:\/\/armstrongyregion.com.ar\/diario\/wp-json\/wp\/v2\/posts\/44270\/revisions"}],"predecessor-version":[{"id":44272,"href":"https:\/\/armstrongyregion.com.ar\/diario\/wp-json\/wp\/v2\/posts\/44270\/revisions\/44272"}],"wp:featuredmedia":[{"embeddable":true,"href":"https:\/\/armstrongyregion.com.ar\/diario\/wp-json\/wp\/v2\/media\/44271"}],"wp:attachment":[{"href":"https:\/\/armstrongyregion.com.ar\/diario\/wp-json\/wp\/v2\/media?parent=44270"}],"wp:term":[{"taxonomy":"category","embeddable":true,"href":"https:\/\/armstrongyregion.com.ar\/diario\/wp-json\/wp\/v2\/categories?post=44270"},{"taxonomy":"post_tag","embeddable":true,"href":"https:\/\/armstrongyregion.com.ar\/diario\/wp-json\/wp\/v2\/tags?post=44270"}],"curies":[{"name":"wp","href":"https:\/\/api.w.org\/{rel}","templated":true}]}}