{"id":44260,"date":"2024-10-08T01:54:27","date_gmt":"2024-10-08T01:54:27","guid":{"rendered":"https:\/\/armstrongyregion.com.ar\/diario\/?p=44260"},"modified":"2024-10-08T01:54:30","modified_gmt":"2024-10-08T01:54:30","slug":"armstrong-avanzan-los-cursos-de-formacion-profesional","status":"publish","type":"post","link":"https:\/\/armstrongyregion.com.ar\/diario\/armstrong-avanzan-los-cursos-de-formacion-profesional\/","title":{"rendered":"Armstrong. Avanzan los cursos de formaci\u00f3n profesional."},"content":{"rendered":"\n<figure class=\"wp-block-image size-large\"><a href=\"http:\/\/armstrongyregion.com.ar\/diario\/wp-content\/uploads\/2024\/10\/Cursos-de-formacion-profesional-1.jpg\"><img loading=\"lazy\" decoding=\"async\" width=\"1024\" height=\"683\" src=\"http:\/\/armstrongyregion.com.ar\/diario\/wp-content\/uploads\/2024\/10\/Cursos-de-formacion-profesional-1-1024x683.jpg\" alt=\"\" class=\"wp-image-44261\" srcset=\"https:\/\/armstrongyregion.com.ar\/diario\/wp-content\/uploads\/2024\/10\/Cursos-de-formacion-profesional-1-1024x683.jpg 1024w, https:\/\/armstrongyregion.com.ar\/diario\/wp-content\/uploads\/2024\/10\/Cursos-de-formacion-profesional-1-300x200.jpg 300w, https:\/\/armstrongyregion.com.ar\/diario\/wp-content\/uploads\/2024\/10\/Cursos-de-formacion-profesional-1-768x512.jpg 768w, https:\/\/armstrongyregion.com.ar\/diario\/wp-content\/uploads\/2024\/10\/Cursos-de-formacion-profesional-1.jpg 1273w\" sizes=\"auto, (max-width: 1024px) 100vw, 1024px\" \/><\/a><\/figure>\n\n\n\n<p><strong>A partir de un acta acuerdo firmado entre el Gobierno Provincial, Municipalidad de Armstrong y el Centro de Capacitaci\u00f3n Laboral (CECLA) N\u00b0 111, avanzan los cursos de formaci\u00f3n profesional de construcci\u00f3n en seco, y mantenimiento de edificios, ambos dictados por el Sr. Jorge Duca.<\/strong><\/p>\n\n\n\n<figure class=\"wp-block-image size-large\"><a href=\"http:\/\/armstrongyregion.com.ar\/diario\/wp-content\/uploads\/2024\/10\/Cursos-de-formacion-profesional-3.jpg\"><img loading=\"lazy\" decoding=\"async\" width=\"1024\" height=\"768\" src=\"http:\/\/armstrongyregion.com.ar\/diario\/wp-content\/uploads\/2024\/10\/Cursos-de-formacion-profesional-3-1024x768.jpg\" alt=\"\" class=\"wp-image-44262\" srcset=\"https:\/\/armstrongyregion.com.ar\/diario\/wp-content\/uploads\/2024\/10\/Cursos-de-formacion-profesional-3-1024x768.jpg 1024w, https:\/\/armstrongyregion.com.ar\/diario\/wp-content\/uploads\/2024\/10\/Cursos-de-formacion-profesional-3-300x225.jpg 300w, https:\/\/armstrongyregion.com.ar\/diario\/wp-content\/uploads\/2024\/10\/Cursos-de-formacion-profesional-3-768x576.jpg 768w, https:\/\/armstrongyregion.com.ar\/diario\/wp-content\/uploads\/2024\/10\/Cursos-de-formacion-profesional-3.jpg 1280w\" sizes=\"auto, (max-width: 1024px) 100vw, 1024px\" \/><\/a><\/figure>\n\n\n\n<p><br>Se trata de capacitaciones que ofrecen una r\u00e1pida salida laboral y que reciben gran cantidad de asistentes quienes, una vez finalizado el cursado, reciben su certificado emitido por el Ministerio de Educaci\u00f3n provincial.<\/p>\n\n\n\n<figure class=\"wp-block-image size-large\"><a href=\"http:\/\/armstrongyregion.com.ar\/diario\/wp-content\/uploads\/2024\/10\/Cursos-de-formacion-profesional-4.jpg\"><img loading=\"lazy\" decoding=\"async\" width=\"1024\" height=\"682\" src=\"http:\/\/armstrongyregion.com.ar\/diario\/wp-content\/uploads\/2024\/10\/Cursos-de-formacion-profesional-4-1024x682.jpg\" alt=\"\" class=\"wp-image-44263\" srcset=\"https:\/\/armstrongyregion.com.ar\/diario\/wp-content\/uploads\/2024\/10\/Cursos-de-formacion-profesional-4-1024x682.jpg 1024w, https:\/\/armstrongyregion.com.ar\/diario\/wp-content\/uploads\/2024\/10\/Cursos-de-formacion-profesional-4-300x200.jpg 300w, https:\/\/armstrongyregion.com.ar\/diario\/wp-content\/uploads\/2024\/10\/Cursos-de-formacion-profesional-4-768x512.jpg 768w, https:\/\/armstrongyregion.com.ar\/diario\/wp-content\/uploads\/2024\/10\/Cursos-de-formacion-profesional-4.jpg 1280w\" sizes=\"auto, (max-width: 1024px) 100vw, 1024px\" \/><\/a><\/figure>\n\n\n\n<p><br>El curso de mantenimiento de edificios tiene dos a\u00f1os de duraci\u00f3n, multidisciplinaria. Durante el primer a\u00f1o, el primer trimestre es destinado a electricidad con conceptos te\u00f3ricos y t\u00e9cnicos (amperaje, voltaje, unidades, formas de medirlo, precauciones y medidas de seguridad), reparaci\u00f3n de electrodom\u00e9sticos (cambio de carbones, bujes, ventiladores, planchas, hornos el\u00e9ctricos), muy pr\u00e1ctico.<\/p>\n\n\n\n<figure class=\"wp-block-image size-large\"><a href=\"http:\/\/armstrongyregion.com.ar\/diario\/wp-content\/uploads\/2024\/10\/Cursos-de-formacion-profesional-5.jpg\"><img loading=\"lazy\" decoding=\"async\" width=\"1024\" height=\"768\" src=\"http:\/\/armstrongyregion.com.ar\/diario\/wp-content\/uploads\/2024\/10\/Cursos-de-formacion-profesional-5-1024x768.jpg\" alt=\"\" class=\"wp-image-44264\" srcset=\"https:\/\/armstrongyregion.com.ar\/diario\/wp-content\/uploads\/2024\/10\/Cursos-de-formacion-profesional-5-1024x768.jpg 1024w, https:\/\/armstrongyregion.com.ar\/diario\/wp-content\/uploads\/2024\/10\/Cursos-de-formacion-profesional-5-300x225.jpg 300w, https:\/\/armstrongyregion.com.ar\/diario\/wp-content\/uploads\/2024\/10\/Cursos-de-formacion-profesional-5-768x576.jpg 768w, https:\/\/armstrongyregion.com.ar\/diario\/wp-content\/uploads\/2024\/10\/Cursos-de-formacion-profesional-5.jpg 1280w\" sizes=\"auto, (max-width: 1024px) 100vw, 1024px\" \/><\/a><\/figure>\n\n\n\n<p><br>En el segundo trimestre se aborda el tema plomer\u00eda (presi\u00f3n, caudal, niveles, etc), dispositivos y artefactos. El tercer trimestre es referido a gas, siempre conceptos te\u00f3ricos, medidas de seguridad y limitantes, reparaci\u00f3n y limpieza de artefactos, e instalaciones m\u00ednimas como calefactores.<\/p>\n\n\n\n<figure class=\"wp-block-image size-large\"><a href=\"http:\/\/armstrongyregion.com.ar\/diario\/wp-content\/uploads\/2024\/10\/Cursos-de-formacion-profesional-6.jpg\"><img loading=\"lazy\" decoding=\"async\" width=\"1024\" height=\"682\" src=\"http:\/\/armstrongyregion.com.ar\/diario\/wp-content\/uploads\/2024\/10\/Cursos-de-formacion-profesional-6-1024x682.jpg\" alt=\"\" class=\"wp-image-44265\" srcset=\"https:\/\/armstrongyregion.com.ar\/diario\/wp-content\/uploads\/2024\/10\/Cursos-de-formacion-profesional-6-1024x682.jpg 1024w, https:\/\/armstrongyregion.com.ar\/diario\/wp-content\/uploads\/2024\/10\/Cursos-de-formacion-profesional-6-300x200.jpg 300w, https:\/\/armstrongyregion.com.ar\/diario\/wp-content\/uploads\/2024\/10\/Cursos-de-formacion-profesional-6-768x512.jpg 768w, https:\/\/armstrongyregion.com.ar\/diario\/wp-content\/uploads\/2024\/10\/Cursos-de-formacion-profesional-6.jpg 1280w\" sizes=\"auto, (max-width: 1024px) 100vw, 1024px\" \/><\/a><\/figure>\n\n\n\n<p><br>Ya en el segundo a\u00f1o, la primera parte: herramientas y materiales de construcci\u00f3n en seco, en el segundo trimestre se ofrecen conocimientos sobre metal mec\u00e1nica, m\u00e1s precisamente aberturas (puertas, colocaci\u00f3n de vidrios, cambio de correas y reemplazo de persianas, etc), y el tercer y \u00faltimo trimestre referido a pintura de obra (restauraci\u00f3n de paredes, pinceles, rodillos, fileteados, medidas de seguridad, etc.)<br>En cuanto a construcci\u00f3n en seco, los participantes se encuentran aplicando el aprendizaje en las instalaciones de la Escuela Taller donde funciona la UTN en nuestra ciudad, tomando medidas y colocando perfiler\u00eda para hacer los cajones revestidos en placas cementicias. Dentro de dichos cajones est\u00e1n instalados los ca\u00f1os de tiro balanceado U, sistema de tiraje de los calefactores de la planta baja que sube al primer piso, terminaci\u00f3n con silicona, y pintura.<br>El programa de estudio incluye tabiquer\u00eda, cielos rasos, revestimientos y\/o cajones de cortinas, masillado, herramientas de trabajo, entre otros temas. Esta capacitaci\u00f3n tiene una duraci\u00f3n de un a\u00f1o.<\/p>\n","protected":false},"excerpt":{"rendered":"<p>Armstrong. Avanzan los cursos de formaci\u00f3n profesional.<\/p>\n","protected":false},"author":1,"featured_media":44261,"comment_status":"open","ping_status":"open","sticky":false,"template":"","format":"image","meta":{"_jetpack_memberships_contains_paid_content":false,"footnotes":"","jetpack_publicize_message":"","jetpack_publicize_feature_enabled":true,"jetpack_social_post_already_shared":true,"jetpack_social_options":{"image_generator_settings":{"template":"highway","default_image_id":0,"enabled":false},"version":2}},"categories":[8,1,2,7,3],"tags":[20,2400,1255,19,10721,527,8777,42,11094],"class_list":["post-44260","post","type-post","status-publish","format-image","has-post-thumbnail","hentry","category-deliberando","category-diario-armstrong","category-locales","category-politica","category-region","tag-armstrong","tag-avanzan","tag-cursos","tag-de","tag-diario-armstrong-region","tag-formacion","tag-lic-graciela-de-la-casa","tag-los","tag-profesional","post_format-post-format-image"],"jetpack_publicize_connections":[],"jetpack_featured_media_url":"https:\/\/armstrongyregion.com.ar\/diario\/wp-content\/uploads\/2024\/10\/Cursos-de-formacion-profesional-1.jpg","jetpack_shortlink":"https:\/\/wp.me\/p62QDO-bvS","jetpack_sharing_enabled":true,"amp_enabled":true,"_links":{"self":[{"href":"https:\/\/armstrongyregion.com.ar\/diario\/wp-json\/wp\/v2\/posts\/44260","targetHints":{"allow":["GET"]}}],"collection":[{"href":"https:\/\/armstrongyregion.com.ar\/diario\/wp-json\/wp\/v2\/posts"}],"about":[{"href":"https:\/\/armstrongyregion.com.ar\/diario\/wp-json\/wp\/v2\/types\/post"}],"author":[{"embeddable":true,"href":"https:\/\/armstrongyregion.com.ar\/diario\/wp-json\/wp\/v2\/users\/1"}],"replies":[{"embeddable":true,"href":"https:\/\/armstrongyregion.com.ar\/diario\/wp-json\/wp\/v2\/comments?post=44260"}],"version-history":[{"count":1,"href":"https:\/\/armstrongyregion.com.ar\/diario\/wp-json\/wp\/v2\/posts\/44260\/revisions"}],"predecessor-version":[{"id":44266,"href":"https:\/\/armstrongyregion.com.ar\/diario\/wp-json\/wp\/v2\/posts\/44260\/revisions\/44266"}],"wp:featuredmedia":[{"embeddable":true,"href":"https:\/\/armstrongyregion.com.ar\/diario\/wp-json\/wp\/v2\/media\/44261"}],"wp:attachment":[{"href":"https:\/\/armstrongyregion.com.ar\/diario\/wp-json\/wp\/v2\/media?parent=44260"}],"wp:term":[{"taxonomy":"category","embeddable":true,"href":"https:\/\/armstrongyregion.com.ar\/diario\/wp-json\/wp\/v2\/categories?post=44260"},{"taxonomy":"post_tag","embeddable":true,"href":"https:\/\/armstrongyregion.com.ar\/diario\/wp-json\/wp\/v2\/tags?post=44260"}],"curies":[{"name":"wp","href":"https:\/\/api.w.org\/{rel}","templated":true}]}}