{"id":44244,"date":"2024-10-06T20:42:52","date_gmt":"2024-10-06T20:42:52","guid":{"rendered":"https:\/\/armstrongyregion.com.ar\/diario\/?p=44244"},"modified":"2024-10-06T20:42:54","modified_gmt":"2024-10-06T20:42:54","slug":"marcos-di-santo-asumio-como-secretario-general-del-partido-justicialista-en-las-rosas","status":"publish","type":"post","link":"https:\/\/armstrongyregion.com.ar\/diario\/marcos-di-santo-asumio-como-secretario-general-del-partido-justicialista-en-las-rosas\/","title":{"rendered":"Marcos Di Santo asumi\u00f3 como Secretario General del Partido Justicialista en Las Rosas."},"content":{"rendered":"\n<figure class=\"wp-block-image size-full\"><a href=\"http:\/\/armstrongyregion.com.ar\/diario\/wp-content\/uploads\/2024\/10\/marcos-pj-1.jpg\"><img loading=\"lazy\" decoding=\"async\" width=\"575\" height=\"365\" src=\"http:\/\/armstrongyregion.com.ar\/diario\/wp-content\/uploads\/2024\/10\/marcos-pj-1.jpg\" alt=\"\" class=\"wp-image-44245\" srcset=\"https:\/\/armstrongyregion.com.ar\/diario\/wp-content\/uploads\/2024\/10\/marcos-pj-1.jpg 575w, https:\/\/armstrongyregion.com.ar\/diario\/wp-content\/uploads\/2024\/10\/marcos-pj-1-300x190.jpg 300w\" sizes=\"auto, (max-width: 575px) 100vw, 575px\" \/><\/a><\/figure>\n\n\n\n<h2 class=\"wp-block-heading\">Tambi\u00e9n se entregaron diplomas a nuevos integrantes del concejo Departamental, y estuvo presente el presidente provincial del PJ Guillermo Cornaglia.<\/h2>\n\n\n\n<figure class=\"wp-block-image size-full\"><a href=\"http:\/\/armstrongyregion.com.ar\/diario\/wp-content\/uploads\/2024\/10\/chabella-pj-2-.jpg\"><img loading=\"lazy\" decoding=\"async\" width=\"582\" height=\"391\" src=\"http:\/\/armstrongyregion.com.ar\/diario\/wp-content\/uploads\/2024\/10\/chabella-pj-2-.jpg\" alt=\"\" class=\"wp-image-44246\" srcset=\"https:\/\/armstrongyregion.com.ar\/diario\/wp-content\/uploads\/2024\/10\/chabella-pj-2-.jpg 582w, https:\/\/armstrongyregion.com.ar\/diario\/wp-content\/uploads\/2024\/10\/chabella-pj-2--300x202.jpg 300w\" sizes=\"auto, (max-width: 582px) 100vw, 582px\" \/><\/a><\/figure>\n\n\n\n<p>En un acto celebrado en la Unidad B\u00e1sica de Las Parejas, Marcos Di Santo asumi\u00f3 como nuevo Secretario General del Partido Justicialista rosense, acompa\u00f1ado por Daniela Correa, representante Departamental de la Juventud.<\/p>\n\n\n\n<p>Durante el evento, tambi\u00e9n se entregaron diplomas a nuevos integrantes del Consejo Departamental: Daiana Zabala, Yazm\u00edn Cabrera, Jorge Larramendi y Carlos Ulla; destacando la presencia del Presidente del PJ Provincial, Guillermo Cornaglia.<\/p>\n\n\n\n<p>El encuentro reuni\u00f3 a autoridades de todo el Departamento Belgrano, marcando un nuevo cap\u00edtulo en la pol\u00edtica justicialista con la incorporaci\u00f3n de j\u00f3venes l\u00edderes al consejo.<\/p>\n\n\n\n<p>Fuente: Las Rosas Digital.<\/p>\n","protected":false},"excerpt":{"rendered":"<p>Marcos Di Santo asumi\u00f3 como Secretario General del Partido Justicialista en Las Rosas.<\/p>\n","protected":false},"author":1,"featured_media":44245,"comment_status":"open","ping_status":"open","sticky":false,"template":"","format":"image","meta":{"_jetpack_memberships_contains_paid_content":false,"footnotes":"","jetpack_publicize_message":"","jetpack_publicize_feature_enabled":true,"jetpack_social_post_already_shared":true,"jetpack_social_options":{"image_generator_settings":{"template":"highway","default_image_id":0,"enabled":false},"version":2}},"categories":[8,1,2,7,3],"tags":[5030,1347,8883,8777,11085,11086,1945],"class_list":["post-44244","post","type-post","status-publish","format-image","has-post-thumbnail","hentry","category-deliberando","category-diario-armstrong","category-locales","category-politica","category-region","tag-diario-armstrong","tag-general","tag-las-rosas-2","tag-lic-graciela-de-la-casa","tag-marcos-di-santo","tag-partido-justicialista","tag-secretario","post_format-post-format-image"],"jetpack_publicize_connections":[],"jetpack_featured_media_url":"https:\/\/armstrongyregion.com.ar\/diario\/wp-content\/uploads\/2024\/10\/marcos-pj-1.jpg","jetpack_shortlink":"https:\/\/wp.me\/p62QDO-bvC","jetpack_sharing_enabled":true,"amp_enabled":true,"_links":{"self":[{"href":"https:\/\/armstrongyregion.com.ar\/diario\/wp-json\/wp\/v2\/posts\/44244","targetHints":{"allow":["GET"]}}],"collection":[{"href":"https:\/\/armstrongyregion.com.ar\/diario\/wp-json\/wp\/v2\/posts"}],"about":[{"href":"https:\/\/armstrongyregion.com.ar\/diario\/wp-json\/wp\/v2\/types\/post"}],"author":[{"embeddable":true,"href":"https:\/\/armstrongyregion.com.ar\/diario\/wp-json\/wp\/v2\/users\/1"}],"replies":[{"embeddable":true,"href":"https:\/\/armstrongyregion.com.ar\/diario\/wp-json\/wp\/v2\/comments?post=44244"}],"version-history":[{"count":1,"href":"https:\/\/armstrongyregion.com.ar\/diario\/wp-json\/wp\/v2\/posts\/44244\/revisions"}],"predecessor-version":[{"id":44247,"href":"https:\/\/armstrongyregion.com.ar\/diario\/wp-json\/wp\/v2\/posts\/44244\/revisions\/44247"}],"wp:featuredmedia":[{"embeddable":true,"href":"https:\/\/armstrongyregion.com.ar\/diario\/wp-json\/wp\/v2\/media\/44245"}],"wp:attachment":[{"href":"https:\/\/armstrongyregion.com.ar\/diario\/wp-json\/wp\/v2\/media?parent=44244"}],"wp:term":[{"taxonomy":"category","embeddable":true,"href":"https:\/\/armstrongyregion.com.ar\/diario\/wp-json\/wp\/v2\/categories?post=44244"},{"taxonomy":"post_tag","embeddable":true,"href":"https:\/\/armstrongyregion.com.ar\/diario\/wp-json\/wp\/v2\/tags?post=44244"}],"curies":[{"name":"wp","href":"https:\/\/api.w.org\/{rel}","templated":true}]}}