{"id":44228,"date":"2024-10-04T19:36:24","date_gmt":"2024-10-04T19:36:24","guid":{"rendered":"https:\/\/armstrongyregion.com.ar\/diario\/?p=44228"},"modified":"2024-10-04T20:36:00","modified_gmt":"2024-10-04T20:36:00","slug":"convocatoria-asamblea-general-ordinaria-bomberos-voluntarios-de-armstrong","status":"publish","type":"post","link":"https:\/\/armstrongyregion.com.ar\/diario\/convocatoria-asamblea-general-ordinaria-bomberos-voluntarios-de-armstrong\/","title":{"rendered":"Convocatoria Asamblea General Ordinaria Bomberos Voluntarios de Armstrong."},"content":{"rendered":"\n<figure class=\"wp-block-image size-full\"><a href=\"http:\/\/armstrongyregion.com.ar\/diario\/wp-content\/uploads\/2023\/04\/bomberos-logo.jpg\"><img loading=\"lazy\" decoding=\"async\" width=\"768\" height=\"768\" src=\"http:\/\/armstrongyregion.com.ar\/diario\/wp-content\/uploads\/2023\/04\/bomberos-logo.jpg\" alt=\"\" class=\"wp-image-38283\" srcset=\"https:\/\/armstrongyregion.com.ar\/diario\/wp-content\/uploads\/2023\/04\/bomberos-logo.jpg 768w, https:\/\/armstrongyregion.com.ar\/diario\/wp-content\/uploads\/2023\/04\/bomberos-logo-300x300.jpg 300w, https:\/\/armstrongyregion.com.ar\/diario\/wp-content\/uploads\/2023\/04\/bomberos-logo-150x150.jpg 150w\" sizes=\"auto, (max-width: 768px) 100vw, 768px\" \/><\/a><\/figure>\n\n\n\n<p>Armstrong, 20 de septiembre de 2024.<\/p>\n\n\n\n<p>Se\u00f1ores Asociados:<\/p>\n\n\n\n<p>Se convoca a los se\u00f1ores asociados a Asamblea General Ordinaria conforme al art\u00edculo 27 y<br>28, a celebrarse el d\u00eda 14 de octubre de 2024, a las 20:00 hs en primera convocatoria y a las<br>21:00hs en segunda convocatoria, en el sal\u00f3n de reuniones de la Asociaci\u00f3n de Bomberos<br>Voluntarios en Bv. Sanguinetti no 1927 de la ciudad de Armstrong, Departamento Belgrano, Provincia<br>de Santa Fe para tratar el siguiente:<\/p>\n\n\n\n<p>ORDEN DEL DIA:<br>1) Elecci\u00f3n de un socio para que presida la Asamblea.<br>2) Designaci\u00f3n de dos asamble\u00edstas para que conjuntamente con el presidente y secretario<br>aprueben y firmen el Acta de Asamblea. \u2013<br>3) Consideraci\u00f3n de la Memoria Anual, Balance General e Informe del Sindico correspondiente al<br>ejercicio N\u00b0 50, finalizado al 4 de mayo de 2024.-<br>4) Renovaci\u00f3n parcial del Consejo Directivo: Designaci\u00f3n de un (1) vicepresidente. (1)<br>prosecretario. (1) protesorero. (1) vocal titular. Elecci\u00f3n de dos (2) Vocales Suplentes.<br>Elecci\u00f3n de un (1) Sindico Suplente.<\/p>\n\n\n\n<p><\/p>\n","protected":false},"excerpt":{"rendered":"<p>Convocatoria Asamblea General Ordinaria Bomberos Voluntarios de Armstrong.<\/p>\n","protected":false},"author":1,"featured_media":38283,"comment_status":"open","ping_status":"open","sticky":false,"template":"","format":"image","meta":{"_jetpack_memberships_contains_paid_content":false,"footnotes":"","jetpack_publicize_message":"","jetpack_publicize_feature_enabled":true,"jetpack_social_post_already_shared":true,"jetpack_social_options":{"image_generator_settings":{"template":"highway","default_image_id":0,"enabled":false},"version":2}},"categories":[8,1,2,7,3],"tags":[20,1346,352,451,1347,9092,353],"class_list":["post-44228","post","type-post","status-publish","format-image","has-post-thumbnail","hentry","category-deliberando","category-diario-armstrong","category-locales","category-politica","category-region","tag-armstrong","tag-asamblea","tag-bomberos","tag-convocatoria","tag-general","tag-ordinaria-2","tag-voluntarios","post_format-post-format-image"],"jetpack_publicize_connections":[],"jetpack_featured_media_url":"https:\/\/armstrongyregion.com.ar\/diario\/wp-content\/uploads\/2023\/04\/bomberos-logo.jpg","jetpack_shortlink":"https:\/\/wp.me\/p62QDO-bvm","jetpack_sharing_enabled":true,"amp_enabled":true,"_links":{"self":[{"href":"https:\/\/armstrongyregion.com.ar\/diario\/wp-json\/wp\/v2\/posts\/44228","targetHints":{"allow":["GET"]}}],"collection":[{"href":"https:\/\/armstrongyregion.com.ar\/diario\/wp-json\/wp\/v2\/posts"}],"about":[{"href":"https:\/\/armstrongyregion.com.ar\/diario\/wp-json\/wp\/v2\/types\/post"}],"author":[{"embeddable":true,"href":"https:\/\/armstrongyregion.com.ar\/diario\/wp-json\/wp\/v2\/users\/1"}],"replies":[{"embeddable":true,"href":"https:\/\/armstrongyregion.com.ar\/diario\/wp-json\/wp\/v2\/comments?post=44228"}],"version-history":[{"count":2,"href":"https:\/\/armstrongyregion.com.ar\/diario\/wp-json\/wp\/v2\/posts\/44228\/revisions"}],"predecessor-version":[{"id":44236,"href":"https:\/\/armstrongyregion.com.ar\/diario\/wp-json\/wp\/v2\/posts\/44228\/revisions\/44236"}],"wp:featuredmedia":[{"embeddable":true,"href":"https:\/\/armstrongyregion.com.ar\/diario\/wp-json\/wp\/v2\/media\/38283"}],"wp:attachment":[{"href":"https:\/\/armstrongyregion.com.ar\/diario\/wp-json\/wp\/v2\/media?parent=44228"}],"wp:term":[{"taxonomy":"category","embeddable":true,"href":"https:\/\/armstrongyregion.com.ar\/diario\/wp-json\/wp\/v2\/categories?post=44228"},{"taxonomy":"post_tag","embeddable":true,"href":"https:\/\/armstrongyregion.com.ar\/diario\/wp-json\/wp\/v2\/tags?post=44228"}],"curies":[{"name":"wp","href":"https:\/\/api.w.org\/{rel}","templated":true}]}}