{"id":44225,"date":"2024-10-04T00:42:10","date_gmt":"2024-10-04T00:42:10","guid":{"rendered":"https:\/\/armstrongyregion.com.ar\/diario\/?p=44225"},"modified":"2024-10-04T00:42:13","modified_gmt":"2024-10-04T00:42:13","slug":"paritarias-no-hubo-oferta-salarial-para-docentes-y-estatales-y-vuelven-a-encontrarse-la-semana-proxima","status":"publish","type":"post","link":"https:\/\/armstrongyregion.com.ar\/diario\/paritarias-no-hubo-oferta-salarial-para-docentes-y-estatales-y-vuelven-a-encontrarse-la-semana-proxima\/","title":{"rendered":"Paritarias: no hubo oferta salarial para docentes y estatales y vuelven a encontrarse la semana pr\u00f3xima."},"content":{"rendered":"\n<figure class=\"wp-block-image size-full\"><a href=\"http:\/\/armstrongyregion.com.ar\/diario\/wp-content\/uploads\/2024\/10\/paritaria-3-10-24-.jpg\"><img loading=\"lazy\" decoding=\"async\" width=\"645\" height=\"433\" src=\"http:\/\/armstrongyregion.com.ar\/diario\/wp-content\/uploads\/2024\/10\/paritaria-3-10-24-.jpg\" alt=\"\" class=\"wp-image-44226\" srcset=\"https:\/\/armstrongyregion.com.ar\/diario\/wp-content\/uploads\/2024\/10\/paritaria-3-10-24-.jpg 645w, https:\/\/armstrongyregion.com.ar\/diario\/wp-content\/uploads\/2024\/10\/paritaria-3-10-24--300x201.jpg 300w\" sizes=\"auto, (max-width: 645px) 100vw, 645px\" \/><\/a><\/figure>\n\n\n\n<h2 class=\"wp-block-heading\">El gobierno de Santa Fe recibi\u00f3 por la ma\u00f1ana a trabajadores de la administraci\u00f3n central y por la tarde a maestros de Amsaf\u00e9 y Sadop. El ministro de Educaci\u00f3n, Jos\u00e9 Goity,\u00a0dijo que en la \u00faltima propuesta no se alcanz\u00f3 la inflaci\u00f3n y que en funci\u00f3n de ello har\u00e1n una oferta. Los docentes, en cambio, dicen que perdieron poder adquisitivo y exigen subas acordes.<\/h2>\n\n\n\n<p>Los<strong>&nbsp;gremios de trabajadores estatales y docentes<\/strong>&nbsp;de la provincia participaron este jueves de una nueva reuni\u00f3n paritaria con funcionarios del gobierno de la provincia. En los encuentros&nbsp;<strong>no hubo oferta salarial&nbsp;<\/strong>y pasaron a un&nbsp;<strong>cuarto intermedio hasta el mi\u00e9rcoles de la semana pr\u00f3xima<\/strong>. Se espera que este viernes concurran los profesionales de la salud a una primera reuni\u00f3n que seguramente tambi\u00e9n se retomar\u00e1 la semana que viene.<\/p>\n\n\n\n<p>Durante la ma\u00f1ana concurrieron los<strong>&nbsp;estatales de ATE y UPCN con el objetivo de empezar a analizar un acuerdo&nbsp;<\/strong>que ser\u00eda trimestral, por el per\u00edodo octubre \u2013 diciembre. En tanto, desde las 15 y hasta cerca de las 17 fue el turno de los maestros agrupados en Amsaf\u00e9 y Sadop en la sede del Ministerio de Trabajo de Santa Fe.<\/p>\n\n\n\n<p>Al t\u00e9rmino de la reuni\u00f3n, el secretario general de Amsaf\u00e9, Rodrigo Alonso, resumi\u00f3 a la prensa que el encuentro paritario&nbsp;<strong>fue tenso&nbsp;<\/strong>por los planteos de&nbsp;los docentes santafesinos, sobre todo por el&nbsp;<strong>enojo&nbsp;por la reforma previsional<\/strong>.<\/p>\n\n\n\n<p>\u201cNo hubo propuesta salarial. Hoy se dijo que hagamos todos los planteos. Entonces, queremos que se pague la deuda de la pauta salarial de 2023, todo<strong>&nbsp;lo que perdimos en 2024<\/strong>&nbsp;y no perder de ac\u00e1 a fin de a\u00f1o\u201d, sintetiz\u00f3 el dirigente del gremio de docentes p\u00fablicos.<\/p>\n\n\n\n<p><\/p>\n","protected":false},"excerpt":{"rendered":"<p>Paritarias: no hubo oferta salarial para docentes y estatales y vuelven a encontrarse la semana pr\u00f3xima.<\/p>\n","protected":false},"author":1,"featured_media":44226,"comment_status":"open","ping_status":"open","sticky":false,"template":"","format":"image","meta":{"_jetpack_memberships_contains_paid_content":false,"footnotes":"","jetpack_publicize_message":"","jetpack_publicize_feature_enabled":true,"jetpack_social_post_already_shared":true,"jetpack_social_options":{"image_generator_settings":{"template":"highway","default_image_id":0,"enabled":false},"version":2}},"categories":[8,1,2,7,3],"tags":[10721,2635,8759,2259,8777,11081,81,3407],"class_list":["post-44225","post","type-post","status-publish","format-image","has-post-thumbnail","hentry","category-deliberando","category-diario-armstrong","category-locales","category-politica","category-region","tag-diario-armstrong-region","tag-docentes","tag-estatales","tag-hubo","tag-lic-graciela-de-la-casa","tag-oferta-salarial","tag-para","tag-paritarias","post_format-post-format-image"],"jetpack_publicize_connections":[],"jetpack_featured_media_url":"https:\/\/armstrongyregion.com.ar\/diario\/wp-content\/uploads\/2024\/10\/paritaria-3-10-24-.jpg","jetpack_shortlink":"https:\/\/wp.me\/p62QDO-bvj","jetpack_sharing_enabled":true,"amp_enabled":true,"_links":{"self":[{"href":"https:\/\/armstrongyregion.com.ar\/diario\/wp-json\/wp\/v2\/posts\/44225","targetHints":{"allow":["GET"]}}],"collection":[{"href":"https:\/\/armstrongyregion.com.ar\/diario\/wp-json\/wp\/v2\/posts"}],"about":[{"href":"https:\/\/armstrongyregion.com.ar\/diario\/wp-json\/wp\/v2\/types\/post"}],"author":[{"embeddable":true,"href":"https:\/\/armstrongyregion.com.ar\/diario\/wp-json\/wp\/v2\/users\/1"}],"replies":[{"embeddable":true,"href":"https:\/\/armstrongyregion.com.ar\/diario\/wp-json\/wp\/v2\/comments?post=44225"}],"version-history":[{"count":1,"href":"https:\/\/armstrongyregion.com.ar\/diario\/wp-json\/wp\/v2\/posts\/44225\/revisions"}],"predecessor-version":[{"id":44227,"href":"https:\/\/armstrongyregion.com.ar\/diario\/wp-json\/wp\/v2\/posts\/44225\/revisions\/44227"}],"wp:featuredmedia":[{"embeddable":true,"href":"https:\/\/armstrongyregion.com.ar\/diario\/wp-json\/wp\/v2\/media\/44226"}],"wp:attachment":[{"href":"https:\/\/armstrongyregion.com.ar\/diario\/wp-json\/wp\/v2\/media?parent=44225"}],"wp:term":[{"taxonomy":"category","embeddable":true,"href":"https:\/\/armstrongyregion.com.ar\/diario\/wp-json\/wp\/v2\/categories?post=44225"},{"taxonomy":"post_tag","embeddable":true,"href":"https:\/\/armstrongyregion.com.ar\/diario\/wp-json\/wp\/v2\/tags?post=44225"}],"curies":[{"name":"wp","href":"https:\/\/api.w.org\/{rel}","templated":true}]}}