{"id":44219,"date":"2024-10-03T22:58:26","date_gmt":"2024-10-03T22:58:26","guid":{"rendered":"https:\/\/armstrongyregion.com.ar\/diario\/?p=44219"},"modified":"2024-10-03T22:58:28","modified_gmt":"2024-10-03T22:58:28","slug":"goity-en-la-region-centro-hay-un-fuerte-consenso-para-fortalecer-la-educacion-y-los-aprendizajes","status":"publish","type":"post","link":"https:\/\/armstrongyregion.com.ar\/diario\/goity-en-la-region-centro-hay-un-fuerte-consenso-para-fortalecer-la-educacion-y-los-aprendizajes\/","title":{"rendered":"Goity: \u201cEn la Regi\u00f3n Centro hay un fuerte consenso para fortalecer la educaci\u00f3n y los aprendizajes."},"content":{"rendered":"\n<figure class=\"wp-block-image size-full\"><a href=\"http:\/\/armstrongyregion.com.ar\/diario\/wp-content\/uploads\/2024\/10\/parana-goyti.jpg\"><img loading=\"lazy\" decoding=\"async\" width=\"480\" height=\"270\" src=\"http:\/\/armstrongyregion.com.ar\/diario\/wp-content\/uploads\/2024\/10\/parana-goyti.jpg\" alt=\"\" class=\"wp-image-44220\" srcset=\"https:\/\/armstrongyregion.com.ar\/diario\/wp-content\/uploads\/2024\/10\/parana-goyti.jpg 480w, https:\/\/armstrongyregion.com.ar\/diario\/wp-content\/uploads\/2024\/10\/parana-goyti-300x169.jpg 300w\" sizes=\"auto, (max-width: 480px) 100vw, 480px\" \/><\/a><\/figure>\n\n\n\n<h2 class=\"wp-block-heading\">El ministro particip\u00f3 en Paran\u00e1 del segundo encuentro por la Educaci\u00f3n, dentro de la Regi\u00f3n Centro. All\u00ed remarc\u00f3 la importancia de la evaluaci\u00f3n como herramienta para mejorar los aprendizajes. Adem\u00e1s, destac\u00f3 los desaf\u00edos de la provincia de Santa Fe y el fortalecimiento de la agenda educativa de la regi\u00f3n.<\/h2>\n\n\n\n<p>El Centro Provincial de Convenciones de Paran\u00e1 (Entre R\u00edos) fue sede del segundo encuentro educativo de la Regi\u00f3n Centro, que tuvo como tema principal \u201cLa evaluaci\u00f3n como herramienta de mejora en los procesos de ense\u00f1anza y aprendizaje, orientaciones para la construcci\u00f3n de indicadores regionales\u201d. El evento reuni\u00f3 a destacados funcionarios y expertos en educaci\u00f3n y evaluaci\u00f3n de las provincias de Entre R\u00edos, C\u00f3rdoba y Santa Fe.<\/p>\n\n\n\n<p>La apertura de la actividad estuvo a cargo del gobernador de la Provincia de Entre R\u00edos, Rogelio Frigerio junto al secretario de Educaci\u00f3n de la Naci\u00f3n, Jos\u00e9 Thomas; la presidente del Consejo General de Educaci\u00f3n (CGE) de Entre R\u00edos, Alicia Fregonese; el ministro de Educaci\u00f3n de Santa Fe, Jos\u00e9 Goity y el ministro de Educaci\u00f3n de C\u00f3rdoba, Horacio Ferreyra.&nbsp;<\/p>\n\n\n\n<p>Goity, disert\u00f3 sobre \u201cSistemas nominales en la educaci\u00f3n. Una herramienta clave para mejorar la calidad de los aprendizajes\u201d y comparti\u00f3 panel con sus pares, Alicia Fregonese y Horacio Ferreyra. En la oportunidad, destac\u00f3 la importancia de la Regi\u00f3n Centro \u201ccomo un instrumento pol\u00edtico, de pol\u00edtica p\u00fablica y de fortalecimiento del federalismo y de las regiones\u201d, al tiempo que agreg\u00f3 que \u201cla actividad de hoy implica un fuerte consenso educativo para fortalecer la educaci\u00f3n y los aprendizajes\u201d.&nbsp;<\/p>\n\n\n\n<figure class=\"wp-block-image\"><img decoding=\"async\" src=\"https:\/\/ci3.googleusercontent.com\/meips\/ADKq_NYQ2qJ3ibcOr5cv2R7Av_-zNS_quotOHH4a9013JPxl9OrWBffiR1ibKQavyI6Rg175BRYQ9QY3a4eN0ULEdPmKa6VdQYlubxztgiddffCdNR-elxAFV8d1I9fo6X5VC7Oy-X1IDlTCFD7e6_g=s0-d-e1-ft#https:\/\/www.santafe.gov.ar\/noticias\/recursos\/fotos\/2024\/10\/2024-10-03NID_281354O_2.jpeg\" alt=\"\"\/><\/figure>\n\n\n\n<p>Respecto a la evaluaci\u00f3n como herramienta para mejorar los procesos de ense\u00f1anza y aprendizajes Goity indic\u00f3 \u201chay que evaluar, mejorar el r\u00e9gimen docente y cambiar mucha normativa porque no estamos teniendo los resultados que deber\u00edamos tener en funci\u00f3n de los recursos que estamos destinando. Entonces tenemos que empezar a transformar y a cambiar la matriz de c\u00f3mo funciona el sistema educativo\u201d.<\/p>\n\n\n\n<p><strong>La educaci\u00f3n, prioridad<\/strong><\/p>\n\n\n\n<p>El ministro se refiri\u00f3 a los desaf\u00edos de la provincia de Santa Fe. \u201cHay que tener dispositivos propios de evaluaci\u00f3n que se puedan ir mejorando y que sean asimilados por el propio sistema\u201d, remarc\u00f3 Goity y agreg\u00f3: \u201cEn Santa Fe estamos trabajando para concretar la primera prueba censal de evaluaci\u00f3n de fluidez lectora en segundo grado. Es un gran desaf\u00edo por la escala y porque queremos ordenar el sistema\u201d.&nbsp;<\/p>\n\n\n\n<p>Goity manifest\u00f3, adem\u00e1s, que \u201ces un orgullo pertenecer a una provincia y a un gobierno que prioriza la educaci\u00f3n y que invierte en infraestructura escolar, porque sabemos que la educaci\u00f3n es fundamental a\u00fan en un contexto de fuertes restricciones y lo hacemos con eficiencia, orden y racionalidad\u201d.<\/p>\n\n\n\n<figure class=\"wp-block-image\"><img decoding=\"async\" src=\"https:\/\/ci3.googleusercontent.com\/meips\/ADKq_Nbh0uaD0Az-LlGvEH6JSj9DT4i3FPe6Ez0iDcsmxKgDRCLe5q1z4NVDVeTsVMMGTOjnwVL2xyTkCteAlizl7RiexybYOjzo8i3mHaUYvPYcAhp_YyjCGCEm8W6IBO7s3rMInj7KpvXasiDx-SY=s0-d-e1-ft#https:\/\/www.santafe.gov.ar\/noticias\/recursos\/fotos\/2024\/10\/2024-10-03NID_281354O_3.jpeg\" alt=\"\"\/><\/figure>\n\n\n\n<p>Por su parte, el gobernador Frigerio, resalt\u00f3 la necesidad urgente de abordar la calidad educativa. \u201cLos resultados de la evaluaci\u00f3n de fluidez lectora 2023, en casi 200 escuelas de segundo grado son alarmantes, el 80% de los evaluados leen con dificultades. Esto debe motivarnos a resolver el drama de la ca\u00edda de la calidad educativa en nuestro pa\u00eds y en nuestra provincia\u201d.<\/p>\n\n\n\n<p>A su turno, Fregonese expres\u00f3: \u201cEste es un primer paso t\u00e9cnico hacia una evaluaci\u00f3n educativa en la regi\u00f3n que nos permitir\u00e1 conocer la situaci\u00f3n real en las aulas. Necesitamos indicadores que reflejen si nuestras pr\u00e1cticas educativas est\u00e1n impactando en los aprendizajes\u201d.<\/p>\n\n\n\n<p>En tanto, Jos\u00e9 Thomas sostuvo \u201cque la Regi\u00f3n Centro se junte para mejorar en su regi\u00f3n, habla muy bien de esta gesti\u00f3n. Estas nuevas gestiones est\u00e1n empujando con datos y es la forma de poder tomar buenas decisiones en pol\u00edtica general y en pol\u00edtica educativa en particular\u00bb. Finalmente, Ferreyra, anunci\u00f3 que presentar\u00e1n un plan del sistema de evaluaci\u00f3n provincial que incluye dimensiones como el aprendizaje, la evaluaci\u00f3n institucional y el desempe\u00f1o docente.&nbsp;<\/p>\n\n\n\n<figure class=\"wp-block-image\"><img decoding=\"async\" src=\"https:\/\/ci3.googleusercontent.com\/meips\/ADKq_NaUW8IjzYXICtLJ83s4SaVx99SCENIFfgvPuGu5EDyM5twlRbFg6oytiwoU1f07-SVhuaVSHWQjGPyYRA6-11OOBrN_AfiabI9iiyqIistpoI34a_1WMJZ24tYA5f_AVArpZkn4rOO-X2FPKx8=s0-d-e1-ft#https:\/\/www.santafe.gov.ar\/noticias\/recursos\/fotos\/2024\/10\/2024-10-03NID_281354O_4.jpeg\" alt=\"\"\/><\/figure>\n\n\n\n<p><strong>Trabajo en comisiones y firma del Acta Acuerdo&nbsp;<\/strong><\/p>\n\n\n\n<p>Como resultado del encuentro, las tres provincias firmaron un acta de compromiso para fortalecer los sistemas educativos y priorizar la alfabetizaci\u00f3n desde el nivel inicial. El acuerdo incluye la implementaci\u00f3n de la libreta digital y el legajo \u00fanico de alumnos y docentes, el fortalecimiento de los sistemas nominales y del acompa\u00f1amiento de las trayectorias educativas, &nbsp;as\u00ed como la creaci\u00f3n de indicadores regionales que gu\u00eden las pol\u00edticas educativas hacia el a\u00f1o 2030.<\/p>\n\n\n\n<p>El encuentro tambi\u00e9n cont\u00f3 con la participaci\u00f3n de, entre otros, el presidente del Ente Regi\u00f3n Centro e Integraci\u00f3n Regional por Entre R\u00edos, Jorge Chemes; la presidente del Ente Regi\u00f3n Centro e Integraci\u00f3n Regional por Santa Fe, Claudia Giaccone; y la subsecretaria de Informaci\u00f3n y Evaluaci\u00f3n Educativa del Ministerio de Capital Humano de la Naci\u00f3n, Mar\u00eda Cortelezzi.<\/p>\n","protected":false},"excerpt":{"rendered":"<p>Goity: \u201cEn la Regi\u00f3n Centro hay un fuerte consenso para fortalecer la educaci\u00f3n y los aprendizajes.<\/p>\n","protected":false},"author":1,"featured_media":44220,"comment_status":"open","ping_status":"open","sticky":false,"template":"","format":"image","meta":{"_jetpack_memberships_contains_paid_content":false,"footnotes":"","jetpack_publicize_message":"","jetpack_publicize_feature_enabled":true,"jetpack_social_post_already_shared":true,"jetpack_social_options":{"image_generator_settings":{"template":"highway","default_image_id":0,"enabled":false},"version":2}},"categories":[8,1,2,7,3],"tags":[10253,11080,10721,9603,4229,10089,8777,10697,13],"class_list":["post-44219","post","type-post","status-publish","format-image","has-post-thumbnail","hentry","category-deliberando","category-diario-armstrong","category-locales","category-politica","category-region","tag-aprendizajes","tag-consenso-2","tag-diario-armstrong-region","tag-educacion-3","tag-fortalecer","tag-goity","tag-lic-graciela-de-la-casa","tag-region-centro-2","tag-y","post_format-post-format-image"],"jetpack_publicize_connections":[],"jetpack_featured_media_url":"https:\/\/armstrongyregion.com.ar\/diario\/wp-content\/uploads\/2024\/10\/parana-goyti.jpg","jetpack_shortlink":"https:\/\/wp.me\/p62QDO-bvd","jetpack_sharing_enabled":true,"amp_enabled":true,"_links":{"self":[{"href":"https:\/\/armstrongyregion.com.ar\/diario\/wp-json\/wp\/v2\/posts\/44219","targetHints":{"allow":["GET"]}}],"collection":[{"href":"https:\/\/armstrongyregion.com.ar\/diario\/wp-json\/wp\/v2\/posts"}],"about":[{"href":"https:\/\/armstrongyregion.com.ar\/diario\/wp-json\/wp\/v2\/types\/post"}],"author":[{"embeddable":true,"href":"https:\/\/armstrongyregion.com.ar\/diario\/wp-json\/wp\/v2\/users\/1"}],"replies":[{"embeddable":true,"href":"https:\/\/armstrongyregion.com.ar\/diario\/wp-json\/wp\/v2\/comments?post=44219"}],"version-history":[{"count":1,"href":"https:\/\/armstrongyregion.com.ar\/diario\/wp-json\/wp\/v2\/posts\/44219\/revisions"}],"predecessor-version":[{"id":44221,"href":"https:\/\/armstrongyregion.com.ar\/diario\/wp-json\/wp\/v2\/posts\/44219\/revisions\/44221"}],"wp:featuredmedia":[{"embeddable":true,"href":"https:\/\/armstrongyregion.com.ar\/diario\/wp-json\/wp\/v2\/media\/44220"}],"wp:attachment":[{"href":"https:\/\/armstrongyregion.com.ar\/diario\/wp-json\/wp\/v2\/media?parent=44219"}],"wp:term":[{"taxonomy":"category","embeddable":true,"href":"https:\/\/armstrongyregion.com.ar\/diario\/wp-json\/wp\/v2\/categories?post=44219"},{"taxonomy":"post_tag","embeddable":true,"href":"https:\/\/armstrongyregion.com.ar\/diario\/wp-json\/wp\/v2\/tags?post=44219"}],"curies":[{"name":"wp","href":"https:\/\/api.w.org\/{rel}","templated":true}]}}