{"id":44208,"date":"2024-10-02T02:21:26","date_gmt":"2024-10-02T02:21:26","guid":{"rendered":"https:\/\/armstrongyregion.com.ar\/diario\/?p=44208"},"modified":"2024-10-10T04:48:16","modified_gmt":"2024-10-10T04:48:16","slug":"guillermo-luzzi-asumio-formalmente-como-intendente-de-armstrong","status":"publish","type":"post","link":"https:\/\/armstrongyregion.com.ar\/diario\/guillermo-luzzi-asumio-formalmente-como-intendente-de-armstrong\/","title":{"rendered":"Guillermo Luzzi asumi\u00f3 formalmente como intendente de Armstrong."},"content":{"rendered":"\n<figure class=\"wp-block-image size-full\"><a href=\"http:\/\/armstrongyregion.com.ar\/diario\/wp-content\/uploads\/2024\/10\/jura-intendente-1-.jpg\"><img loading=\"lazy\" decoding=\"async\" width=\"817\" height=\"655\" src=\"http:\/\/armstrongyregion.com.ar\/diario\/wp-content\/uploads\/2024\/10\/jura-intendente-1-.jpg\" alt=\"\" class=\"wp-image-44209\" srcset=\"https:\/\/armstrongyregion.com.ar\/diario\/wp-content\/uploads\/2024\/10\/jura-intendente-1-.jpg 817w, https:\/\/armstrongyregion.com.ar\/diario\/wp-content\/uploads\/2024\/10\/jura-intendente-1--300x241.jpg 300w, https:\/\/armstrongyregion.com.ar\/diario\/wp-content\/uploads\/2024\/10\/jura-intendente-1--768x616.jpg 768w\" sizes=\"auto, (max-width: 817px) 100vw, 817px\" \/><\/a><\/figure>\n\n\n\n<p>En la tarde de este martes el Ing. Guillermo Luzzi asumi\u00f3 formalmente como intendente municipal de la ciudad de Armstrong, en un emotivo acto protocolar que se desarroll\u00f3 en el Sal\u00f3n Delmo Dar\u00f3 colmado de p\u00fablico.<\/p>\n\n\n\n<figure class=\"wp-block-image size-full\"><a href=\"http:\/\/armstrongyregion.com.ar\/diario\/wp-content\/uploads\/2024\/10\/jura-intendente-4.jpg\"><img loading=\"lazy\" decoding=\"async\" width=\"714\" height=\"536\" src=\"http:\/\/armstrongyregion.com.ar\/diario\/wp-content\/uploads\/2024\/10\/jura-intendente-4.jpg\" alt=\"\" class=\"wp-image-44210\" srcset=\"https:\/\/armstrongyregion.com.ar\/diario\/wp-content\/uploads\/2024\/10\/jura-intendente-4.jpg 714w, https:\/\/armstrongyregion.com.ar\/diario\/wp-content\/uploads\/2024\/10\/jura-intendente-4-300x225.jpg 300w\" sizes=\"auto, (max-width: 714px) 100vw, 714px\" \/><\/a><\/figure>\n\n\n\n<p>El tradicional y emblem\u00e1tico espacio municipal fue sede de la sesi\u00f3n del Concejo Deliberante convocada especialmente para la asunci\u00f3n de Luzzi como jefe comunal.<\/p>\n\n\n\n<figure class=\"wp-block-image size-full\"><a href=\"http:\/\/armstrongyregion.com.ar\/diario\/wp-content\/uploads\/2024\/10\/juraintendente-2-.jpg\"><img loading=\"lazy\" decoding=\"async\" width=\"714\" height=\"536\" src=\"http:\/\/armstrongyregion.com.ar\/diario\/wp-content\/uploads\/2024\/10\/juraintendente-2-.jpg\" alt=\"\" class=\"wp-image-44211\" srcset=\"https:\/\/armstrongyregion.com.ar\/diario\/wp-content\/uploads\/2024\/10\/juraintendente-2-.jpg 714w, https:\/\/armstrongyregion.com.ar\/diario\/wp-content\/uploads\/2024\/10\/juraintendente-2--300x225.jpg 300w\" sizes=\"auto, (max-width: 714px) 100vw, 714px\" \/><\/a><\/figure>\n\n\n\n<p>El sucesor del ex intendente Pablo Verdecchia, quien es el actual senador, gan\u00f3 las elecciones el pasado 13 de agosto por un 60% con voto popular y culminar\u00e1 dicho mandato en diciembre del 2025.<\/p>\n\n\n\n<p>De la sesi\u00f3n extraordinaria del Concejo Deliberante participaron los ediles de todos los bloques, Emiliano Gramigna, Jes\u00fas Urqu\u00eda, Luz Marina Fischer, Noelia Garc\u00eda y Carla Revigliono, encabezados por el presidente del cuerpo, Prof. Alejandro Pertusati.<\/p>\n\n\n\n<figure class=\"wp-block-image size-full\"><a href=\"http:\/\/armstrongyregion.com.ar\/diario\/wp-content\/uploads\/2024\/10\/jura-intendente-5-.jpg\"><img loading=\"lazy\" decoding=\"async\" width=\"539\" height=\"431\" src=\"http:\/\/armstrongyregion.com.ar\/diario\/wp-content\/uploads\/2024\/10\/jura-intendente-5-.jpg\" alt=\"\" class=\"wp-image-44213\" srcset=\"https:\/\/armstrongyregion.com.ar\/diario\/wp-content\/uploads\/2024\/10\/jura-intendente-5-.jpg 539w, https:\/\/armstrongyregion.com.ar\/diario\/wp-content\/uploads\/2024\/10\/jura-intendente-5--300x240.jpg 300w\" sizes=\"auto, (max-width: 539px) 100vw, 539px\" \/><\/a><\/figure>\n\n\n\n<p>Tambi\u00e9n estuvieron presentes el senador del Dto. Belgrano Dr. Pablo Verdecchia, el intendente de Ca\u00f1ada de G\u00f3mez Mat\u00edas Chale, funcionarios y ex funcionarios de la ciudad, representantes de Fuerzas de Seguridad, instituciones educativas, entidades locales y p\u00fablico en general.<\/p>\n\n\n\n<figure class=\"wp-block-image size-full\"><a href=\"http:\/\/armstrongyregion.com.ar\/diario\/wp-content\/uploads\/2024\/10\/jura-intendente-6.jpg\"><img loading=\"lazy\" decoding=\"async\" width=\"504\" height=\"378\" src=\"http:\/\/armstrongyregion.com.ar\/diario\/wp-content\/uploads\/2024\/10\/jura-intendente-6.jpg\" alt=\"\" class=\"wp-image-44214\" srcset=\"https:\/\/armstrongyregion.com.ar\/diario\/wp-content\/uploads\/2024\/10\/jura-intendente-6.jpg 504w, https:\/\/armstrongyregion.com.ar\/diario\/wp-content\/uploads\/2024\/10\/jura-intendente-6-300x225.jpg 300w\" sizes=\"auto, (max-width: 504px) 100vw, 504px\" \/><\/a><\/figure>\n\n\n\n<p>El orden del d\u00eda se inici\u00f3 con el correspondiente izamiento de la bandera nacional, que recay\u00f3 en manos del concejal Jes\u00fas Urqu\u00eda y la bandera de la provincia por la concejal Luz Marina Fischer, lo que sirvi\u00f3 de antesala a la convocatoria de Luzzi para que se acerque al estrado a jurar como autoridad m\u00e1xima de Armstrong. Luego se procedi\u00f3 a entonar las estrofas del Himno Nacional Argentino.<\/p>\n\n\n\n<figure class=\"wp-block-image size-full\"><a href=\"http:\/\/armstrongyregion.com.ar\/diario\/wp-content\/uploads\/2024\/10\/jura-luzzi-7.jpg\"><img loading=\"lazy\" decoding=\"async\" width=\"757\" height=\"710\" src=\"http:\/\/armstrongyregion.com.ar\/diario\/wp-content\/uploads\/2024\/10\/jura-luzzi-7.jpg\" alt=\"\" class=\"wp-image-44215\" srcset=\"https:\/\/armstrongyregion.com.ar\/diario\/wp-content\/uploads\/2024\/10\/jura-luzzi-7.jpg 757w, https:\/\/armstrongyregion.com.ar\/diario\/wp-content\/uploads\/2024\/10\/jura-luzzi-7-300x281.jpg 300w\" sizes=\"auto, (max-width: 757px) 100vw, 757px\" \/><\/a><\/figure>\n\n\n\n<p>Posteriormente, el presidente del Concejo Deliberante, Alejandro Pertusati, fue el encargado de tomar juramento a Guillermo Luzzi como intendente de la ciudad.<\/p>\n\n\n\n<p>El flamante jefe comunal en su intervenci\u00f3n agradeci\u00f3 a los \u201clos vecinos y vecinas que depositaron su confianza\u201d, a su familia, esposa e hijas, a sus padres y hermanos, a sus amigos, y a su equipo de trabajo.<\/p>\n\n\n\n<p>\u201cTrabajaremos con la misma responsabilidad y compromiso con que lo hicimos hasta ahora, venimos a continuar con lo que creemos que se hizo bien y a mejorar todo lo que se pueda mejorar\u201d. Subray\u00f3 Luzzi.<\/p>\n\n\n\n<p>Por \u00faltimo, enfatiz\u00f3: \u201cSin dudas tenemos un enorme desaf\u00edo, no ser\u00e1 f\u00e1cil, pero confiamos en nuestra capacidad de trabajo, en nuestra capacidad de transformaci\u00f3n, en nuestra vocaci\u00f3n de servicio. Vinimos a trabajar en equipo, en conjunto con las instituciones, con el sector p\u00fablico y privado y a ponernos a disposici\u00f3n de los vecinos, no tengo dudas de que vamos a trabajar por y para los ciudadanos de Armstrong\u201d.<\/p>\n\n\n\n<p>Fuente: Lic. Graciela De la Casa.<\/p>\n","protected":false},"excerpt":{"rendered":"<p>Guillermo Luzzi asumi\u00f3 formalmente como intendente de Armstrong.<\/p>\n","protected":false},"author":1,"featured_media":44209,"comment_status":"open","ping_status":"open","sticky":false,"template":"","format":"image","meta":{"_jetpack_memberships_contains_paid_content":false,"footnotes":"","jetpack_publicize_message":"","jetpack_publicize_feature_enabled":true,"jetpack_social_post_already_shared":true,"jetpack_social_options":{"image_generator_settings":{"template":"highway","default_image_id":0,"enabled":false},"version":2}},"categories":[8,1,2,7,3],"tags":[9188,20,50,572,19,10721,11079,10050,8777],"class_list":["post-44208","post","type-post","status-publish","format-image","has-post-thumbnail","hentry","category-deliberando","category-diario-armstrong","category-locales","category-politica","category-region","tag-ar","tag-armstrong","tag-asumio","tag-como","tag-de","tag-diario-armstrong-region","tag-formalmente","tag-guillermo-luzzi","tag-lic-graciela-de-la-casa","post_format-post-format-image"],"jetpack_publicize_connections":[],"jetpack_featured_media_url":"https:\/\/armstrongyregion.com.ar\/diario\/wp-content\/uploads\/2024\/10\/jura-intendente-1-.jpg","jetpack_shortlink":"https:\/\/wp.me\/p62QDO-bv2","jetpack_sharing_enabled":true,"amp_enabled":true,"_links":{"self":[{"href":"https:\/\/armstrongyregion.com.ar\/diario\/wp-json\/wp\/v2\/posts\/44208","targetHints":{"allow":["GET"]}}],"collection":[{"href":"https:\/\/armstrongyregion.com.ar\/diario\/wp-json\/wp\/v2\/posts"}],"about":[{"href":"https:\/\/armstrongyregion.com.ar\/diario\/wp-json\/wp\/v2\/types\/post"}],"author":[{"embeddable":true,"href":"https:\/\/armstrongyregion.com.ar\/diario\/wp-json\/wp\/v2\/users\/1"}],"replies":[{"embeddable":true,"href":"https:\/\/armstrongyregion.com.ar\/diario\/wp-json\/wp\/v2\/comments?post=44208"}],"version-history":[{"count":2,"href":"https:\/\/armstrongyregion.com.ar\/diario\/wp-json\/wp\/v2\/posts\/44208\/revisions"}],"predecessor-version":[{"id":44304,"href":"https:\/\/armstrongyregion.com.ar\/diario\/wp-json\/wp\/v2\/posts\/44208\/revisions\/44304"}],"wp:featuredmedia":[{"embeddable":true,"href":"https:\/\/armstrongyregion.com.ar\/diario\/wp-json\/wp\/v2\/media\/44209"}],"wp:attachment":[{"href":"https:\/\/armstrongyregion.com.ar\/diario\/wp-json\/wp\/v2\/media?parent=44208"}],"wp:term":[{"taxonomy":"category","embeddable":true,"href":"https:\/\/armstrongyregion.com.ar\/diario\/wp-json\/wp\/v2\/categories?post=44208"},{"taxonomy":"post_tag","embeddable":true,"href":"https:\/\/armstrongyregion.com.ar\/diario\/wp-json\/wp\/v2\/tags?post=44208"}],"curies":[{"name":"wp","href":"https:\/\/api.w.org\/{rel}","templated":true}]}}