{"id":4420,"date":"2015-10-06T20:36:55","date_gmt":"2015-10-06T20:36:55","guid":{"rendered":"https:\/\/armstrongyregion.com.ar\/diario\/?p=4420"},"modified":"2015-10-06T20:37:48","modified_gmt":"2015-10-06T20:37:48","slug":"el-campo-tendra-su-dia-especial-en-la-muestra-pyme-2015","status":"publish","type":"post","link":"https:\/\/armstrongyregion.com.ar\/diario\/el-campo-tendra-su-dia-especial-en-la-muestra-pyme-2015\/","title":{"rendered":"El campo tendr\u00e1 su d\u00eda especial en la MUESTRA PYME 2015."},"content":{"rendered":"<p><a href=\"http:\/\/armstrongyregion.com.ar\/diario\/wp-content\/uploads\/2015\/10\/campo.jpg\"><img loading=\"lazy\" decoding=\"async\" class=\"alignnone size-medium wp-image-4421\" src=\"http:\/\/armstrongyregion.com.ar\/diario\/wp-content\/uploads\/2015\/10\/campo-300x174.jpg\" alt=\"campo\" width=\"300\" height=\"174\" srcset=\"https:\/\/armstrongyregion.com.ar\/diario\/wp-content\/uploads\/2015\/10\/campo-300x174.jpg 300w, https:\/\/armstrongyregion.com.ar\/diario\/wp-content\/uploads\/2015\/10\/campo-1024x594.jpg 1024w, https:\/\/armstrongyregion.com.ar\/diario\/wp-content\/uploads\/2015\/10\/campo.jpg 1463w\" sizes=\"auto, (max-width: 300px) 100vw, 300px\" \/><\/a>La Federaci\u00f3n Agraria Argentina &#8211; FAA, el INTA, el Ministerio de Agricultura y el RENATEA, estar\u00e1n presentes en la\u00a0 Muestra Nacional de la Pyme Agroindustrial Las Parejas 2015, con propuestas, financiamiento,\u00a0 stands y actividades destinados a Industrializar la Ruralidad Agraria. En el acto de Apertura de la Muestra, adem\u00e1s de la presencia del Presidente de la FAA, Omar Pr\u00edncipe y el Ministro de Agricultura, Carlos Casamiquela, tambi\u00e9n estar\u00e1n referentes territoriales del pa\u00eds de FAA,\u00a0 RENATEA y del Instituto Nacional de Tecnolog\u00eda Agropecuaria.\u00a0El INTA, a trav\u00e9s de sus t\u00e9cnicos, adem\u00e1s brindar\u00e1 la conferencia de bienvenida a los operadores internacionales, coment\u00e1ndole la Mecanizaci\u00f3n Agr\u00edcola en Argentina y el\u00a0 S\u00e1bado 10 de OCTUBRE , en el AUDITORIO DE CONFERENCIAS de la Muestra, a las 11 hs, productores, contratistas, ingenieros y t\u00e9cnicos agr\u00f3nomos, empresarios metalmec\u00e1nicos y p\u00fablico en general, podr\u00e1n asistir a un SEMINARIO NACIONAL sobre Cambio Clim\u00e1tico y Suelos Anegados, organizado por la Municipalidad de Las Parejas, FFA e INTA. Posteriormente a las 14.30 hs podr\u00e1n disfrutar tambi\u00e9n de una din\u00e1mica a campo de m\u00e1s de 30 m\u00e1quinas, en muestreo de suelos, siembra, pulverizaci\u00f3n (autopropulsadas y de arrastre), molienda, procesamiento integral de alimentos balanceados, manejo de forrajes y a un sistema de embolsado de granos y un sistema de picado de forraje.<\/p>\n","protected":false},"excerpt":{"rendered":"<p>La Federaci\u00f3n Agraria Argentina &#8211; FAA, el INTA, el Ministerio de Agricultura y el RENATEA, estar\u00e1n presentes en la\u00a0 Muestra Nacional de la Pyme Agroindustrial Las Parejas 2015, con propuestas, financiamiento,\u00a0 stands y actividades destinados a Industrializar la Ruralidad Agraria. En el acto de Apertura de la Muestra, adem\u00e1s de la presencia del Presidente de <a href=\"https:\/\/armstrongyregion.com.ar\/diario\/el-campo-tendra-su-dia-especial-en-la-muestra-pyme-2015\/\" title=\"Read more\" >&#8230;<\/a><\/p>\n","protected":false},"author":2,"featured_media":4421,"comment_status":"open","ping_status":"open","sticky":false,"template":"","format":"standard","meta":{"_jetpack_memberships_contains_paid_content":false,"footnotes":"","jetpack_publicize_message":"","jetpack_publicize_feature_enabled":true,"jetpack_social_post_already_shared":false,"jetpack_social_options":{"image_generator_settings":{"template":"highway","default_image_id":0,"enabled":false},"version":2}},"categories":[9,1,2819,2,3],"tags":[2901,1924,1887,2899,2900,1358,556,2588,552,2902],"class_list":["post-4420","post","type-post","status-publish","format-standard","has-post-thumbnail","hentry","category-contacto","category-diario-armstrong","category-el-pais","category-locales","category-region","tag-cambio-climatico","tag-campo","tag-conferencia","tag-dinamica","tag-industria-agrometalurgica","tag-muestra","tag-presente","tag-pymes","tag-rural","tag-suelos-anegados"],"jetpack_publicize_connections":[],"jetpack_featured_media_url":"https:\/\/armstrongyregion.com.ar\/diario\/wp-content\/uploads\/2015\/10\/campo.jpg","jetpack_shortlink":"https:\/\/wp.me\/p62QDO-19i","jetpack_sharing_enabled":true,"amp_enabled":true,"_links":{"self":[{"href":"https:\/\/armstrongyregion.com.ar\/diario\/wp-json\/wp\/v2\/posts\/4420","targetHints":{"allow":["GET"]}}],"collection":[{"href":"https:\/\/armstrongyregion.com.ar\/diario\/wp-json\/wp\/v2\/posts"}],"about":[{"href":"https:\/\/armstrongyregion.com.ar\/diario\/wp-json\/wp\/v2\/types\/post"}],"author":[{"embeddable":true,"href":"https:\/\/armstrongyregion.com.ar\/diario\/wp-json\/wp\/v2\/users\/2"}],"replies":[{"embeddable":true,"href":"https:\/\/armstrongyregion.com.ar\/diario\/wp-json\/wp\/v2\/comments?post=4420"}],"version-history":[{"count":0,"href":"https:\/\/armstrongyregion.com.ar\/diario\/wp-json\/wp\/v2\/posts\/4420\/revisions"}],"wp:featuredmedia":[{"embeddable":true,"href":"https:\/\/armstrongyregion.com.ar\/diario\/wp-json\/wp\/v2\/media\/4421"}],"wp:attachment":[{"href":"https:\/\/armstrongyregion.com.ar\/diario\/wp-json\/wp\/v2\/media?parent=4420"}],"wp:term":[{"taxonomy":"category","embeddable":true,"href":"https:\/\/armstrongyregion.com.ar\/diario\/wp-json\/wp\/v2\/categories?post=4420"},{"taxonomy":"post_tag","embeddable":true,"href":"https:\/\/armstrongyregion.com.ar\/diario\/wp-json\/wp\/v2\/tags?post=4420"}],"curies":[{"name":"wp","href":"https:\/\/api.w.org\/{rel}","templated":true}]}}