{"id":44197,"date":"2024-10-01T17:26:18","date_gmt":"2024-10-01T17:26:18","guid":{"rendered":"https:\/\/armstrongyregion.com.ar\/diario\/?p=44197"},"modified":"2024-10-01T17:26:20","modified_gmt":"2024-10-01T17:26:20","slug":"cococcioni-a-lo-largo-y-a-ancho-de-la-provincia-estamos-reforzando-con-moviles-para-patrullaje","status":"publish","type":"post","link":"https:\/\/armstrongyregion.com.ar\/diario\/cococcioni-a-lo-largo-y-a-ancho-de-la-provincia-estamos-reforzando-con-moviles-para-patrullaje\/","title":{"rendered":"Cococcioni: \u201cA lo largo y a ancho de la provincia estamos reforzando con m\u00f3viles para patrullaje\u201d"},"content":{"rendered":"\n<figure class=\"wp-block-image size-full\"><a href=\"http:\/\/armstrongyregion.com.ar\/diario\/wp-content\/uploads\/2024\/10\/MEYER-CH-1-.jpg\"><img loading=\"lazy\" decoding=\"async\" width=\"400\" height=\"267\" src=\"http:\/\/armstrongyregion.com.ar\/diario\/wp-content\/uploads\/2024\/10\/MEYER-CH-1-.jpg\" alt=\"\" class=\"wp-image-44198\" srcset=\"https:\/\/armstrongyregion.com.ar\/diario\/wp-content\/uploads\/2024\/10\/MEYER-CH-1-.jpg 400w, https:\/\/armstrongyregion.com.ar\/diario\/wp-content\/uploads\/2024\/10\/MEYER-CH-1--300x200.jpg 300w\" sizes=\"auto, (max-width: 400px) 100vw, 400px\" \/><\/a><\/figure>\n\n\n\n<h2 class=\"wp-block-heading\">En Las Rosas, el ministro de Justicia y Seguridad encabez\u00f3 la entrega de 4 autos y 6 motos para la Polic\u00eda del departamento Belgrano. Adem\u00e1s, se firmaron convenios del programa V\u00ednculos por un total de $ 17,6 millones.<\/h2>\n\n\n\n<figure class=\"wp-block-image size-full\"><a href=\"http:\/\/armstrongyregion.com.ar\/diario\/wp-content\/uploads\/2024\/10\/MEYER-CH2-.jpg\"><img loading=\"lazy\" decoding=\"async\" width=\"400\" height=\"267\" src=\"http:\/\/armstrongyregion.com.ar\/diario\/wp-content\/uploads\/2024\/10\/MEYER-CH2-.jpg\" alt=\"\" class=\"wp-image-44199\" srcset=\"https:\/\/armstrongyregion.com.ar\/diario\/wp-content\/uploads\/2024\/10\/MEYER-CH2-.jpg 400w, https:\/\/armstrongyregion.com.ar\/diario\/wp-content\/uploads\/2024\/10\/MEYER-CH2--300x200.jpg 300w\" sizes=\"auto, (max-width: 400px) 100vw, 400px\" \/><\/a><\/figure>\n\n\n\n<p>El Gobierno provincial, a trav\u00e9s del Ministerio de Justicia y Seguridad, contin\u00faa con la entrega de m\u00f3viles para patrullaje policial en todo el territorio santafesino, y en esta ocasi\u00f3n fue el turno de la Unidad Regional III del departamento Belgrano, donde adem\u00e1s localidades firmaron convenios para la llegada de fondos correspondientes al programa V\u00ednculos. <\/p>\n\n\n\n<figure class=\"wp-block-image size-full\"><a href=\"http:\/\/armstrongyregion.com.ar\/diario\/wp-content\/uploads\/2024\/10\/MEYER-CH-3-.jpg\"><img loading=\"lazy\" decoding=\"async\" width=\"400\" height=\"267\" src=\"http:\/\/armstrongyregion.com.ar\/diario\/wp-content\/uploads\/2024\/10\/MEYER-CH-3-.jpg\" alt=\"\" class=\"wp-image-44200\" srcset=\"https:\/\/armstrongyregion.com.ar\/diario\/wp-content\/uploads\/2024\/10\/MEYER-CH-3-.jpg 400w, https:\/\/armstrongyregion.com.ar\/diario\/wp-content\/uploads\/2024\/10\/MEYER-CH-3--300x200.jpg 300w\" sizes=\"auto, (max-width: 400px) 100vw, 400px\" \/><\/a><\/figure>\n\n\n\n<p>El acto donde se entregaron 4 autom\u00f3viles y 6 motocicletas se desarroll\u00f3 en la ciudad de Las Rosas, encabezado por el ministro Pablo Cococcioni y el intendente Javier Meyer, acompa\u00f1ados de la secretaria de Coordinaci\u00f3n T\u00e9cnica y Administraci\u00f3n Financiera del Ministerio, Georgina Orciani, el senador provincial Pablo Verdecchia, autoridades locales y representantes de instituciones. <\/p>\n\n\n\n<figure class=\"wp-block-image size-full\"><a href=\"http:\/\/armstrongyregion.com.ar\/diario\/wp-content\/uploads\/2024\/10\/MEYER-CH-4.jpg\"><img loading=\"lazy\" decoding=\"async\" width=\"400\" height=\"267\" src=\"http:\/\/armstrongyregion.com.ar\/diario\/wp-content\/uploads\/2024\/10\/MEYER-CH-4.jpg\" alt=\"\" class=\"wp-image-44201\" srcset=\"https:\/\/armstrongyregion.com.ar\/diario\/wp-content\/uploads\/2024\/10\/MEYER-CH-4.jpg 400w, https:\/\/armstrongyregion.com.ar\/diario\/wp-content\/uploads\/2024\/10\/MEYER-CH-4-300x200.jpg 300w\" sizes=\"auto, (max-width: 400px) 100vw, 400px\" \/><\/a><\/figure>\n\n\n\n<p>Durante la jornada, Cococcioni expres\u00f3: \u201cHace un a\u00f1o nos propusimos con todo el equipo del gobernador Maximiliano Pullaro recuperar la calle para los vecinos de la provincia de Santa Fe, calle de la que parec\u00eda que se hab\u00edan adue\u00f1ado los delincuentes, y para esto ten\u00edamos que empezar por darle a nuestra polic\u00eda la herramienta b\u00e1sica de su trabajo, que la log\u00edstica policial estaba pr\u00e1cticamente desmantelada.<\/p>\n\n\n\n<p> As\u00ed que iniciamos una serie de procedimientos de compra con ley de emergencia, con much\u00edsima eficiencia en la gesti\u00f3n de todo el procedimiento administrativo, en el que hasta se ahorr\u00f3 un 20 % y se reinvirti\u00f3 en m\u00e1s patrulleros, con lo cual estamos en una segunda entrega en esta ocasi\u00f3n\u201d. \u201cA lo largo y ancho de toda la provincia, en los 19 departamentos, estamos distribuyendo autos cero kil\u00f3metros, adaptados para patrulleros, y motos adaptadas para patrullaje, con lo cual estamos dando una primera respuesta a todo lo que son las necesidades de patrullaje urbano, y se encuentran en marcha m\u00e1s procedimientos para comprar lo que es pick-up, utilitarios para Polic\u00eda de Investigaciones, armamento, municiones, chalecos, elementos de protecci\u00f3n, uniformes, con lo cual, hacia fin de a\u00f1o, esperamos a principios del que viene, a m\u00e1s tardar, terminar con la primera fase del re equipamiento integral de nuestra polic\u00eda\u201d, agreg\u00f3 el ministro y remarc\u00f3: \u201cNosotros no somos el gobierno de Santa Fe y Rosario, somos el gobierno desde Gato Colorado hasta Rufino, y desde Frontera hasta el r\u00edo, hasta el Helvecia, de toda la provincia de Santa Fe\u201d. <\/p>\n\n\n\n<p>El intendente Javier Meyer agradeci\u00f3 \u201cel inter\u00e9s que est\u00e1 poniendo el gobernador en equipar a la polic\u00eda, que es un paso para terminar, o por lo menos para ir combatiendo el tema de inseguridad. Yo creo que falta mucho, pero dar el primer paso es que la polic\u00eda est\u00e9 bien equipada\u201d; y destac\u00f3 \u201cel aporte importante que se est\u00e1 haciendo, no solamente a Las Rosas, sino a todo el Departamento\u201d.<\/p>\n\n\n\n<p> Por su parte, el senador Pablo Verdecchia sostuvo que la llegada de diez nuevos m\u00f3viles para la Unidad Regional III \u201ces importante a la hora de combatir el delito\u201d, e indic\u00f3 tambi\u00e9n que existe \u201cuna necesidad progresiva de ir cada vez investigando m\u00e1s, ir trabajando m\u00e1s, de que la polic\u00eda pueda tener todas las condiciones como para poder investigar, pero tambi\u00e9n la Justicia\u201d. <\/p>\n\n\n\n<p><strong>*V\u00ednculos*<\/strong> <\/p>\n\n\n\n<p>Adem\u00e1s, a trav\u00e9s del programa V\u00ednculos, el Gobierno provincial otorg\u00f3 un total de $ 17,6 millones, distribuidos en cuatro localidades del departamento Belgrano: Armstrong y Las Rosas recibieron 5 millones cada una para respectivos proyectos de alumbrado p\u00fablico; 4,6 millones para sistema de videovigilancia en Montes de Oca; y 3 millones para iluminaci\u00f3n en el Club Atl\u00e9tico Bouquet.<\/p>\n\n\n\n<p> Al respecto, la secretaria de Coordinaci\u00f3n T\u00e9cnica y Administraci\u00f3n Financiera del Ministerio de Justicia y Seguridad, Georgina Orciani, manifest\u00f3 que \u201chemos retomado en una segunda vuelta en el departamento de Belgrano una pol\u00edtica p\u00fablica que entendemos indispensable en el dise\u00f1o del Programa Integral de Seguridad P\u00fablica y es el trabajo coordinado y sistematizado con los gobiernos locales, as\u00ed que en esta oportunidad hemos firmado convenios con distintas municipalidades e instituciones del departamento. Entendemos muy importante este trabajo, sintonizado con los gobiernos locales\u201d.<\/p>\n","protected":false},"excerpt":{"rendered":"<p>Cococcioni: \u201cA lo largo y a ancho de la provincia estamos reforzando con m\u00f3viles para patrullaje\u201d<\/p>\n","protected":false},"author":1,"featured_media":44198,"comment_status":"open","ping_status":"open","sticky":false,"template":"","format":"image","meta":{"_jetpack_memberships_contains_paid_content":false,"footnotes":"","jetpack_publicize_message":"","jetpack_publicize_feature_enabled":true,"jetpack_social_post_already_shared":true,"jetpack_social_options":{"image_generator_settings":{"template":"highway","default_image_id":0,"enabled":false},"version":2}},"categories":[8,1,2,7,3],"tags":[],"class_list":["post-44197","post","type-post","status-publish","format-image","has-post-thumbnail","hentry","category-deliberando","category-diario-armstrong","category-locales","category-politica","category-region","post_format-post-format-image"],"jetpack_publicize_connections":[],"jetpack_featured_media_url":"https:\/\/armstrongyregion.com.ar\/diario\/wp-content\/uploads\/2024\/10\/MEYER-CH-1-.jpg","jetpack_shortlink":"https:\/\/wp.me\/p62QDO-buR","jetpack_sharing_enabled":true,"amp_enabled":true,"_links":{"self":[{"href":"https:\/\/armstrongyregion.com.ar\/diario\/wp-json\/wp\/v2\/posts\/44197","targetHints":{"allow":["GET"]}}],"collection":[{"href":"https:\/\/armstrongyregion.com.ar\/diario\/wp-json\/wp\/v2\/posts"}],"about":[{"href":"https:\/\/armstrongyregion.com.ar\/diario\/wp-json\/wp\/v2\/types\/post"}],"author":[{"embeddable":true,"href":"https:\/\/armstrongyregion.com.ar\/diario\/wp-json\/wp\/v2\/users\/1"}],"replies":[{"embeddable":true,"href":"https:\/\/armstrongyregion.com.ar\/diario\/wp-json\/wp\/v2\/comments?post=44197"}],"version-history":[{"count":1,"href":"https:\/\/armstrongyregion.com.ar\/diario\/wp-json\/wp\/v2\/posts\/44197\/revisions"}],"predecessor-version":[{"id":44202,"href":"https:\/\/armstrongyregion.com.ar\/diario\/wp-json\/wp\/v2\/posts\/44197\/revisions\/44202"}],"wp:featuredmedia":[{"embeddable":true,"href":"https:\/\/armstrongyregion.com.ar\/diario\/wp-json\/wp\/v2\/media\/44198"}],"wp:attachment":[{"href":"https:\/\/armstrongyregion.com.ar\/diario\/wp-json\/wp\/v2\/media?parent=44197"}],"wp:term":[{"taxonomy":"category","embeddable":true,"href":"https:\/\/armstrongyregion.com.ar\/diario\/wp-json\/wp\/v2\/categories?post=44197"},{"taxonomy":"post_tag","embeddable":true,"href":"https:\/\/armstrongyregion.com.ar\/diario\/wp-json\/wp\/v2\/tags?post=44197"}],"curies":[{"name":"wp","href":"https:\/\/api.w.org\/{rel}","templated":true}]}}